{"id":1092,"date":"2024-11-15T07:39:05","date_gmt":"2024-11-15T07:39:05","guid":{"rendered":"https:\/\/sekmesreceptas.lt\/index.php\/2024\/11\/15\/inirsis-kaip-liudnai-pagarsejes-amandos-knox-ir-jos-meiluzio-raffaele-sollecito-bucinys-buvo-atkurtas-televizijos-dramai\/"},"modified":"2024-11-15T07:39:05","modified_gmt":"2024-11-15T07:39:05","slug":"inirsis-kaip-liudnai-pagarsejes-amandos-knox-ir-jos-meiluzio-raffaele-sollecito-bucinys-buvo-atkurtas-televizijos-dramai","status":"publish","type":"post","link":"https:\/\/sekmesreceptas.lt\/index.php\/2024\/11\/15\/inirsis-kaip-liudnai-pagarsejes-amandos-knox-ir-jos-meiluzio-raffaele-sollecito-bucinys-buvo-atkurtas-televizijos-dramai\/","title":{"rendered":"\u012enir\u0161is kaip li\u016bdnai pagars\u0117j\u0119s Amandos Knox ir jos meilu\u017eio Raffaele Sollecito bu\u010dinys buvo atkurtas televizijos dramai"},"content":{"rendered":"<p> <br \/>\n<\/p>\n<div>\n<p>\u017dymusis bu\u010dinys tarp \u017emog\u017eudyste kaltinamos Amandos Knox ir Raffaele Sollecito buvo atkurtas naujai televizijos dramai, sukelian\u010diai vietini\u0173 gyventoj\u0173 pykt\u012f.<\/p>\n<p>Pora buvo pavaizduota aistringoje klini\u0161koje keliomis dienomis po to, kai 2007 m. lapkrit\u012f peiliu buvo nu\u017eudyta j\u0173 draug\u0117 brit\u0117 Meredith Kercher (21 m.).<\/p>\n<figure class=\"article__media\">\n<div class=\"article__media-img-container open-gallery\" data-index=\"1\"><\/p>\n<p><span class=\"article__gallery-count-value\">5<\/span><\/p>\n<\/div><figcaption class=\"article__media-caption\"><span class=\"article__media-span\">Li\u016bdnai pagars\u0117j\u0119s bu\u010dinys tarp \u017emog\u017eudyst\u0117s buvo apkaltintas Amanda Knox ir Raffaele Sollecito<\/span><span class=\"article__credit\">Kreditas: 4 kanalas<\/span><\/figcaption><\/figure>\n<figure class=\"article__media\">\n<div class=\"article__media-img-container open-gallery\" data-index=\"2\"><img decoding=\"async\" alt=\"Bu\u010dinys buvo atkurtas naujai televizijos dramai, kuri suk\u0117l\u0117 vietini\u0173 gyventoj\u0173 pykt\u012f\" height=\"640\" width=\"960\" data-credit=\"BackGrid\" src=\"https:\/\/www.thesun.co.uk\/wp-content\/uploads\/2024\/11\/set-blue-moon-scene-photos-949105292.jpg?strip=all&amp;w=960\" sizes=\"auto, (max-width: 375px) 335px, (max-width: 520px) 480px, 620px\" srcset=\"https:\/\/www.thesun.co.uk\/wp-content\/uploads\/2024\/11\/set-blue-moon-scene-photos-949105292.jpg?w=335 335w, https:\/\/www.thesun.co.uk\/wp-content\/uploads\/2024\/11\/set-blue-moon-scene-photos-949105292.jpg?w=480 480w, https:\/\/www.thesun.co.uk\/wp-content\/uploads\/2024\/11\/set-blue-moon-scene-photos-949105292.jpg?w=620 620w, https:\/\/www.thesun.co.uk\/wp-content\/uploads\/2024\/11\/set-blue-moon-scene-photos-949105292.jpg?w=670 670w, https:\/\/www.thesun.co.uk\/wp-content\/uploads\/2024\/11\/set-blue-moon-scene-photos-949105292.jpg?w=960 960w, https:\/\/www.thesun.co.uk\/wp-content\/uploads\/2024\/11\/set-blue-moon-scene-photos-949105292.jpg?w=1240 1240w, https:\/\/www.thesun.co.uk\/wp-content\/uploads\/2024\/11\/set-blue-moon-scene-photos-949105292.jpg?w=1005 1005w, https:\/\/www.thesun.co.uk\/wp-content\/uploads\/2024\/11\/set-blue-moon-scene-photos-949105292.jpg?w=1440 1440w, https:\/\/www.thesun.co.uk\/wp-content\/uploads\/2024\/11\/set-blue-moon-scene-photos-949105292.jpg?w=1860 1860w, https:\/\/www.thesun.co.uk\/wp-content\/uploads\/2024\/11\/set-blue-moon-scene-photos-949105292.jpg?w=1340 1340w, https:\/\/www.thesun.co.uk\/wp-content\/uploads\/2024\/11\/set-blue-moon-scene-photos-949105292.jpg?w=1920 1920w, https:\/\/www.thesun.co.uk\/wp-content\/uploads\/2024\/11\/set-blue-moon-scene-photos-949105292.jpg?w=2480 2480w\" loading=\"lazy\" role=\"img\"\/><\/p>\n<p><span class=\"article__gallery-count-value\">5<\/span><\/p>\n<\/div><figcaption class=\"article__media-caption\"><span class=\"article__media-span\">Bu\u010dinys buvo atkurtas naujai televizijos dramai, kuri suk\u0117l\u0117 vietini\u0173 gyventoj\u0173 pykt\u012f<\/span><span class=\"article__credit\">Kreditas: BackGrid<\/span><\/figcaption><\/figure>\n<figure class=\"article__media\">\n<div class=\"article__media-img-container open-gallery\" data-index=\"3\"><img decoding=\"async\" alt=\"Tikroji Amanda Knox teismo pos\u0117dyje 2009 m\" height=\"960\" width=\"524\" data-credit=\"AP:Associated Press\" src=\"https:\/\/www.thesun.co.uk\/wp-content\/uploads\/2024\/11\/4d40f9c2-40b0-4e69-85b7-b2ce3b6caa33.jpg?strip=all&amp;w=524\" sizes=\"auto, (max-width: 375px) 335px, (max-width: 520px) 480px, 620px\" srcset=\"https:\/\/www.thesun.co.uk\/wp-content\/uploads\/2024\/11\/4d40f9c2-40b0-4e69-85b7-b2ce3b6caa33.jpg?w=335 335w, https:\/\/www.thesun.co.uk\/wp-content\/uploads\/2024\/11\/4d40f9c2-40b0-4e69-85b7-b2ce3b6caa33.jpg?w=480 480w, https:\/\/www.thesun.co.uk\/wp-content\/uploads\/2024\/11\/4d40f9c2-40b0-4e69-85b7-b2ce3b6caa33.jpg?w=620 620w, https:\/\/www.thesun.co.uk\/wp-content\/uploads\/2024\/11\/4d40f9c2-40b0-4e69-85b7-b2ce3b6caa33.jpg?w=670 670w, https:\/\/www.thesun.co.uk\/wp-content\/uploads\/2024\/11\/4d40f9c2-40b0-4e69-85b7-b2ce3b6caa33.jpg?w=960 960w, https:\/\/www.thesun.co.uk\/wp-content\/uploads\/2024\/11\/4d40f9c2-40b0-4e69-85b7-b2ce3b6caa33.jpg?w=1240 1240w, https:\/\/www.thesun.co.uk\/wp-content\/uploads\/2024\/11\/4d40f9c2-40b0-4e69-85b7-b2ce3b6caa33.jpg?w=1005 1005w, https:\/\/www.thesun.co.uk\/wp-content\/uploads\/2024\/11\/4d40f9c2-40b0-4e69-85b7-b2ce3b6caa33.jpg?w=1440 1440w, https:\/\/www.thesun.co.uk\/wp-content\/uploads\/2024\/11\/4d40f9c2-40b0-4e69-85b7-b2ce3b6caa33.jpg?w=1860 1860w, https:\/\/www.thesun.co.uk\/wp-content\/uploads\/2024\/11\/4d40f9c2-40b0-4e69-85b7-b2ce3b6caa33.jpg?w=1340 1340w, https:\/\/www.thesun.co.uk\/wp-content\/uploads\/2024\/11\/4d40f9c2-40b0-4e69-85b7-b2ce3b6caa33.jpg?w=1920 1920w, https:\/\/www.thesun.co.uk\/wp-content\/uploads\/2024\/11\/4d40f9c2-40b0-4e69-85b7-b2ce3b6caa33.jpg?w=2480 2480w\" loading=\"lazy\" role=\"img\"\/><\/p>\n<p><span class=\"article__gallery-count-value\">5<\/span><\/p>\n<\/div><figcaption class=\"article__media-caption\"><span class=\"article__media-span\">Tikroji Amanda Knox teismo pos\u0117dyje 2009 m<\/span><span class=\"article__credit\">Kreditas: AP: Associated Press<\/span><\/figcaption><\/figure>\n<figure class=\"article__media\">\n<div class=\"article__media-img-container open-gallery\" data-index=\"4\"><img decoding=\"async\" alt=\"Grace Van Patten filmavimo aik\u0161tel\u0117je \u201eBlue Moon\u201c.\" height=\"960\" width=\"653\" data-credit=\"BackGrid\" src=\"https:\/\/www.thesun.co.uk\/wp-content\/uploads\/2024\/11\/set-blue-moon-scene-photos-949105190.jpg?strip=all&amp;w=653\" sizes=\"auto, (max-width: 375px) 335px, (max-width: 520px) 480px, 620px\" srcset=\"https:\/\/www.thesun.co.uk\/wp-content\/uploads\/2024\/11\/set-blue-moon-scene-photos-949105190.jpg?w=335 335w, https:\/\/www.thesun.co.uk\/wp-content\/uploads\/2024\/11\/set-blue-moon-scene-photos-949105190.jpg?w=480 480w, https:\/\/www.thesun.co.uk\/wp-content\/uploads\/2024\/11\/set-blue-moon-scene-photos-949105190.jpg?w=620 620w, https:\/\/www.thesun.co.uk\/wp-content\/uploads\/2024\/11\/set-blue-moon-scene-photos-949105190.jpg?w=670 670w, https:\/\/www.thesun.co.uk\/wp-content\/uploads\/2024\/11\/set-blue-moon-scene-photos-949105190.jpg?w=960 960w, https:\/\/www.thesun.co.uk\/wp-content\/uploads\/2024\/11\/set-blue-moon-scene-photos-949105190.jpg?w=1240 1240w, https:\/\/www.thesun.co.uk\/wp-content\/uploads\/2024\/11\/set-blue-moon-scene-photos-949105190.jpg?w=1005 1005w, https:\/\/www.thesun.co.uk\/wp-content\/uploads\/2024\/11\/set-blue-moon-scene-photos-949105190.jpg?w=1440 1440w, https:\/\/www.thesun.co.uk\/wp-content\/uploads\/2024\/11\/set-blue-moon-scene-photos-949105190.jpg?w=1860 1860w, https:\/\/www.thesun.co.uk\/wp-content\/uploads\/2024\/11\/set-blue-moon-scene-photos-949105190.jpg?w=1340 1340w, https:\/\/www.thesun.co.uk\/wp-content\/uploads\/2024\/11\/set-blue-moon-scene-photos-949105190.jpg?w=1920 1920w, https:\/\/www.thesun.co.uk\/wp-content\/uploads\/2024\/11\/set-blue-moon-scene-photos-949105190.jpg?w=2480 2480w\" loading=\"lazy\" role=\"img\"\/><\/p>\n<p><span class=\"article__gallery-count-value\">5<\/span><\/p>\n<\/div><figcaption class=\"article__media-caption\"><span class=\"article__media-span\">Grace Van Patten filmavimo aik\u0161tel\u0117je \u201eBlue Moon\u201c.<\/span><span class=\"article__credit\">Kreditas: BackGrid<\/span><\/figcaption><\/figure>\n<p>Bu\u010dinys, \u012fvyk\u0119s policininkams ap\u017ei\u016brint nam\u0105, kuriame Meredith mir\u0117 Perud\u017eoje, Italijoje, paskatino teiginius, kad tuomet 20 met\u0173 JAV student\u0117 Knox buvo gr\u0117sminga gundytoja.<\/p>\n<p>V\u0117liau ji ir italas Sollecito buvo \u012fkalintos u\u017e \u017emog\u017eudyst\u0119, i\u0161teisintos ir v\u0117l nuteistos, kol galiausiai buvo i\u0161teisintos po tolimesnio apeliacinio skundo.<\/p>\n<p>JAV \u012fmon\u0117 \u201eHulu\u201c filmuoja a\u0161tuoni\u0173 dali\u0173 serial\u0105 \u201eBlue Moon\u201c \u2013 \u017ei\u016brint i\u0161 Knoxo, kur\u012f vaidina Grace Van Patten, o Sollecito vaidina Giuseppe De Domenico, perspektyvos.<\/p>\n<p>Lidso universiteto main\u0173 student\u0117s Meredith nu\u017eudymas i\u0161 Coulsdon, Piet\u0173 Londono, tuo metu sug\u0117dino Italij\u0105.<\/p>\n<p>O filmavimo komandas Perud\u017eoje pasitiko kraujo raudonumo plakatai su u\u017era\u0161u \u201eRespect For Meredith\u201c.<\/p>\n<p>Mer\u0117 Vittoria Ferdinandi atviru lai\u0161ku i\u0161 anksto atsipra\u0161\u0117 vietos gyventoj\u0173, kad leido filmuoti.<\/p>\n<p>Siekiant i\u0161vengti tolesni\u0173 protest\u0173, 140 myli\u0173 \u012f pietus esan\u010diame Olevano Romano mieste buvo pastatyta \u017emog\u017eudyst\u0117s buto kopija.<\/p>\n<p>Kercher \u0161eimos advokatas Francesco Maresca parei\u0161k\u0117: \u201eKnoxas nenori u\u017edaryti skyriaus. \u0160is nuolatinis mai\u0161ymas rodo jautrumo tr\u016bkum\u0105.<\/p>\n<p>\u201eJi u\u017esidirba pinig\u0173, po daugelio met\u0173 tampa matoma televizijoje. Atrodo, kad Knox nenori, kad \u017emon\u0117s pamir\u0161t\u0173 \u0161i\u0105 istorij\u0105, ir daro visk\u0105, kad ji i\u0161likt\u0173 gyva.<\/p>\n<p>2009 m. pradiniame teisme Knoxas ir Sollecito buvo pripa\u017einti kaltais pad\u0117j\u0119 Dramblio Kaulo Kranto drifteriui Rudy Guede nu\u017eudyti Meredith jos kambaryje.<\/p>\n<div id=\"bc-video-6354351757112\" class=\"brightcove\"><span class=\"article__bc_video-caption\">Amanda Knox verkia, kai atvyksta \u012f teism\u0105, susijusi\u0105 su brito studento nu\u017eudymu<\/span><\/div>\n<p>Knox buvo \u012fkalinta 26 metams, o jos mylimasis \u2013 25. 2011 m. prisiekusi\u0173j\u0173 teismas juos i\u0161teisino pagal apeliacin\u012f skund\u0105, kilus abejon\u0117ms d\u0117l teismo medicinos \u012frodym\u0173.<\/p>\n<p>2013 m. prokuror\u0173 apeliacinis skundas buvo patenkintas ir paskirtas naujas bylos nagrin\u0117jimas. 2014 m. saus\u012f Florencijos teismas gr\u0105\u017eino j\u0173 apkaltinamuosius nuosprend\u017eius.<\/p>\n<p>Ta\u010diau 2015 m. Italijos auk\u0161\u010diausiasis teismas nusprend\u0117, kad Knoxas ir Sollecito yra nekalti, ir byla baig\u0117si tuo, kad Guede, 2021 m. paleistas po 13 met\u0173, veik\u0117 vienas.<\/p>\n<p>Pora i\u0161siskyr\u0117 per ilg\u0105 teismo proces\u0105 ir po to, kai ji buvo paleista i\u0161 kal\u0117jimo, Knox gr\u012f\u017eo \u012f Sietl\u0105.<\/p>\n<p>Dabar 37 met\u0173 ji dirba kaip autor\u0117 ir aktyvist\u0117 bei yra \u201eBlue Moon\u201c prodiuser\u0117.<\/p>\n<p>Sollecito dabar yra kompiuteri\u0173 in\u017einierius.<\/p>\n<p>Kai buvo prad\u0117tas tyrimas, jie draugavo savait\u0119.<\/p>\n<p>Nuo to laiko Knoxas teig\u0117, kad bu\u010dinio nuotrauka suk\u0117l\u0117 \u201eblog\u0105 atmosfer\u0105\u201c ir teig\u0117, kad tai buvo paguodos veiksmas.<\/p>\n<p>Ji paai\u0161kino: \u201eJau\u010diausi ne\u012ftik\u0117tinai pasimetusi.<\/p>\n<p>\u201eMan buvo li\u016bdna ir bandoma suprasti, o Raffaele pabu\u010diavo mane, kad paguost\u0173, nes m\u016bs\u0173 kalbos barjeras neleido mums i\u0161 tikr\u0173j\u0173 paguosti vienas kito \u017eod\u017eiais.<\/p>\n<figure class=\"article__media\">\n<div class=\"article__media-img-container open-gallery\" data-index=\"5\"><img decoding=\"async\" alt=\"Brit\u0117 Meredith Kercher buvo nu\u017eudyta 2007 m. lapkrit\u012f\" height=\"960\" width=\"735\" data-credit=\"Handout\" src=\"https:\/\/www.thesun.co.uk\/wp-content\/uploads\/2024\/11\/2007-throat-slashed-bedroom-house-3762490.jpg?strip=all&amp;w=735\" sizes=\"auto, (max-width: 375px) 335px, (max-width: 520px) 480px, 620px\" srcset=\"https:\/\/www.thesun.co.uk\/wp-content\/uploads\/2024\/11\/2007-throat-slashed-bedroom-house-3762490.jpg?w=335 335w, https:\/\/www.thesun.co.uk\/wp-content\/uploads\/2024\/11\/2007-throat-slashed-bedroom-house-3762490.jpg?w=480 480w, https:\/\/www.thesun.co.uk\/wp-content\/uploads\/2024\/11\/2007-throat-slashed-bedroom-house-3762490.jpg?w=620 620w, https:\/\/www.thesun.co.uk\/wp-content\/uploads\/2024\/11\/2007-throat-slashed-bedroom-house-3762490.jpg?w=670 670w, https:\/\/www.thesun.co.uk\/wp-content\/uploads\/2024\/11\/2007-throat-slashed-bedroom-house-3762490.jpg?w=960 960w, https:\/\/www.thesun.co.uk\/wp-content\/uploads\/2024\/11\/2007-throat-slashed-bedroom-house-3762490.jpg?w=1240 1240w, https:\/\/www.thesun.co.uk\/wp-content\/uploads\/2024\/11\/2007-throat-slashed-bedroom-house-3762490.jpg?w=1005 1005w, https:\/\/www.thesun.co.uk\/wp-content\/uploads\/2024\/11\/2007-throat-slashed-bedroom-house-3762490.jpg?w=1440 1440w, https:\/\/www.thesun.co.uk\/wp-content\/uploads\/2024\/11\/2007-throat-slashed-bedroom-house-3762490.jpg?w=1860 1860w, https:\/\/www.thesun.co.uk\/wp-content\/uploads\/2024\/11\/2007-throat-slashed-bedroom-house-3762490.jpg?w=1340 1340w, https:\/\/www.thesun.co.uk\/wp-content\/uploads\/2024\/11\/2007-throat-slashed-bedroom-house-3762490.jpg?w=1920 1920w, https:\/\/www.thesun.co.uk\/wp-content\/uploads\/2024\/11\/2007-throat-slashed-bedroom-house-3762490.jpg?w=2480 2480w\" loading=\"lazy\" role=\"img\"\/><\/p>\n<p><span class=\"article__gallery-count-value\">5<\/span><\/p>\n<\/div><figcaption class=\"article__media-caption\"><span class=\"article__media-span\">Brit\u0117 Meredith Kercher buvo nu\u017eudyta 2007 m. lapkrit\u012f<\/span><span class=\"article__credit\">Kreditas: padalomoji med\u017eiaga<\/span><\/figcaption><\/figure>\n<\/div>\n<p><br \/>\n<br \/><a href=\"https:\/\/www.thesun.co.uk\/news\/31724438\/amanda-knox-kiss-recreated-tv-blue-moon\/\">Source link <\/a><\/p>\n","protected":false},"excerpt":{"rendered":"<p>\u017dymusis bu\u010dinys tarp \u017emog\u017eudyste kaltinamos Amandos Knox ir Raffaele Sollecito buvo atkurtas naujai televizijos dramai, sukelian\u010diai vietini\u0173 gyventoj\u0173 pykt\u012f. Pora buvo pavaizduota aistringoje klini\u0161koje keliomis dienomis po to, kai 2007 m. lapkrit\u012f peiliu buvo nu\u017eudyta j\u0173 draug\u0117 brit\u0117 Meredith Kercher (21 m.). 5 Li\u016bdnai pagars\u0117j\u0119s bu\u010dinys tarp \u017emog\u017eudyst\u0117s buvo apkaltintas Amanda Knox ir Raffaele SollecitoKreditas: [&hellip;]<\/p>\n","protected":false},"author":1,"featured_media":1093,"comment_status":"","ping_status":"","sticky":false,"template":"","format":"standard","meta":{"om_disable_all_campaigns":false,"_monsterinsights_skip_tracking":false,"_monsterinsights_sitenote_active":false,"_monsterinsights_sitenote_note":"","_monsterinsights_sitenote_category":0,"footnotes":""},"categories":[4],"tags":[2067,2074,2073,14,2076,2064,2069,27,2068,2065,2070,2066,2071,2072,2075],"class_list":["post-1092","post","type-post","status-publish","format-standard","has-post-thumbnail","hentry","category-pasaulio-naujienos","tag-amandos","tag-atkurtas","tag-bucinys","tag-buvo","tag-dramai","tag-inirsis","tag-jos","tag-kaip","tag-knox","tag-liudnai","tag-meiluzio","tag-pagarsejes","tag-raffaele","tag-sollecito","tag-televizijos"],"aioseo_notices":[],"_links":{"self":[{"href":"https:\/\/sekmesreceptas.lt\/index.php\/wp-json\/wp\/v2\/posts\/1092","targetHints":{"allow":["GET"]}}],"collection":[{"href":"https:\/\/sekmesreceptas.lt\/index.php\/wp-json\/wp\/v2\/posts"}],"about":[{"href":"https:\/\/sekmesreceptas.lt\/index.php\/wp-json\/wp\/v2\/types\/post"}],"author":[{"embeddable":true,"href":"https:\/\/sekmesreceptas.lt\/index.php\/wp-json\/wp\/v2\/users\/1"}],"replies":[{"embeddable":true,"href":"https:\/\/sekmesreceptas.lt\/index.php\/wp-json\/wp\/v2\/comments?post=1092"}],"version-history":[{"count":0,"href":"https:\/\/sekmesreceptas.lt\/index.php\/wp-json\/wp\/v2\/posts\/1092\/revisions"}],"wp:featuredmedia":[{"embeddable":true,"href":"https:\/\/sekmesreceptas.lt\/index.php\/wp-json\/wp\/v2\/media\/1093"}],"wp:attachment":[{"href":"https:\/\/sekmesreceptas.lt\/index.php\/wp-json\/wp\/v2\/media?parent=1092"}],"wp:term":[{"taxonomy":"category","embeddable":true,"href":"https:\/\/sekmesreceptas.lt\/index.php\/wp-json\/wp\/v2\/categories?post=1092"},{"taxonomy":"post_tag","embeddable":true,"href":"https:\/\/sekmesreceptas.lt\/index.php\/wp-json\/wp\/v2\/tags?post=1092"}],"curies":[{"name":"wp","href":"https:\/\/api.w.org\/{rel}","templated":true}]}}