{"id":121,"date":"2024-07-29T04:49:04","date_gmt":"2024-07-29T04:49:04","guid":{"rendered":"https:\/\/sekmesreceptas.lt\/index.php\/2024\/07\/29\/netanyahu-slegiamajame-posedyje-del-neisvengiamo-smugiu-hezbollah-baiminantis-kad-hezbollah-zada-izraelis-ateina-visapusis-karas\/"},"modified":"2024-07-29T04:49:04","modified_gmt":"2024-07-29T04:49:04","slug":"netanyahu-slegiamajame-posedyje-del-neisvengiamo-smugiu-hezbollah-baiminantis-kad-hezbollah-zada-izraelis-ateina-visapusis-karas","status":"publish","type":"post","link":"https:\/\/sekmesreceptas.lt\/index.php\/2024\/07\/29\/netanyahu-slegiamajame-posedyje-del-neisvengiamo-smugiu-hezbollah-baiminantis-kad-hezbollah-zada-izraelis-ateina-visapusis-karas\/","title":{"rendered":"Netanyahu slegiamajame pos\u0117dyje d\u0117l \u201enei\u0161vengiamo\u201c sm\u016bgi\u0173 \u201eHezbollah\u201c, baiminantis, kad \u201eHezbollah\u201c, \u017eada Izraelis: \u201eAteina visapusis karas\u201c, \u2013 \u017eada Izraelis."},"content":{"rendered":"<p> <br \/>\n<\/p>\n<div>\n<p>IZRAELO u\u017esienio reikal\u0173 ministras persp\u0117jo d\u0117l \u201evisi\u0161ko karo\u201c su \u201eHizbollah\u201c, apkaltin\u0119s kovotoj\u0173 grupuot\u0119 d\u0117l raket\u0173 atakos Golano auk\u0161tumose.<\/p>\n<p>\u0160e\u0161tadienio vakar\u0105 raketa pataik\u0117 \u012f kaim\u0105 Izraelio okupuotame regione. <a href=\"https:\/\/www.thesun.co.uk\/news\/29515318\/israel-lebanon-strike-ten-dead-hezbollah\/\">\u017euvo 12 jaunuoli\u0173<\/a> \u012fskaitant vaikus.<\/p>\n<figure class=\"article__media\">\n<div class=\"article__media-img-container open-gallery\" data-index=\"1\"><a href=\"#\"><img loading=\"lazy\" decoding=\"async\" alt=\"Izraelio premjeras Benjaminas Netanyahu sekmadienio vakar\u0105 bendravo su saugumo ministrais ir kariuomene, kad aptart\u0173 atsak\u0105 \u012f Golan\u0105\" height=\"400\" width=\"640\" class=\"lazyload\" src=\"https:\/\/www.thesun.co.uk\/wp-content\/uploads\/2024\/07\/image-released-netanyahu-huddling-ministers-920483020.jpg\" data-credit=\"GPO\" data-sizes=\"(max-width: 375px) 335px, (max-width: 520px) 480px, 620px\" data-img=\"https:\/\/www.thesun.co.uk\/wp-content\/uploads\/2024\/07\/image-released-netanyahu-huddling-ministers-920483020.jpg?strip=all&amp;w=640\" srcset=\"https:\/\/www.thesun.co.uk\/wp-content\/uploads\/2024\/07\/image-released-netanyahu-huddling-ministers-920483020.jpg?w=335 335w, https:\/\/www.thesun.co.uk\/wp-content\/uploads\/2024\/07\/image-released-netanyahu-huddling-ministers-920483020.jpg?w=480 480w, https:\/\/www.thesun.co.uk\/wp-content\/uploads\/2024\/07\/image-released-netanyahu-huddling-ministers-920483020.jpg?w=620 620w, https:\/\/www.thesun.co.uk\/wp-content\/uploads\/2024\/07\/image-released-netanyahu-huddling-ministers-920483020.jpg?w=670 670w, https:\/\/www.thesun.co.uk\/wp-content\/uploads\/2024\/07\/image-released-netanyahu-huddling-ministers-920483020.jpg?w=960 960w, https:\/\/www.thesun.co.uk\/wp-content\/uploads\/2024\/07\/image-released-netanyahu-huddling-ministers-920483020.jpg?w=1240 1240w, https:\/\/www.thesun.co.uk\/wp-content\/uploads\/2024\/07\/image-released-netanyahu-huddling-ministers-920483020.jpg?w=1005 1005w, https:\/\/www.thesun.co.uk\/wp-content\/uploads\/2024\/07\/image-released-netanyahu-huddling-ministers-920483020.jpg?w=1440 1440w, https:\/\/www.thesun.co.uk\/wp-content\/uploads\/2024\/07\/image-released-netanyahu-huddling-ministers-920483020.jpg?w=1860 1860w, https:\/\/www.thesun.co.uk\/wp-content\/uploads\/2024\/07\/image-released-netanyahu-huddling-ministers-920483020.jpg?w=1340 1340w, https:\/\/www.thesun.co.uk\/wp-content\/uploads\/2024\/07\/image-released-netanyahu-huddling-ministers-920483020.jpg?w=1920 1920w, https:\/\/www.thesun.co.uk\/wp-content\/uploads\/2024\/07\/image-released-netanyahu-huddling-ministers-920483020.jpg?w=2480 2480w\" role=\"img\"\/><\/a><\/p>\n<p><span class=\"article__gallery-count-value\">10<\/span><\/p>\n<\/div><figcaption class=\"article__media-caption\"><span class=\"article__media-span\">Izraelio premjeras Benjaminas Netanyahu sekmadienio vakar\u0105 bendravo su saugumo ministrais ir kariuomene, kad aptart\u0173 atsak\u0105 \u012f Golan\u0105<\/span><span class=\"article__credit\">Kreditas: GPO<\/span><\/figcaption><\/figure>\n<figure class=\"article__media\">\n<div class=\"article__media-img-container open-gallery\" data-index=\"2\"><a href=\"#\"><img decoding=\"async\" alt=\"Raketos ataka pataik\u0117 \u012f futbolo aik\u0161t\u0119 Golano auk\u0161tumose (nuotraukoje)\" class=\"lazyload\" src=\"https:\/\/www.thesun.co.uk\/wp-content\/uploads\/2024\/07\/scene-rockets-launched-across-lebanon-920122370.jpg\" data-credit=\"\" data-sizes=\"(max-width: 375px) 335px, (max-width: 520px) 480px, 620px\" data-img=\"https:\/\/www.thesun.co.uk\/wp-content\/uploads\/2024\/07\/scene-rockets-launched-across-lebanon-920122370.jpg\" srcset=\"https:\/\/www.thesun.co.uk\/wp-content\/uploads\/2024\/07\/scene-rockets-launched-across-lebanon-920122370.jpg?w=335 335w, https:\/\/www.thesun.co.uk\/wp-content\/uploads\/2024\/07\/scene-rockets-launched-across-lebanon-920122370.jpg?w=480 480w, https:\/\/www.thesun.co.uk\/wp-content\/uploads\/2024\/07\/scene-rockets-launched-across-lebanon-920122370.jpg?w=620 620w, https:\/\/www.thesun.co.uk\/wp-content\/uploads\/2024\/07\/scene-rockets-launched-across-lebanon-920122370.jpg?w=670 670w, https:\/\/www.thesun.co.uk\/wp-content\/uploads\/2024\/07\/scene-rockets-launched-across-lebanon-920122370.jpg?w=960 960w, https:\/\/www.thesun.co.uk\/wp-content\/uploads\/2024\/07\/scene-rockets-launched-across-lebanon-920122370.jpg?w=1240 1240w, https:\/\/www.thesun.co.uk\/wp-content\/uploads\/2024\/07\/scene-rockets-launched-across-lebanon-920122370.jpg?w=1005 1005w, https:\/\/www.thesun.co.uk\/wp-content\/uploads\/2024\/07\/scene-rockets-launched-across-lebanon-920122370.jpg?w=1440 1440w, https:\/\/www.thesun.co.uk\/wp-content\/uploads\/2024\/07\/scene-rockets-launched-across-lebanon-920122370.jpg?w=1860 1860w, https:\/\/www.thesun.co.uk\/wp-content\/uploads\/2024\/07\/scene-rockets-launched-across-lebanon-920122370.jpg?w=1340 1340w, https:\/\/www.thesun.co.uk\/wp-content\/uploads\/2024\/07\/scene-rockets-launched-across-lebanon-920122370.jpg?w=1920 1920w, https:\/\/www.thesun.co.uk\/wp-content\/uploads\/2024\/07\/scene-rockets-launched-across-lebanon-920122370.jpg?w=2480 2480w\" role=\"img\"\/><\/a><\/p>\n<p><span class=\"article__gallery-count-value\">10<\/span><\/p>\n<\/div><figcaption class=\"article__media-caption\"><span class=\"article__media-span\">Raketos ataka pataik\u0117 \u012f futbolo aik\u0161t\u0119 Golano auk\u0161tumose (nuotraukoje)<\/span><\/figcaption><\/figure>\n<figure class=\"article__media\">\n<div class=\"article__media-img-container open-gallery\" data-index=\"3\"><a href=\"#\"><img decoding=\"async\" alt=\"IDF kariai ir medikai ant \u017eem\u0117s futbolo aik\u0161t\u0117je\" class=\"lazyload\" src=\"https:\/\/www.thesun.co.uk\/wp-content\/uploads\/2024\/07\/epa11500451-soldiers-gather-people-cover-920128408.jpg\" data-credit=\"\" data-sizes=\"(max-width: 375px) 335px, (max-width: 520px) 480px, 620px\" data-img=\"https:\/\/www.thesun.co.uk\/wp-content\/uploads\/2024\/07\/epa11500451-soldiers-gather-people-cover-920128408.jpg\" srcset=\"https:\/\/www.thesun.co.uk\/wp-content\/uploads\/2024\/07\/epa11500451-soldiers-gather-people-cover-920128408.jpg?w=335 335w, https:\/\/www.thesun.co.uk\/wp-content\/uploads\/2024\/07\/epa11500451-soldiers-gather-people-cover-920128408.jpg?w=480 480w, https:\/\/www.thesun.co.uk\/wp-content\/uploads\/2024\/07\/epa11500451-soldiers-gather-people-cover-920128408.jpg?w=620 620w, https:\/\/www.thesun.co.uk\/wp-content\/uploads\/2024\/07\/epa11500451-soldiers-gather-people-cover-920128408.jpg?w=670 670w, https:\/\/www.thesun.co.uk\/wp-content\/uploads\/2024\/07\/epa11500451-soldiers-gather-people-cover-920128408.jpg?w=960 960w, https:\/\/www.thesun.co.uk\/wp-content\/uploads\/2024\/07\/epa11500451-soldiers-gather-people-cover-920128408.jpg?w=1240 1240w, https:\/\/www.thesun.co.uk\/wp-content\/uploads\/2024\/07\/epa11500451-soldiers-gather-people-cover-920128408.jpg?w=1005 1005w, https:\/\/www.thesun.co.uk\/wp-content\/uploads\/2024\/07\/epa11500451-soldiers-gather-people-cover-920128408.jpg?w=1440 1440w, https:\/\/www.thesun.co.uk\/wp-content\/uploads\/2024\/07\/epa11500451-soldiers-gather-people-cover-920128408.jpg?w=1860 1860w, https:\/\/www.thesun.co.uk\/wp-content\/uploads\/2024\/07\/epa11500451-soldiers-gather-people-cover-920128408.jpg?w=1340 1340w, https:\/\/www.thesun.co.uk\/wp-content\/uploads\/2024\/07\/epa11500451-soldiers-gather-people-cover-920128408.jpg?w=1920 1920w, https:\/\/www.thesun.co.uk\/wp-content\/uploads\/2024\/07\/epa11500451-soldiers-gather-people-cover-920128408.jpg?w=2480 2480w\" role=\"img\"\/><\/a><\/p>\n<p><span class=\"article__gallery-count-value\">10<\/span><\/p>\n<\/div><figcaption class=\"article__media-caption\"><span class=\"article__media-span\">IDF kariai ir medikai ant \u017eem\u0117s futbolo aik\u0161t\u0117je<\/span><\/figcaption><\/figure>\n<figure class=\"article__media\">\n<div class=\"article__media-img-container open-gallery\" data-index=\"4\"><a href=\"#\"><img decoding=\"async\" alt=\"Izraelis smog\u0117 \u201eHezbollah\u201c Libane\" class=\"lazyload\" src=\"https:\/\/www.thesun.co.uk\/wp-content\/uploads\/2024\/07\/heavy-price-idf-strikes-hezbollah-920313991.jpg\" data-credit=\"\" data-sizes=\"(max-width: 375px) 335px, (max-width: 520px) 480px, 620px\" data-img=\"https:\/\/www.thesun.co.uk\/wp-content\/uploads\/2024\/07\/heavy-price-idf-strikes-hezbollah-920313991.jpg\" srcset=\"https:\/\/www.thesun.co.uk\/wp-content\/uploads\/2024\/07\/heavy-price-idf-strikes-hezbollah-920313991.jpg?w=335 335w, https:\/\/www.thesun.co.uk\/wp-content\/uploads\/2024\/07\/heavy-price-idf-strikes-hezbollah-920313991.jpg?w=480 480w, https:\/\/www.thesun.co.uk\/wp-content\/uploads\/2024\/07\/heavy-price-idf-strikes-hezbollah-920313991.jpg?w=620 620w, https:\/\/www.thesun.co.uk\/wp-content\/uploads\/2024\/07\/heavy-price-idf-strikes-hezbollah-920313991.jpg?w=670 670w, https:\/\/www.thesun.co.uk\/wp-content\/uploads\/2024\/07\/heavy-price-idf-strikes-hezbollah-920313991.jpg?w=960 960w, https:\/\/www.thesun.co.uk\/wp-content\/uploads\/2024\/07\/heavy-price-idf-strikes-hezbollah-920313991.jpg?w=1240 1240w, https:\/\/www.thesun.co.uk\/wp-content\/uploads\/2024\/07\/heavy-price-idf-strikes-hezbollah-920313991.jpg?w=1005 1005w, https:\/\/www.thesun.co.uk\/wp-content\/uploads\/2024\/07\/heavy-price-idf-strikes-hezbollah-920313991.jpg?w=1440 1440w, https:\/\/www.thesun.co.uk\/wp-content\/uploads\/2024\/07\/heavy-price-idf-strikes-hezbollah-920313991.jpg?w=1860 1860w, https:\/\/www.thesun.co.uk\/wp-content\/uploads\/2024\/07\/heavy-price-idf-strikes-hezbollah-920313991.jpg?w=1340 1340w, https:\/\/www.thesun.co.uk\/wp-content\/uploads\/2024\/07\/heavy-price-idf-strikes-hezbollah-920313991.jpg?w=1920 1920w, https:\/\/www.thesun.co.uk\/wp-content\/uploads\/2024\/07\/heavy-price-idf-strikes-hezbollah-920313991.jpg?w=2480 2480w\" role=\"img\"\/><\/a><\/p>\n<p><span class=\"article__gallery-count-value\">10<\/span><\/p>\n<\/div><figcaption class=\"article__media-caption\"><span class=\"article__media-span\">Izraelis smog\u0117 \u201eHezbollah\u201c Libane<\/span><\/figcaption><\/figure>\n<figure class=\"article__media\">\n<div class=\"article__media-img-container open-gallery\" data-index=\"5\"><a href=\"#\"><img decoding=\"async\" alt=\"11 i\u0161 12 \u017emoni\u0173, \u017euvusi\u0173 per \u0161e\u0161tadienio streik\u0105\" class=\"lazyload\" src=\"https:\/\/www.thesun.co.uk\/wp-content\/uploads\/2024\/07\/ameer-rabeea-abu-saleh-16-920294142.jpg\" data-credit=\"\" data-sizes=\"(max-width: 375px) 335px, (max-width: 520px) 480px, 620px\" data-img=\"https:\/\/www.thesun.co.uk\/wp-content\/uploads\/2024\/07\/ameer-rabeea-abu-saleh-16-920294142.jpg\" srcset=\"https:\/\/www.thesun.co.uk\/wp-content\/uploads\/2024\/07\/ameer-rabeea-abu-saleh-16-920294142.jpg?w=335 335w, https:\/\/www.thesun.co.uk\/wp-content\/uploads\/2024\/07\/ameer-rabeea-abu-saleh-16-920294142.jpg?w=480 480w, https:\/\/www.thesun.co.uk\/wp-content\/uploads\/2024\/07\/ameer-rabeea-abu-saleh-16-920294142.jpg?w=620 620w, https:\/\/www.thesun.co.uk\/wp-content\/uploads\/2024\/07\/ameer-rabeea-abu-saleh-16-920294142.jpg?w=670 670w, https:\/\/www.thesun.co.uk\/wp-content\/uploads\/2024\/07\/ameer-rabeea-abu-saleh-16-920294142.jpg?w=960 960w, https:\/\/www.thesun.co.uk\/wp-content\/uploads\/2024\/07\/ameer-rabeea-abu-saleh-16-920294142.jpg?w=1240 1240w, https:\/\/www.thesun.co.uk\/wp-content\/uploads\/2024\/07\/ameer-rabeea-abu-saleh-16-920294142.jpg?w=1005 1005w, https:\/\/www.thesun.co.uk\/wp-content\/uploads\/2024\/07\/ameer-rabeea-abu-saleh-16-920294142.jpg?w=1440 1440w, https:\/\/www.thesun.co.uk\/wp-content\/uploads\/2024\/07\/ameer-rabeea-abu-saleh-16-920294142.jpg?w=1860 1860w, https:\/\/www.thesun.co.uk\/wp-content\/uploads\/2024\/07\/ameer-rabeea-abu-saleh-16-920294142.jpg?w=1340 1340w, https:\/\/www.thesun.co.uk\/wp-content\/uploads\/2024\/07\/ameer-rabeea-abu-saleh-16-920294142.jpg?w=1920 1920w, https:\/\/www.thesun.co.uk\/wp-content\/uploads\/2024\/07\/ameer-rabeea-abu-saleh-16-920294142.jpg?w=2480 2480w\" role=\"img\"\/><\/a><\/p>\n<p><span class=\"article__gallery-count-value\">10<\/span><\/p>\n<\/div><figcaption class=\"article__media-caption\"><span class=\"article__media-span\">11 i\u0161 12 \u017emoni\u0173, \u017euvusi\u0173 per \u0161e\u0161tadienio streik\u0105<\/span><\/figcaption><\/figure>\n<figure class=\"article__media\">\n<div class=\"article__media-img-container\" data-index=\"5\"><a href=\"https:\/\/www.thesun.co.uk\/wp-content\/uploads\/2024\/07\/ac-28_07-israel-strike-1130-map.jpg\"><img decoding=\"async\" class=\"lazyload alignnone wp-image-29522324\" src=\"https:\/\/www.thesun.co.uk\/wp-content\/uploads\/2024\/07\/ac-28_07-israel-strike-1130-map.jpg\" data-credit=\"\" data-sizes=\"(max-width: 375px) 335px, (max-width: 520px) 480px, 620px\" data-img=\"https:\/\/www.thesun.co.uk\/wp-content\/uploads\/2024\/07\/ac-28_07-israel-strike-1130-map.jpg\" srcset=\"https:\/\/www.thesun.co.uk\/wp-content\/uploads\/2024\/07\/ac-28_07-israel-strike-1130-map.jpg?w=335 335w, https:\/\/www.thesun.co.uk\/wp-content\/uploads\/2024\/07\/ac-28_07-israel-strike-1130-map.jpg?w=480 480w, https:\/\/www.thesun.co.uk\/wp-content\/uploads\/2024\/07\/ac-28_07-israel-strike-1130-map.jpg?w=620 620w, https:\/\/www.thesun.co.uk\/wp-content\/uploads\/2024\/07\/ac-28_07-israel-strike-1130-map.jpg?w=670 670w, https:\/\/www.thesun.co.uk\/wp-content\/uploads\/2024\/07\/ac-28_07-israel-strike-1130-map.jpg?w=960 960w, https:\/\/www.thesun.co.uk\/wp-content\/uploads\/2024\/07\/ac-28_07-israel-strike-1130-map.jpg?w=1240 1240w, https:\/\/www.thesun.co.uk\/wp-content\/uploads\/2024\/07\/ac-28_07-israel-strike-1130-map.jpg?w=1005 1005w, https:\/\/www.thesun.co.uk\/wp-content\/uploads\/2024\/07\/ac-28_07-israel-strike-1130-map.jpg?w=1440 1440w, https:\/\/www.thesun.co.uk\/wp-content\/uploads\/2024\/07\/ac-28_07-israel-strike-1130-map.jpg?w=1860 1860w, https:\/\/www.thesun.co.uk\/wp-content\/uploads\/2024\/07\/ac-28_07-israel-strike-1130-map.jpg?w=1340 1340w, https:\/\/www.thesun.co.uk\/wp-content\/uploads\/2024\/07\/ac-28_07-israel-strike-1130-map.jpg?w=1920 1920w, https:\/\/www.thesun.co.uk\/wp-content\/uploads\/2024\/07\/ac-28_07-israel-strike-1130-map.jpg?w=2480 2480w\" role=\"img\"\/><\/a><\/div>\n<\/figure>\n<p>Izraelio gynybos paj\u0117gos (IDF) greitai parod\u0117 pir\u0161tu \u012f Irano remiam\u0105 \u201eHezbollah\u201c, kuri veikia i\u0161 piet\u0173 Libano.<\/p>\n<p>\u201eHezbollah\u201c, atkaklus teroristin\u0117s grupuot\u0117s \u201eHamas\u201c r\u0117m\u0117jas, <a href=\"https:\/\/www.thesun.co.uk\/news\/27013800\/moment-israel-kills-iran-backed-hezbollah-commander-drone\/\">prad\u0117jo atnaujintas atakas<\/a> prie\u0161 Izrael\u012f nuo tada, kai praeit\u0173 met\u0173 spal\u012f prasid\u0117jo karas Gazos ruo\u017ee.<\/p>\n<p>Izraelio ministras pirmininkas Benjaminas Netanyahu po i\u0161puolio su\u0161auk\u0117 savo saugumo kabineto pos\u0117d\u012f ir pa\u017ead\u0117jo atker\u0161yti grupuotei.<\/p>\n<p>IDF buvo <a href=\"https:\/\/www.thesun.co.uk\/news\/28566619\/hezbollah-israel-iran-lebanon-war-nato\/\">met\u0173 metus ruo\u0161iasi galimam konfliktui su Hezbollah<\/a> po \u0161e\u0161tadienio paa\u0161tr\u0117jimo kyla baim\u0117s, kad regione kils karas.<\/p>\n<div class=\"read-more-container theme-news read-more-container--article-entry t-010-background-color\" data-widget-title=\"READ MORE ON GOLAN HEIGHTS HIT\" data-widget-article-count=\"2\">\n<h2 class=\"read-more-container_title\" data-original-text=\"READ MORE ON GOLAN HEIGHTS HIT\">SKAITYKITE DAUGIAU APIE GOLAN HEIGHTS HIT<\/h2>\n<\/div>\n<p>Skryd\u017eiai \u012f Liban\u0105 buvo sustabdyti, o keturios \u0161alys nurod\u0117 savo pilie\u010diams i\u0161vykti i\u0161 \u0161alies.<\/p>\n<p>Netanyahu atskub\u0117jo gr\u012f\u017e\u0119s i\u0161 kelion\u0117s \u012f JAV, kad atsakyt\u0173 \u012f streik\u0105 nuotraukomis, kuriose jis sekmadien\u012f glaud\u0117si prie karini\u0173 patar\u0117j\u0173 stalo.<\/p>\n<p>Izraelio u\u017esienio reikal\u0173 ministras Israelis Katzas po \u0161e\u0161tadienio atakos kanalui 12 sak\u0117, kad \u201eHezbollah \u010dia per\u017eeng\u0117 visas raudon\u0105sias linijas, ir atsakymas tai atspind\u0117s\u201c.<\/p>\n<p>Jis persp\u0117jo: \u201eArt\u0117jame momento, kai susiduriame su visapusi\u0161ku karu\u201c.<\/p>\n<p>\u201eHezbollah\u201c \u201ekategori\u0161kai neig\u0117\u201c bet kok\u012f dalyvavim\u0105 po kelis m\u0117nesius trukusi\u0173 tiesiogini\u0173 main\u0173 Libano sienoje.<\/p>\n<p>JAV Nacionalinio saugumo tarybos atstov\u0117 Adrienne Watson sekmadien\u012f sak\u0117: \u201e\u0160i\u0105 atak\u0105 sureng\u0117 Libano \u201eHezbollah\u201c. <\/p>\n<p>\u201eTai buvo j\u0173 raketa, paleista i\u0161 j\u0173 kontroliuojamos srities. Ji tur\u0117t\u0173 b\u016bti visuotinai pasmerkta.<\/p>\n<p>Civiliai gyventojai, kurie nepriklauso Izraelio kariuomenei ar \u201eHezbollah\u201c, \u017euvo abiejose sienos pus\u0117se d\u0117l kov\u0173 tarp j\u0173.<\/p>\n<p>Netanyahu pa\u017ead\u0117jo, kad \u201eHezbollah\u201c \u201emok\u0117s didel\u0119 kain\u0105\u201c u\u017e sm\u016bg\u012f.<\/p>\n<p>Jis sak\u0117, kad tai b\u016bt\u0173 nepana\u0161i \u012f jokias pasekmes, kurias jie anks\u010diau patyr\u0117 pokalbio su dr\u016bz\u0173 bendruomen\u0117s lyderiu metu. <\/p>\n<p>Golano auk\u0161tumos, kurias 1981 m. aneksavo Izraelis, yra bendruomen\u0117, kurioje daugiau nei pus\u0117 jos gyventoj\u0173 yra dr\u016bz\u0173 tik\u0117jimo atstovai.<\/p>\n<p>Raketa pataik\u0117 \u012f futbolo aik\u0161t\u0119 Druz\u0173 kaime Majdal \u0160amso mieste. <\/p>\n<p>Tai \u012fvyko pra\u0117jus kelioms valandoms po to, kai Izraelis smog\u0117 \u201eHezbollah\u201c taikiniui Libane ir nu\u017eud\u0117 keturis kovotojus.<\/p>\n<p>IDF \u0161e\u0161tadien\u012f taip pat smog\u0117 kitai mokyklai Gazoje, kuri\u0105, anot j\u0173, \u201eHamas\u201c naudojo kaip savo operacij\u0173 baz\u0119, \u017euvo 30 ir dar apie 100 buvo su\u017eeisti.<\/p>\n<p>Po raketos sm\u016bgio \u0161e\u0161tadienio vakar\u0105 <a href=\"https:\/\/www.thesun.co.uk\/news\/29520521\/idf-strikes-hezbollah-targets-lebanon-israel\/\">Izraelis sak\u0117 atsipeik\u0117j\u0119s<\/a> smogdamas \u201eHezbollah\u201c taikiniams \u201egiliai Libano teritorijoje\u201c.<\/p>\n<p>Izraelio gynybos paj\u0117gos (IDF). <a href=\"https:\/\/www.thesun.co.uk\/news\/27489295\/israel-wipes-hezbollah-commander-airstrike-car-massive-fireball\/\">ruo\u0161iasi galimai Hezbollah invazijai<\/a> &#8211; ir ruo\u0161iasi gintis prie\u0161 vien\u0105 &#8211; met\u0173 metus.<\/p>\n<p>Manoma, kad kovotoj\u0173 grup\u0117 turi nuo 30 000 iki 50 000 naikintuv\u0173 ir nuo 120 000 iki 200 000 raket\u0173, raket\u0173, atakos ir \u017evalgybos bepilo\u010di\u0173 orlaivi\u0173.<\/p>\n<p>Jie veikia daugiausia i\u0161 piet\u0173 Libano.<\/p>\n<p>Libano vyriausyb\u0117 \u0161e\u0161tadien\u012f pasmerk\u0117 \u201evisus smurto aktus ir i\u0161puolius prie\u0161 visus civilius\u201c.<\/p>\n<p>Pasak nacionalin\u0117s \u017einiasklaidos, ji paragino \u201enedelsiant nutraukti karo veiksmus visuose frontuose\u201c.<\/p>\n<p>Grup\u0117s, kurios yra &#8222;lojalios Iranui ir Libano &#8222;Hezbollah&#8221;, evakuojasi \u012f pietus nuo Damasko, Kuneitros ir Vakar\u0173 Kalmono, laukdamos Izraelio atak\u0173&#8221;, prane\u0161\u0117 &#8222;The Syrian Observatory&#8221;.<\/p>\n<p>Keturios \u0161alys paragino savo pilie\u010dius kuo grei\u010diau palikti Liban\u0105 sekmadien\u012f po paa\u0161tr\u0117jimo.<\/p>\n<p>Saudo Arabija, Pranc\u016bzija, Norvegija ir \u0160vedija steng\u0117si evakuotis, Libanui ruo\u0161iantis atakai, prane\u0161a \u201eAl-Monitor\u201c.<\/p>\n<p>Remiantis prane\u0161imais, \u201eTurkish Airlines\u201c ir \u201eAir France\u201c taip pat at\u0161auk\u0117 visus savo skryd\u017eius sekmadienio vakar\u0105 \u012f ir i\u0161 pagrindinio Libano oro uosto Beirutas\u2013Rafic Hariri.<\/p>\n<p>Libano nacionalin\u0117 skryd\u017ei\u0173 bendrov\u0117 Middle East Airlines taip pat atid\u0117jo kai kurias keliones i\u0161 u\u017e \u0161alies rib\u0173 \u012f Beirut\u0105 iki pirmadienio ryto.<\/p>\n<p>\u0160e\u0161i\u0173 skryd\u017ei\u0173 i\u0161 Londono, Kopenhagos ir kit\u0173 Artim\u0173j\u0173 Ryt\u0173 \u0161ali\u0173 i\u0161vykimo laikas buvo nukeltas i\u0161 sekmadienio vakaro \u012f pirmadien\u012f.<\/p>\n<p>Sekmadien\u012f Turkija keistai pagrasino \u012fsiver\u017eti \u012f Izrael\u012f, dramati\u0161kai \u012fsiliepsnojant \u012ftampai tarp \u201eHezbollah\u201c ir IDF.<\/p>\n<p>Turkijos prezidentas Recepas Tayyipas Erdoganas, kalb\u0117damas apie gin\u010d\u0105 d\u0117l Libijos ir regiono, vadinamo Kaln\u0173 Karabagu, sak\u0117: \u201eKai \u012f\u017eeng\u0117me \u012f Karabach\u0105 ir Libij\u0105, t\u0105 pat\u012f padarysime ir Izraeliui.<\/p>\n<p>R.T.Erdoganas garsiai kritikavo Izraelio veiksmus Gazoje ir sak\u0117: \u201eTurime b\u016bti labai stipr\u016bs, kad Izraelis negal\u0117t\u0173 daryti toki\u0173 dalyk\u0173 Palestinai\u201c.<\/p>\n<p>Izraelio kariuomen\u0117 paskelb\u0117 raketos, naudotos per \u0161e\u0161tadienio atak\u0105, nuotraukas ir palygino j\u0105 su Irano modeliu.<\/p>\n<figure class=\"article__media\">\n<div class=\"article__media-img-container open-gallery\" data-index=\"6\"><a href=\"#\"><img loading=\"lazy\" decoding=\"async\" alt=\"IDF paskelb\u0117 \u0161\u012f tariamos raketos, pataikiusios \u012f Golano auk\u0161tumas, vaizd\u0105\" height=\"842\" width=\"960\" class=\"lazyload\" src=\"https:\/\/www.thesun.co.uk\/wp-content\/uploads\/2024\/07\/israel-defense-forces-released-another-920471917.png\" data-credit=\"Israel Defense Forces\" data-sizes=\"(max-width: 375px) 335px, (max-width: 520px) 480px, 620px\" data-img=\"https:\/\/www.thesun.co.uk\/wp-content\/uploads\/2024\/07\/israel-defense-forces-released-another-920471917.png?strip=all&amp;w=960\" srcset=\"https:\/\/www.thesun.co.uk\/wp-content\/uploads\/2024\/07\/israel-defense-forces-released-another-920471917.png?w=335 335w, https:\/\/www.thesun.co.uk\/wp-content\/uploads\/2024\/07\/israel-defense-forces-released-another-920471917.png?w=480 480w, https:\/\/www.thesun.co.uk\/wp-content\/uploads\/2024\/07\/israel-defense-forces-released-another-920471917.png?w=620 620w, https:\/\/www.thesun.co.uk\/wp-content\/uploads\/2024\/07\/israel-defense-forces-released-another-920471917.png?w=670 670w, https:\/\/www.thesun.co.uk\/wp-content\/uploads\/2024\/07\/israel-defense-forces-released-another-920471917.png?w=960 960w, https:\/\/www.thesun.co.uk\/wp-content\/uploads\/2024\/07\/israel-defense-forces-released-another-920471917.png?w=1240 1240w, https:\/\/www.thesun.co.uk\/wp-content\/uploads\/2024\/07\/israel-defense-forces-released-another-920471917.png?w=1005 1005w, https:\/\/www.thesun.co.uk\/wp-content\/uploads\/2024\/07\/israel-defense-forces-released-another-920471917.png?w=1440 1440w, https:\/\/www.thesun.co.uk\/wp-content\/uploads\/2024\/07\/israel-defense-forces-released-another-920471917.png?w=1860 1860w, https:\/\/www.thesun.co.uk\/wp-content\/uploads\/2024\/07\/israel-defense-forces-released-another-920471917.png?w=1340 1340w, https:\/\/www.thesun.co.uk\/wp-content\/uploads\/2024\/07\/israel-defense-forces-released-another-920471917.png?w=1920 1920w, https:\/\/www.thesun.co.uk\/wp-content\/uploads\/2024\/07\/israel-defense-forces-released-another-920471917.png?w=2480 2480w\" role=\"img\"\/><\/a><\/p>\n<p><span class=\"article__gallery-count-value\">10<\/span><\/p>\n<\/div><figcaption class=\"article__media-caption\"><span class=\"article__media-span\">IDF paskelb\u0117 \u0161\u012f tariamos raketos, pataikiusios \u012f Golano auk\u0161tumas, vaizd\u0105<\/span><span class=\"article__credit\">Kreditas: Izraelio gynybos paj\u0117gos<\/span><\/figcaption><\/figure>\n<figure class=\"article__media\">\n<div class=\"article__media-img-container open-gallery\" data-index=\"7\"><a href=\"#\"><img loading=\"lazy\" decoding=\"async\" alt=\"Jie palygino j\u0105 su \u0161ia Irano raketa\" height=\"763\" width=\"960\" class=\"lazyload\" src=\"https:\/\/www.thesun.co.uk\/wp-content\/uploads\/2024\/07\/israel-defense-forces-released-another-920471927.png\" data-credit=\"Israel Defense Forces\" data-sizes=\"(max-width: 375px) 335px, (max-width: 520px) 480px, 620px\" data-img=\"https:\/\/www.thesun.co.uk\/wp-content\/uploads\/2024\/07\/israel-defense-forces-released-another-920471927.png?strip=all&amp;w=960\" srcset=\"https:\/\/www.thesun.co.uk\/wp-content\/uploads\/2024\/07\/israel-defense-forces-released-another-920471927.png?w=335 335w, https:\/\/www.thesun.co.uk\/wp-content\/uploads\/2024\/07\/israel-defense-forces-released-another-920471927.png?w=480 480w, https:\/\/www.thesun.co.uk\/wp-content\/uploads\/2024\/07\/israel-defense-forces-released-another-920471927.png?w=620 620w, https:\/\/www.thesun.co.uk\/wp-content\/uploads\/2024\/07\/israel-defense-forces-released-another-920471927.png?w=670 670w, https:\/\/www.thesun.co.uk\/wp-content\/uploads\/2024\/07\/israel-defense-forces-released-another-920471927.png?w=960 960w, https:\/\/www.thesun.co.uk\/wp-content\/uploads\/2024\/07\/israel-defense-forces-released-another-920471927.png?w=1240 1240w, https:\/\/www.thesun.co.uk\/wp-content\/uploads\/2024\/07\/israel-defense-forces-released-another-920471927.png?w=1005 1005w, https:\/\/www.thesun.co.uk\/wp-content\/uploads\/2024\/07\/israel-defense-forces-released-another-920471927.png?w=1440 1440w, https:\/\/www.thesun.co.uk\/wp-content\/uploads\/2024\/07\/israel-defense-forces-released-another-920471927.png?w=1860 1860w, https:\/\/www.thesun.co.uk\/wp-content\/uploads\/2024\/07\/israel-defense-forces-released-another-920471927.png?w=1340 1340w, https:\/\/www.thesun.co.uk\/wp-content\/uploads\/2024\/07\/israel-defense-forces-released-another-920471927.png?w=1920 1920w, https:\/\/www.thesun.co.uk\/wp-content\/uploads\/2024\/07\/israel-defense-forces-released-another-920471927.png?w=2480 2480w\" role=\"img\"\/><\/a><\/p>\n<p><span class=\"article__gallery-count-value\">10<\/span><\/p>\n<\/div><figcaption class=\"article__media-caption\"><span class=\"article__media-span\">Jie palygino j\u0105 su \u0161ia Irano raketa<\/span><span class=\"article__credit\">Kreditas: Izraelio gynybos paj\u0117gos<\/span><\/figcaption><\/figure>\n<figure class=\"article__media\">\n<div class=\"article__media-img-container open-gallery\" data-index=\"8\"><a href=\"#\"><img decoding=\"async\" alt=\"Po jaun\u0173 vyr\u0173 ir moter\u0173 mirties Majdal \u0160amso gatves u\u017epl\u016bdo laidotuvi\u0173 procesijos\" class=\"lazyload\" src=\"https:\/\/www.thesun.co.uk\/wp-content\/uploads\/2024\/07\/thousands-attend-funeral-ceremony-people-920363378.jpg\" data-credit=\"\" data-sizes=\"(max-width: 375px) 335px, (max-width: 520px) 480px, 620px\" data-img=\"https:\/\/www.thesun.co.uk\/wp-content\/uploads\/2024\/07\/thousands-attend-funeral-ceremony-people-920363378.jpg\" srcset=\"https:\/\/www.thesun.co.uk\/wp-content\/uploads\/2024\/07\/thousands-attend-funeral-ceremony-people-920363378.jpg?w=335 335w, https:\/\/www.thesun.co.uk\/wp-content\/uploads\/2024\/07\/thousands-attend-funeral-ceremony-people-920363378.jpg?w=480 480w, https:\/\/www.thesun.co.uk\/wp-content\/uploads\/2024\/07\/thousands-attend-funeral-ceremony-people-920363378.jpg?w=620 620w, https:\/\/www.thesun.co.uk\/wp-content\/uploads\/2024\/07\/thousands-attend-funeral-ceremony-people-920363378.jpg?w=670 670w, https:\/\/www.thesun.co.uk\/wp-content\/uploads\/2024\/07\/thousands-attend-funeral-ceremony-people-920363378.jpg?w=960 960w, https:\/\/www.thesun.co.uk\/wp-content\/uploads\/2024\/07\/thousands-attend-funeral-ceremony-people-920363378.jpg?w=1240 1240w, https:\/\/www.thesun.co.uk\/wp-content\/uploads\/2024\/07\/thousands-attend-funeral-ceremony-people-920363378.jpg?w=1005 1005w, https:\/\/www.thesun.co.uk\/wp-content\/uploads\/2024\/07\/thousands-attend-funeral-ceremony-people-920363378.jpg?w=1440 1440w, https:\/\/www.thesun.co.uk\/wp-content\/uploads\/2024\/07\/thousands-attend-funeral-ceremony-people-920363378.jpg?w=1860 1860w, https:\/\/www.thesun.co.uk\/wp-content\/uploads\/2024\/07\/thousands-attend-funeral-ceremony-people-920363378.jpg?w=1340 1340w, https:\/\/www.thesun.co.uk\/wp-content\/uploads\/2024\/07\/thousands-attend-funeral-ceremony-people-920363378.jpg?w=1920 1920w, https:\/\/www.thesun.co.uk\/wp-content\/uploads\/2024\/07\/thousands-attend-funeral-ceremony-people-920363378.jpg?w=2480 2480w\" role=\"img\"\/><\/a><\/p>\n<p><span class=\"article__gallery-count-value\">10<\/span><\/p>\n<\/div><figcaption class=\"article__media-caption\"><span class=\"article__media-span\">Po jaun\u0173 vyr\u0173 ir moter\u0173 mirties Majdal \u0160amso gatves u\u017epl\u016bdo laidotuvi\u0173 procesijos<\/span><\/figcaption><\/figure>\n<figure class=\"article__media\">\n<div class=\"article__media-img-container open-gallery\" data-index=\"9\"><a href=\"#\"><img decoding=\"async\" alt=\"Futbolo aik\u0161t\u0117s streiko vieta\" class=\"lazyload\" src=\"https:\/\/www.thesun.co.uk\/wp-content\/uploads\/2024\/07\/2024-least-11-people-killed-920173531.jpg\" data-credit=\"\" data-sizes=\"(max-width: 375px) 335px, (max-width: 520px) 480px, 620px\" data-img=\"https:\/\/www.thesun.co.uk\/wp-content\/uploads\/2024\/07\/2024-least-11-people-killed-920173531.jpg\" srcset=\"https:\/\/www.thesun.co.uk\/wp-content\/uploads\/2024\/07\/2024-least-11-people-killed-920173531.jpg?w=335 335w, https:\/\/www.thesun.co.uk\/wp-content\/uploads\/2024\/07\/2024-least-11-people-killed-920173531.jpg?w=480 480w, https:\/\/www.thesun.co.uk\/wp-content\/uploads\/2024\/07\/2024-least-11-people-killed-920173531.jpg?w=620 620w, https:\/\/www.thesun.co.uk\/wp-content\/uploads\/2024\/07\/2024-least-11-people-killed-920173531.jpg?w=670 670w, https:\/\/www.thesun.co.uk\/wp-content\/uploads\/2024\/07\/2024-least-11-people-killed-920173531.jpg?w=960 960w, https:\/\/www.thesun.co.uk\/wp-content\/uploads\/2024\/07\/2024-least-11-people-killed-920173531.jpg?w=1240 1240w, https:\/\/www.thesun.co.uk\/wp-content\/uploads\/2024\/07\/2024-least-11-people-killed-920173531.jpg?w=1005 1005w, https:\/\/www.thesun.co.uk\/wp-content\/uploads\/2024\/07\/2024-least-11-people-killed-920173531.jpg?w=1440 1440w, https:\/\/www.thesun.co.uk\/wp-content\/uploads\/2024\/07\/2024-least-11-people-killed-920173531.jpg?w=1860 1860w, https:\/\/www.thesun.co.uk\/wp-content\/uploads\/2024\/07\/2024-least-11-people-killed-920173531.jpg?w=1340 1340w, https:\/\/www.thesun.co.uk\/wp-content\/uploads\/2024\/07\/2024-least-11-people-killed-920173531.jpg?w=1920 1920w, https:\/\/www.thesun.co.uk\/wp-content\/uploads\/2024\/07\/2024-least-11-people-killed-920173531.jpg?w=2480 2480w\" role=\"img\"\/><\/a><\/p>\n<p><span class=\"article__gallery-count-value\">10<\/span><\/p>\n<\/div><figcaption class=\"article__media-caption\"><span class=\"article__media-span\">Futbolo aik\u0161t\u0117s streiko vieta<\/span><\/figcaption><\/figure>\n<figure class=\"article__media\">\n<div class=\"article__media-img-container open-gallery\" data-index=\"10\"><a href=\"#\"><img decoding=\"async\" alt=\"D\u016bmai kyla po i\u0161puoli\u0173 i\u0161 Libano netoli Izraelio sienos\" class=\"lazyload\" src=\"https:\/\/www.thesun.co.uk\/wp-content\/uploads\/2024\/06\/smoke-fire-rises-following-border-906768179.jpg\" data-credit=\"\" data-sizes=\"(max-width: 375px) 335px, (max-width: 520px) 480px, 620px\" data-img=\"https:\/\/www.thesun.co.uk\/wp-content\/uploads\/2024\/06\/smoke-fire-rises-following-border-906768179.jpg\" srcset=\"https:\/\/www.thesun.co.uk\/wp-content\/uploads\/2024\/06\/smoke-fire-rises-following-border-906768179.jpg?w=335 335w, https:\/\/www.thesun.co.uk\/wp-content\/uploads\/2024\/06\/smoke-fire-rises-following-border-906768179.jpg?w=480 480w, https:\/\/www.thesun.co.uk\/wp-content\/uploads\/2024\/06\/smoke-fire-rises-following-border-906768179.jpg?w=620 620w, https:\/\/www.thesun.co.uk\/wp-content\/uploads\/2024\/06\/smoke-fire-rises-following-border-906768179.jpg?w=670 670w, https:\/\/www.thesun.co.uk\/wp-content\/uploads\/2024\/06\/smoke-fire-rises-following-border-906768179.jpg?w=960 960w, https:\/\/www.thesun.co.uk\/wp-content\/uploads\/2024\/06\/smoke-fire-rises-following-border-906768179.jpg?w=1240 1240w, https:\/\/www.thesun.co.uk\/wp-content\/uploads\/2024\/06\/smoke-fire-rises-following-border-906768179.jpg?w=1005 1005w, https:\/\/www.thesun.co.uk\/wp-content\/uploads\/2024\/06\/smoke-fire-rises-following-border-906768179.jpg?w=1440 1440w, https:\/\/www.thesun.co.uk\/wp-content\/uploads\/2024\/06\/smoke-fire-rises-following-border-906768179.jpg?w=1860 1860w, https:\/\/www.thesun.co.uk\/wp-content\/uploads\/2024\/06\/smoke-fire-rises-following-border-906768179.jpg?w=1340 1340w, https:\/\/www.thesun.co.uk\/wp-content\/uploads\/2024\/06\/smoke-fire-rises-following-border-906768179.jpg?w=1920 1920w, https:\/\/www.thesun.co.uk\/wp-content\/uploads\/2024\/06\/smoke-fire-rises-following-border-906768179.jpg?w=2480 2480w\" role=\"img\"\/><\/a><\/p>\n<p><span class=\"article__gallery-count-value\">10<\/span><\/p>\n<\/div><figcaption class=\"article__media-caption\"><span class=\"article__media-span\">D\u016bmai kyla po i\u0161puoli\u0173 i\u0161 Libano netoli Izraelio sienos<\/span><\/figcaption><\/figure>\n<\/div>\n<p><br \/>\n<br \/><a href=\"https:\/\/www.thesun.co.uk\/news\/29528317\/hezbollah-israel-ww3-netanyahu-golan-heights\/\">Source link <\/a><\/p>\n","protected":false},"excerpt":{"rendered":"<p>IZRAELO u\u017esienio reikal\u0173 ministras persp\u0117jo d\u0117l \u201evisi\u0161ko karo\u201c su \u201eHizbollah\u201c, apkaltin\u0119s kovotoj\u0173 grupuot\u0119 d\u0117l raket\u0173 atakos Golano auk\u0161tumose. \u0160e\u0161tadienio vakar\u0105 raketa pataik\u0117 \u012f kaim\u0105 Izraelio okupuotame regione. \u017euvo 12 jaunuoli\u0173 \u012fskaitant vaikus. 10 Izraelio premjeras Benjaminas Netanyahu sekmadienio vakar\u0105 bendravo su saugumo ministrais ir kariuomene, kad aptart\u0173 atsak\u0105 \u012f Golan\u0105Kreditas: GPO 10 Raketos ataka pataik\u0117 [&hellip;]<\/p>\n","protected":false},"author":1,"featured_media":122,"comment_status":"open","ping_status":"open","sticky":false,"template":"","format":"standard","meta":{"om_disable_all_campaigns":false,"_monsterinsights_skip_tracking":false,"_monsterinsights_sitenote_active":false,"_monsterinsights_sitenote_note":"","_monsterinsights_sitenote_category":0,"footnotes":""},"categories":[4],"tags":[],"class_list":["post-121","post","type-post","status-publish","format-standard","has-post-thumbnail","hentry","category-pasaulio-naujienos"],"aioseo_notices":[],"_links":{"self":[{"href":"https:\/\/sekmesreceptas.lt\/index.php\/wp-json\/wp\/v2\/posts\/121","targetHints":{"allow":["GET"]}}],"collection":[{"href":"https:\/\/sekmesreceptas.lt\/index.php\/wp-json\/wp\/v2\/posts"}],"about":[{"href":"https:\/\/sekmesreceptas.lt\/index.php\/wp-json\/wp\/v2\/types\/post"}],"author":[{"embeddable":true,"href":"https:\/\/sekmesreceptas.lt\/index.php\/wp-json\/wp\/v2\/users\/1"}],"replies":[{"embeddable":true,"href":"https:\/\/sekmesreceptas.lt\/index.php\/wp-json\/wp\/v2\/comments?post=121"}],"version-history":[{"count":0,"href":"https:\/\/sekmesreceptas.lt\/index.php\/wp-json\/wp\/v2\/posts\/121\/revisions"}],"wp:featuredmedia":[{"embeddable":true,"href":"https:\/\/sekmesreceptas.lt\/index.php\/wp-json\/wp\/v2\/media\/122"}],"wp:attachment":[{"href":"https:\/\/sekmesreceptas.lt\/index.php\/wp-json\/wp\/v2\/media?parent=121"}],"wp:term":[{"taxonomy":"category","embeddable":true,"href":"https:\/\/sekmesreceptas.lt\/index.php\/wp-json\/wp\/v2\/categories?post=121"},{"taxonomy":"post_tag","embeddable":true,"href":"https:\/\/sekmesreceptas.lt\/index.php\/wp-json\/wp\/v2\/tags?post=121"}],"curies":[{"name":"wp","href":"https:\/\/api.w.org\/{rel}","templated":true}]}}