{"id":145,"date":"2024-08-01T07:01:53","date_gmt":"2024-08-01T07:01:53","guid":{"rendered":"https:\/\/sekmesreceptas.lt\/index.php\/2024\/08\/01\/irano-lyderis-isako-tiesiogini-smugi-izraeliui-kersydamas-uz-hamas-vado-nuzudyma-baiminantis-del-karo\/"},"modified":"2024-08-01T07:01:53","modified_gmt":"2024-08-01T07:01:53","slug":"irano-lyderis-isako-tiesiogini-smugi-izraeliui-kersydamas-uz-hamas-vado-nuzudyma-baiminantis-del-karo","status":"publish","type":"post","link":"https:\/\/sekmesreceptas.lt\/index.php\/2024\/08\/01\/irano-lyderis-isako-tiesiogini-smugi-izraeliui-kersydamas-uz-hamas-vado-nuzudyma-baiminantis-del-karo\/","title":{"rendered":"Irano lyderis \u201e\u012fsako tiesiogin\u012f sm\u016bg\u012f Izraeliui\u201c, ker\u0161ydamas u\u017e \u201eHamas\u201c vado \u201enu\u017eudym\u0105\u201c, baiminantis d\u0117l karo."},"content":{"rendered":"<p> <br \/>\n<\/p>\n<div>\n<p>Negailestingas Irano lyderis \u012fsak\u0117 surengti \u201etiesiogin\u0119 atak\u0105 prie\u0161 Izrael\u012f\u201c, kai \u012ftariamas Izraelio aviacijos sm\u016bgis atakavo auk\u0161t\u0105 \u201eHamas\u201c lyder\u012f, tvirtino Irano pareig\u016bnai.<\/p>\n<p>Auk\u0161\u010diausiasis lyderis ajatola Ali Khameni tre\u010diadienio ryt\u0105 skubiame saugumo pos\u0117dyje paskelb\u0117 rimt\u0105 \u012fsakym\u0105 \u2013 i\u0161kart po to, kai Iranas parei\u0161k\u0117 pretenzijas. <a href=\"https:\/\/www.thesun.co.uk\/news\/29585232\/middle-east-iran-israel-hamas-ww3-ismail-haniyeh\/\">Ismailas Haniyehas buvo nu\u017eudytas<\/a>. <\/p>\n<figure class=\"article__media\">\n<div class=\"article__media-img-container open-gallery\" data-index=\"1\"><a href=\"#\"><img loading=\"lazy\" decoding=\"async\" alt=\"Ismailas Haniyehas su Irano auk\u0161\u010diausiuoju lyderiu ajatola Ali Khamenei, kuris pa\u017ead\u0117jo atker\u0161yti u\u017e jo mirt\u012f\" height=\"363\" width=\"482\" class=\"lazyload\" src=\"https:\/\/www.thesun.co.uk\/wp-content\/uploads\/2024\/07\/image_a653a6.png\" data-credit=\"Getty\" data-sizes=\"(max-width: 375px) 335px, (max-width: 520px) 480px, 620px\" data-img=\"https:\/\/www.thesun.co.uk\/wp-content\/uploads\/2024\/07\/image_a653a6.png?strip=all&amp;w=482\" srcset=\"https:\/\/www.thesun.co.uk\/wp-content\/uploads\/2024\/07\/image_a653a6.png?w=335 335w, https:\/\/www.thesun.co.uk\/wp-content\/uploads\/2024\/07\/image_a653a6.png?w=480 480w, https:\/\/www.thesun.co.uk\/wp-content\/uploads\/2024\/07\/image_a653a6.png?w=620 620w, https:\/\/www.thesun.co.uk\/wp-content\/uploads\/2024\/07\/image_a653a6.png?w=670 670w, https:\/\/www.thesun.co.uk\/wp-content\/uploads\/2024\/07\/image_a653a6.png?w=960 960w, https:\/\/www.thesun.co.uk\/wp-content\/uploads\/2024\/07\/image_a653a6.png?w=1240 1240w, https:\/\/www.thesun.co.uk\/wp-content\/uploads\/2024\/07\/image_a653a6.png?w=1005 1005w, https:\/\/www.thesun.co.uk\/wp-content\/uploads\/2024\/07\/image_a653a6.png?w=1440 1440w, https:\/\/www.thesun.co.uk\/wp-content\/uploads\/2024\/07\/image_a653a6.png?w=1860 1860w, https:\/\/www.thesun.co.uk\/wp-content\/uploads\/2024\/07\/image_a653a6.png?w=1340 1340w, https:\/\/www.thesun.co.uk\/wp-content\/uploads\/2024\/07\/image_a653a6.png?w=1920 1920w, https:\/\/www.thesun.co.uk\/wp-content\/uploads\/2024\/07\/image_a653a6.png?w=2480 2480w\" role=\"img\"\/><\/a><\/p>\n<p><span class=\"article__gallery-count-value\">12<\/span><\/p>\n<\/div><figcaption class=\"article__media-caption\"><span class=\"article__media-span\">Ismailas Haniyehas su Irano auk\u0161\u010diausiuoju lyderiu ajatola Ali Khamenei, kuris pa\u017ead\u0117jo atker\u0161yti u\u017e jo mirt\u012f<\/span><span class=\"article__credit\">Kreditas: Getty<\/span><\/figcaption><\/figure>\n<figure class=\"article__media\">\n<div class=\"article__media-img-container open-gallery\" data-index=\"2\"><a href=\"#\"><img loading=\"lazy\" decoding=\"async\" alt=\"Ismailas Haniyehas \u017euvo pirmadien\u012f per \u012ftariam\u0105 Izraelio atak\u0105\" height=\"960\" width=\"697\" class=\"lazyload\" src=\"https:\/\/www.thesun.co.uk\/wp-content\/uploads\/2024\/07\/image_1174a1.png\" data-credit=\"\" data-sizes=\"(max-width: 375px) 335px, (max-width: 520px) 480px, 620px\" data-img=\"https:\/\/www.thesun.co.uk\/wp-content\/uploads\/2024\/07\/image_1174a1.png?strip=all&amp;w=697\" srcset=\"https:\/\/www.thesun.co.uk\/wp-content\/uploads\/2024\/07\/image_1174a1.png?w=335 335w, https:\/\/www.thesun.co.uk\/wp-content\/uploads\/2024\/07\/image_1174a1.png?w=480 480w, https:\/\/www.thesun.co.uk\/wp-content\/uploads\/2024\/07\/image_1174a1.png?w=620 620w, https:\/\/www.thesun.co.uk\/wp-content\/uploads\/2024\/07\/image_1174a1.png?w=670 670w, https:\/\/www.thesun.co.uk\/wp-content\/uploads\/2024\/07\/image_1174a1.png?w=960 960w, https:\/\/www.thesun.co.uk\/wp-content\/uploads\/2024\/07\/image_1174a1.png?w=1240 1240w, https:\/\/www.thesun.co.uk\/wp-content\/uploads\/2024\/07\/image_1174a1.png?w=1005 1005w, https:\/\/www.thesun.co.uk\/wp-content\/uploads\/2024\/07\/image_1174a1.png?w=1440 1440w, https:\/\/www.thesun.co.uk\/wp-content\/uploads\/2024\/07\/image_1174a1.png?w=1860 1860w, https:\/\/www.thesun.co.uk\/wp-content\/uploads\/2024\/07\/image_1174a1.png?w=1340 1340w, https:\/\/www.thesun.co.uk\/wp-content\/uploads\/2024\/07\/image_1174a1.png?w=1920 1920w, https:\/\/www.thesun.co.uk\/wp-content\/uploads\/2024\/07\/image_1174a1.png?w=2480 2480w\" role=\"img\"\/><\/a><\/p>\n<p><span class=\"article__gallery-count-value\">12<\/span><\/p>\n<\/div><figcaption class=\"article__media-caption\"><span class=\"article__media-span\">Ismailas Haniyehas \u017euvo pirmadien\u012f per \u012ftariam\u0105 Izraelio atak\u0105<\/span><\/figcaption><\/figure>\n<figure class=\"article__media\">\n<div class=\"article__media-img-container open-gallery\" data-index=\"3\"><a href=\"#\"><img loading=\"lazy\" decoding=\"async\" alt=\"\u201eHezbollah\u201c kovotojai treniruojasi Libano Aaramtos kaime\" height=\"413\" width=\"620\" class=\"lazyload\" src=\"https:\/\/www.thesun.co.uk\/wp-content\/uploads\/2024\/08\/image.png\" data-credit=\"\" data-sizes=\"(max-width: 375px) 335px, (max-width: 520px) 480px, 620px\" data-img=\"https:\/\/www.thesun.co.uk\/wp-content\/uploads\/2024\/08\/image.png?strip=all&amp;w=620\" srcset=\"https:\/\/www.thesun.co.uk\/wp-content\/uploads\/2024\/08\/image.png?w=335 335w, https:\/\/www.thesun.co.uk\/wp-content\/uploads\/2024\/08\/image.png?w=480 480w, https:\/\/www.thesun.co.uk\/wp-content\/uploads\/2024\/08\/image.png?w=620 620w, https:\/\/www.thesun.co.uk\/wp-content\/uploads\/2024\/08\/image.png?w=670 670w, https:\/\/www.thesun.co.uk\/wp-content\/uploads\/2024\/08\/image.png?w=960 960w, https:\/\/www.thesun.co.uk\/wp-content\/uploads\/2024\/08\/image.png?w=1240 1240w, https:\/\/www.thesun.co.uk\/wp-content\/uploads\/2024\/08\/image.png?w=1005 1005w, https:\/\/www.thesun.co.uk\/wp-content\/uploads\/2024\/08\/image.png?w=1440 1440w, https:\/\/www.thesun.co.uk\/wp-content\/uploads\/2024\/08\/image.png?w=1860 1860w, https:\/\/www.thesun.co.uk\/wp-content\/uploads\/2024\/08\/image.png?w=1340 1340w, https:\/\/www.thesun.co.uk\/wp-content\/uploads\/2024\/08\/image.png?w=1920 1920w, https:\/\/www.thesun.co.uk\/wp-content\/uploads\/2024\/08\/image.png?w=2480 2480w\" role=\"img\"\/><\/a><\/p>\n<p><span class=\"article__gallery-count-value\">12<\/span><\/p>\n<\/div><figcaption class=\"article__media-caption\"><span class=\"article__media-span\">\u201eHezbollah\u201c kovotojai treniruojasi Libano Aaramtos kaime<\/span><\/figcaption><\/figure>\n<figure class=\"article__media\">\n<div class=\"article__media-img-container open-gallery\" data-index=\"4\"><a href=\"#\"><img loading=\"lazy\" decoding=\"async\" alt=\"Izraelis yra pasireng\u0119s reaguoti, kai ruo\u0161iasi konfliktui Libane\" height=\"413\" width=\"620\" class=\"lazyload\" src=\"https:\/\/www.thesun.co.uk\/wp-content\/uploads\/2024\/08\/image_04f82a.png\" data-credit=\"\" data-sizes=\"(max-width: 375px) 335px, (max-width: 520px) 480px, 620px\" data-img=\"https:\/\/www.thesun.co.uk\/wp-content\/uploads\/2024\/08\/image_04f82a.png?strip=all&amp;w=620\" srcset=\"https:\/\/www.thesun.co.uk\/wp-content\/uploads\/2024\/08\/image_04f82a.png?w=335 335w, https:\/\/www.thesun.co.uk\/wp-content\/uploads\/2024\/08\/image_04f82a.png?w=480 480w, https:\/\/www.thesun.co.uk\/wp-content\/uploads\/2024\/08\/image_04f82a.png?w=620 620w, https:\/\/www.thesun.co.uk\/wp-content\/uploads\/2024\/08\/image_04f82a.png?w=670 670w, https:\/\/www.thesun.co.uk\/wp-content\/uploads\/2024\/08\/image_04f82a.png?w=960 960w, https:\/\/www.thesun.co.uk\/wp-content\/uploads\/2024\/08\/image_04f82a.png?w=1240 1240w, https:\/\/www.thesun.co.uk\/wp-content\/uploads\/2024\/08\/image_04f82a.png?w=1005 1005w, https:\/\/www.thesun.co.uk\/wp-content\/uploads\/2024\/08\/image_04f82a.png?w=1440 1440w, https:\/\/www.thesun.co.uk\/wp-content\/uploads\/2024\/08\/image_04f82a.png?w=1860 1860w, https:\/\/www.thesun.co.uk\/wp-content\/uploads\/2024\/08\/image_04f82a.png?w=1340 1340w, https:\/\/www.thesun.co.uk\/wp-content\/uploads\/2024\/08\/image_04f82a.png?w=1920 1920w, https:\/\/www.thesun.co.uk\/wp-content\/uploads\/2024\/08\/image_04f82a.png?w=2480 2480w\" role=\"img\"\/><\/a><\/p>\n<p><span class=\"article__gallery-count-value\">12<\/span><\/p>\n<\/div><figcaption class=\"article__media-caption\"><span class=\"article__media-span\">Izraelis yra pasireng\u0119s reaguoti, kai ruo\u0161iasi konfliktui Libane<\/span><\/figcaption><\/figure>\n<figure class=\"article__media\">\n<div class=\"article__media-img-container\" data-index=\"4\"><a href=\"https:\/\/www.thesun.co.uk\/wp-content\/uploads\/2024\/07\/DD-31-07-hamas-leader-killed_b1fc77.jpg\"><img loading=\"lazy\" decoding=\"async\" height=\"960\" width=\"687\" class=\"lazyload alignnone size-thesun-article-image wp-image-29599148\" src=\"https:\/\/www.thesun.co.uk\/wp-content\/uploads\/2024\/07\/DD-31-07-hamas-leader-killed_b1fc77.jpg\" data-credit=\"\" data-sizes=\"(max-width: 375px) 335px, (max-width: 520px) 480px, 620px\" data-img=\"https:\/\/www.thesun.co.uk\/wp-content\/uploads\/2024\/07\/DD-31-07-hamas-leader-killed_b1fc77.jpg?strip=all&amp;w=687\" srcset=\"https:\/\/www.thesun.co.uk\/wp-content\/uploads\/2024\/07\/DD-31-07-hamas-leader-killed_b1fc77.jpg?w=335 335w, https:\/\/www.thesun.co.uk\/wp-content\/uploads\/2024\/07\/DD-31-07-hamas-leader-killed_b1fc77.jpg?w=480 480w, https:\/\/www.thesun.co.uk\/wp-content\/uploads\/2024\/07\/DD-31-07-hamas-leader-killed_b1fc77.jpg?w=620 620w, https:\/\/www.thesun.co.uk\/wp-content\/uploads\/2024\/07\/DD-31-07-hamas-leader-killed_b1fc77.jpg?w=670 670w, https:\/\/www.thesun.co.uk\/wp-content\/uploads\/2024\/07\/DD-31-07-hamas-leader-killed_b1fc77.jpg?w=960 960w, https:\/\/www.thesun.co.uk\/wp-content\/uploads\/2024\/07\/DD-31-07-hamas-leader-killed_b1fc77.jpg?w=1240 1240w, https:\/\/www.thesun.co.uk\/wp-content\/uploads\/2024\/07\/DD-31-07-hamas-leader-killed_b1fc77.jpg?w=1005 1005w, https:\/\/www.thesun.co.uk\/wp-content\/uploads\/2024\/07\/DD-31-07-hamas-leader-killed_b1fc77.jpg?w=1440 1440w, https:\/\/www.thesun.co.uk\/wp-content\/uploads\/2024\/07\/DD-31-07-hamas-leader-killed_b1fc77.jpg?w=1860 1860w, https:\/\/www.thesun.co.uk\/wp-content\/uploads\/2024\/07\/DD-31-07-hamas-leader-killed_b1fc77.jpg?w=1340 1340w, https:\/\/www.thesun.co.uk\/wp-content\/uploads\/2024\/07\/DD-31-07-hamas-leader-killed_b1fc77.jpg?w=1920 1920w, https:\/\/www.thesun.co.uk\/wp-content\/uploads\/2024\/07\/DD-31-07-hamas-leader-killed_b1fc77.jpg?w=2480 2480w\" role=\"img\"\/><\/a><\/div>\n<\/figure>\n<p><a href=\"https:\/\/www.thesun.co.uk\/where\/iran\/\">Iranas<\/a>atkaklus Hamas r\u0117m\u0117jas, sak\u0117, kad \u201eTeherano pareiga\u201c yra <a href=\"https:\/\/www.thesun.co.uk\/news\/29581973\/ismail-haniyeh-hamas-political-leader-israel-gaza-palestine\/\">\u201eker\u0161tas u\u017e Haniyeh krauj\u0105\u201c po to, kai jis buvo nu\u017eudytas sostin\u0117je<\/a>.<\/p>\n<p>Prane\u0161\u0117 trys Irano pareig\u016bnai, tarp j\u0173 du i\u0161 Revoliucin\u0117s gvardijos, kurios baiminamasi <a href=\"https:\/\/www.nytimes.com\/2024\/07\/31\/world\/middleeast\/iran-orders-attack-israel.html\" rel=\"nofollow\">\u201eNew York Times\u201c.<\/a> kad Khamen\u0117jus \u012fsak\u0117 armijos vir\u0161ininkams ruo\u0161tis smogti Izraeliui. <\/p>\n<p>Vie\u0161ame prane\u0161ime Khamenei nurod\u0117, kad Iranas imsis atsakom\u0173j\u0173 veiksm\u0173 d\u0117l Haniyeh mirties. <\/p>\n<p>Jis sak\u0117: \u201eM\u016bs\u0173 pareiga yra ker\u0161tas, o Izraelis paruo\u0161\u0117 sau grie\u017et\u0105 bausm\u0119, nu\u017eudydamas brang\u0173 sve\u010di\u0105 m\u016bs\u0173 namuose\u201c.<\/p>\n<div class=\"read-more-container theme-news read-more-container--article-entry t-010-background-color\" data-widget-title=\"Read more on the Middle East\" data-widget-article-count=\"2\">\n<div id=\"ez-toc-container\" class=\"ez-toc-v2_0_82_2 counter-hierarchy ez-toc-counter ez-toc-grey ez-toc-container-direction\">\n<div class=\"ez-toc-title-container\">\n<p class=\"ez-toc-title\" style=\"cursor:inherit\">Turinys:<\/p>\n<span class=\"ez-toc-title-toggle\"><a href=\"#\" class=\"ez-toc-pull-right ez-toc-btn ez-toc-btn-xs ez-toc-btn-default ez-toc-toggle\" aria-label=\"Toggle Table of Content\"><span class=\"ez-toc-js-icon-con\"><span class=\"\"><span class=\"eztoc-hide\" style=\"display:none;\">Toggle<\/span><span class=\"ez-toc-icon-toggle-span\"><svg style=\"fill: #999;color:#999\" xmlns=\"http:\/\/www.w3.org\/2000\/svg\" class=\"list-377408\" width=\"20px\" height=\"20px\" viewBox=\"0 0 24 24\" fill=\"none\"><path d=\"M6 6H4v2h2V6zm14 0H8v2h12V6zM4 11h2v2H4v-2zm16 0H8v2h12v-2zM4 16h2v2H4v-2zm16 0H8v2h12v-2z\" fill=\"currentColor\"><\/path><\/svg><svg style=\"fill: #999;color:#999\" class=\"arrow-unsorted-368013\" xmlns=\"http:\/\/www.w3.org\/2000\/svg\" width=\"10px\" height=\"10px\" viewBox=\"0 0 24 24\" version=\"1.2\" baseProfile=\"tiny\"><path d=\"M18.2 9.3l-6.2-6.3-6.2 6.3c-.2.2-.3.4-.3.7s.1.5.3.7c.2.2.4.3.7.3h11c.3 0 .5-.1.7-.3.2-.2.3-.5.3-.7s-.1-.5-.3-.7zM5.8 14.7l6.2 6.3 6.2-6.3c.2-.2.3-.5.3-.7s-.1-.5-.3-.7c-.2-.2-.4-.3-.7-.3h-11c-.3 0-.5.1-.7.3-.2.2-.3.5-.3.7s.1.5.3.7z\"\/><\/svg><\/span><\/span><\/span><\/a><\/span><\/div>\n<nav><ul class='ez-toc-list ez-toc-list-level-1 ' ><li class='ez-toc-page-1 ez-toc-heading-level-2'><a class=\"ez-toc-link ez-toc-heading-1\" href=\"https:\/\/sekmesreceptas.lt\/index.php\/2024\/08\/01\/irano-lyderis-isako-tiesiogini-smugi-izraeliui-kersydamas-uz-hamas-vado-nuzudyma-baiminantis-del-karo\/#Skaitykite_daugiau_apie_Artimuosius_Rytus\" >Skaitykite daugiau apie Artimuosius Rytus<\/a><ul class='ez-toc-list-level-3' ><li class='ez-toc-heading-level-3'><a class=\"ez-toc-link ez-toc-heading-2\" href=\"https:\/\/sekmesreceptas.lt\/index.php\/2024\/08\/01\/irano-lyderis-isako-tiesiogini-smugi-izraeliui-kersydamas-uz-hamas-vado-nuzudyma-baiminantis-del-karo\/#Kas_buvo_Ismailas_Haniyehas\" >Kas buvo Ismailas Haniyehas?<\/a><\/li><\/ul><\/li><\/ul><\/nav><\/div>\n<h2 class=\"read-more-container_title\" data-original-text=\"Read more on the Middle East\"><span class=\"ez-toc-section\" id=\"Skaitykite_daugiau_apie_Artimuosius_Rytus\"><\/span>Skaitykite daugiau apie Artimuosius Rytus<span class=\"ez-toc-section-end\"><\/span><\/h2>\n<\/div>\n<p>Haniyeh nu\u017eudymas taip pat gali paskatinti Hamas pasitraukti i\u0161 deryb\u0173 d\u0117l paliaub\u0173 ir susitarimo d\u0117l \u012fkait\u0173 paleidimo per 10 m\u0117nesi\u0173 trunkant\u012f kar\u0105 Gazoje, kuris, pasak JAV tarpinink\u0173, daro pa\u017eang\u0105.<\/p>\n<p><a href=\"https:\/\/www.thesun.co.uk\/news\/29585232\/middle-east-iran-israel-hamas-ww3-ismail-haniyeh\/\" rel=\"\">Ir tai gali pakurstyti jau kylan\u010di\u0105 \u012ftamp\u0105<\/a> tarp Izraelio ir \u201eHezbollah\u201c, kuri\u0105 tarptautiniai diplomatai band\u0117 sutramdyti po savaitgalio <a href=\"https:\/\/www.thesun.co.uk\/news\/29515318\/israel-lebanon-strike-ten-dead-hezbollah\/\" rel=\"\">raket\u0173 ataka, per kuri\u0105 \u017euvo 12 jaunuoli\u0173 Izraelio kontroliuojamose Golano auk\u0161tumose<\/a>.<\/p>\n<p>Izraelis antradienio vakar\u0105 sureng\u0117 ret\u0105 sm\u016bg\u012f Libano sostin\u0117je, per kur\u012f, kaip teigiama, \u017euvo auk\u0161\u010diausias \u201eHezbollah\u201c vadas, \u012ftariamas u\u017e raketos sm\u016bgio. <\/p>\n<p>\u201eHezbollah\u201c, kuri neig\u0117 bet kok\u012f vaidmen\u012f Golano sm\u016bgie, tre\u010diadien\u012f patvirtino Fouado Shukuro \u017e\u016bt\u012f, sakydama, kad jis buvo pastate, kuris nukent\u0117jo. <\/p>\n<p>Anot libanie\u010di\u0173, per streik\u0105 taip pat \u017euvo trys moterys ir du vaikai <span id=\"7d42f146-57db-445a-bef7-e57ec561c9c6\" class=\"suggested-link\">Sveikata<\/span> ministerija.<\/p>\n<p>Tuo tarpu Iranas paskelb\u0117 u\u017edarantis savo oro erdv\u0119, sakoma nepatvirtint\u0173 prane\u0161im\u0173.<\/p>\n<p>\u201eD\u0117l karin\u0117s veiklos oro erdv\u0117 bus u\u017edaryta kelioms valandoms\u201c, \u2013 ra\u0161oma \u201eTelegram\u201c \u017einut\u0117je.<\/p>\n<p><a href=\"https:\/\/www.thesun.co.uk\/news\/29597992\/middle-east-tensions-dangerous-israel-hezbollah-revenge-attack\/\" rel=\"\">Artimieji Rytai dabar vyrauja audringiausioje vietoje<\/a> nuo pra\u0117jusi\u0173 met\u0173 spalio 7 d. \u017eudyni\u0173, kurios suk\u0117l\u0117 \u017eiaur\u0173 kar\u0105 Gazoje.<\/p>\n<p>Iranas ir \u201eHamas\u201c apkaltino Izrael\u012f Haniyeh nu\u017eudymu.<\/p>\n<p>Ta\u010diau Izraelis, kariaujantis su \u201eHamas\u201c Gazos Ruo\u017ee, nei pripa\u017eino, nei neneig\u0117 nu\u017eud\u0119s terorist\u0173 bos\u0105, kuris Teherane dalyvavo naujojo Irano prezidento inauguracijoje.<\/p>\n<div id=\"bc-video-6359666202112\" class=\"brightcove\"><span class=\"article__bc_video-caption\">Auk\u0161\u010diausias \u201eHamas\u201c lyderis \u201enukautas per Izraelio reid\u0105 jo namuose Irane\u201c<\/span><\/div>\n<figure class=\"article__media\">\n<div class=\"article__media-img-container open-gallery\" data-index=\"5\"><a href=\"#\"><img loading=\"lazy\" decoding=\"async\" alt=\"Palestinie\u010diai ne\u0161a Haniyeh portret\u0105 prie\u0161ais sugriuvus\u012f pastat\u0105\" height=\"640\" width=\"960\" class=\"lazyload\" src=\"https:\/\/www.thesun.co.uk\/wp-content\/uploads\/2024\/07\/palestinians-carry-portrait-hamas-political-921234890.jpg\" data-credit=\"Getty\" data-sizes=\"(max-width: 375px) 335px, (max-width: 520px) 480px, 620px\" data-img=\"https:\/\/www.thesun.co.uk\/wp-content\/uploads\/2024\/07\/palestinians-carry-portrait-hamas-political-921234890.jpg?strip=all&amp;w=960\" srcset=\"https:\/\/www.thesun.co.uk\/wp-content\/uploads\/2024\/07\/palestinians-carry-portrait-hamas-political-921234890.jpg?w=335 335w, https:\/\/www.thesun.co.uk\/wp-content\/uploads\/2024\/07\/palestinians-carry-portrait-hamas-political-921234890.jpg?w=480 480w, https:\/\/www.thesun.co.uk\/wp-content\/uploads\/2024\/07\/palestinians-carry-portrait-hamas-political-921234890.jpg?w=620 620w, https:\/\/www.thesun.co.uk\/wp-content\/uploads\/2024\/07\/palestinians-carry-portrait-hamas-political-921234890.jpg?w=670 670w, https:\/\/www.thesun.co.uk\/wp-content\/uploads\/2024\/07\/palestinians-carry-portrait-hamas-political-921234890.jpg?w=960 960w, https:\/\/www.thesun.co.uk\/wp-content\/uploads\/2024\/07\/palestinians-carry-portrait-hamas-political-921234890.jpg?w=1240 1240w, https:\/\/www.thesun.co.uk\/wp-content\/uploads\/2024\/07\/palestinians-carry-portrait-hamas-political-921234890.jpg?w=1005 1005w, https:\/\/www.thesun.co.uk\/wp-content\/uploads\/2024\/07\/palestinians-carry-portrait-hamas-political-921234890.jpg?w=1440 1440w, https:\/\/www.thesun.co.uk\/wp-content\/uploads\/2024\/07\/palestinians-carry-portrait-hamas-political-921234890.jpg?w=1860 1860w, https:\/\/www.thesun.co.uk\/wp-content\/uploads\/2024\/07\/palestinians-carry-portrait-hamas-political-921234890.jpg?w=1340 1340w, https:\/\/www.thesun.co.uk\/wp-content\/uploads\/2024\/07\/palestinians-carry-portrait-hamas-political-921234890.jpg?w=1920 1920w, https:\/\/www.thesun.co.uk\/wp-content\/uploads\/2024\/07\/palestinians-carry-portrait-hamas-political-921234890.jpg?w=2480 2480w\" role=\"img\"\/><\/a><\/p>\n<p><span class=\"article__gallery-count-value\">12<\/span><\/p>\n<\/div><figcaption class=\"article__media-caption\"><span class=\"article__media-span\">Palestinie\u010diai ne\u0161a Haniyeh portret\u0105 prie\u0161ais sugriuvus\u012f pastat\u0105<\/span><span class=\"article__credit\">Kreditas: Getty<\/span><\/figcaption><\/figure>\n<figure class=\"article__media\">\n<div class=\"article__media-img-container open-gallery\" data-index=\"6\"><a href=\"#\"><img loading=\"lazy\" decoding=\"async\" alt=\"Haniyeh per inauguracijos ceremonij\u0105 pir\u0161tais i\u0161trauk\u0117 taikos \u017eenkl\u0105\" height=\"640\" width=\"960\" class=\"lazyload\" src=\"https:\/\/www.thesun.co.uk\/wp-content\/uploads\/2024\/07\/officials-flash-victory-sign-swearing-921204385.jpg\" data-credit=\"AFP\" data-sizes=\"(max-width: 375px) 335px, (max-width: 520px) 480px, 620px\" data-img=\"https:\/\/www.thesun.co.uk\/wp-content\/uploads\/2024\/07\/officials-flash-victory-sign-swearing-921204385.jpg?strip=all&amp;w=960\" srcset=\"https:\/\/www.thesun.co.uk\/wp-content\/uploads\/2024\/07\/officials-flash-victory-sign-swearing-921204385.jpg?w=335 335w, https:\/\/www.thesun.co.uk\/wp-content\/uploads\/2024\/07\/officials-flash-victory-sign-swearing-921204385.jpg?w=480 480w, https:\/\/www.thesun.co.uk\/wp-content\/uploads\/2024\/07\/officials-flash-victory-sign-swearing-921204385.jpg?w=620 620w, https:\/\/www.thesun.co.uk\/wp-content\/uploads\/2024\/07\/officials-flash-victory-sign-swearing-921204385.jpg?w=670 670w, https:\/\/www.thesun.co.uk\/wp-content\/uploads\/2024\/07\/officials-flash-victory-sign-swearing-921204385.jpg?w=960 960w, https:\/\/www.thesun.co.uk\/wp-content\/uploads\/2024\/07\/officials-flash-victory-sign-swearing-921204385.jpg?w=1240 1240w, https:\/\/www.thesun.co.uk\/wp-content\/uploads\/2024\/07\/officials-flash-victory-sign-swearing-921204385.jpg?w=1005 1005w, https:\/\/www.thesun.co.uk\/wp-content\/uploads\/2024\/07\/officials-flash-victory-sign-swearing-921204385.jpg?w=1440 1440w, https:\/\/www.thesun.co.uk\/wp-content\/uploads\/2024\/07\/officials-flash-victory-sign-swearing-921204385.jpg?w=1860 1860w, https:\/\/www.thesun.co.uk\/wp-content\/uploads\/2024\/07\/officials-flash-victory-sign-swearing-921204385.jpg?w=1340 1340w, https:\/\/www.thesun.co.uk\/wp-content\/uploads\/2024\/07\/officials-flash-victory-sign-swearing-921204385.jpg?w=1920 1920w, https:\/\/www.thesun.co.uk\/wp-content\/uploads\/2024\/07\/officials-flash-victory-sign-swearing-921204385.jpg?w=2480 2480w\" role=\"img\"\/><\/a><\/p>\n<p><span class=\"article__gallery-count-value\">12<\/span><\/p>\n<\/div><figcaption class=\"article__media-caption\"><span class=\"article__media-span\">Haniyeh per inauguracijos ceremonij\u0105 pir\u0161tais i\u0161trauk\u0117 taikos \u017eenkl\u0105<\/span><span class=\"article__credit\">Kreditas: AFP<\/span><\/figcaption><\/figure>\n<figure class=\"article__media\">\n<div class=\"article__media-img-container open-gallery\" data-index=\"7\"><a href=\"#\"><img loading=\"lazy\" decoding=\"async\" alt=\"Palestinie\u010diai, protestuodami prie\u0161 Haniyeh nu\u017eudym\u0105, d\u0117vi \u201eHamas\u201c kovotoj\u0173 grup\u0117s \u0161alikus ir galvos rai\u0161\u010dius\" height=\"640\" width=\"960\" class=\"lazyload\" src=\"https:\/\/www.thesun.co.uk\/wp-content\/uploads\/2024\/07\/palestinians-wear-hamas-militant-group-921241107.jpg\" data-credit=\"AP\" data-sizes=\"(max-width: 375px) 335px, (max-width: 520px) 480px, 620px\" data-img=\"https:\/\/www.thesun.co.uk\/wp-content\/uploads\/2024\/07\/palestinians-wear-hamas-militant-group-921241107.jpg?strip=all&amp;w=960\" srcset=\"https:\/\/www.thesun.co.uk\/wp-content\/uploads\/2024\/07\/palestinians-wear-hamas-militant-group-921241107.jpg?w=335 335w, https:\/\/www.thesun.co.uk\/wp-content\/uploads\/2024\/07\/palestinians-wear-hamas-militant-group-921241107.jpg?w=480 480w, https:\/\/www.thesun.co.uk\/wp-content\/uploads\/2024\/07\/palestinians-wear-hamas-militant-group-921241107.jpg?w=620 620w, https:\/\/www.thesun.co.uk\/wp-content\/uploads\/2024\/07\/palestinians-wear-hamas-militant-group-921241107.jpg?w=670 670w, https:\/\/www.thesun.co.uk\/wp-content\/uploads\/2024\/07\/palestinians-wear-hamas-militant-group-921241107.jpg?w=960 960w, https:\/\/www.thesun.co.uk\/wp-content\/uploads\/2024\/07\/palestinians-wear-hamas-militant-group-921241107.jpg?w=1240 1240w, https:\/\/www.thesun.co.uk\/wp-content\/uploads\/2024\/07\/palestinians-wear-hamas-militant-group-921241107.jpg?w=1005 1005w, https:\/\/www.thesun.co.uk\/wp-content\/uploads\/2024\/07\/palestinians-wear-hamas-militant-group-921241107.jpg?w=1440 1440w, https:\/\/www.thesun.co.uk\/wp-content\/uploads\/2024\/07\/palestinians-wear-hamas-militant-group-921241107.jpg?w=1860 1860w, https:\/\/www.thesun.co.uk\/wp-content\/uploads\/2024\/07\/palestinians-wear-hamas-militant-group-921241107.jpg?w=1340 1340w, https:\/\/www.thesun.co.uk\/wp-content\/uploads\/2024\/07\/palestinians-wear-hamas-militant-group-921241107.jpg?w=1920 1920w, https:\/\/www.thesun.co.uk\/wp-content\/uploads\/2024\/07\/palestinians-wear-hamas-militant-group-921241107.jpg?w=2480 2480w\" role=\"img\"\/><\/a><\/p>\n<p><span class=\"article__gallery-count-value\">12<\/span><\/p>\n<\/div><figcaption class=\"article__media-caption\"><span class=\"article__media-span\">Palestinie\u010diai, protestuodami prie\u0161 Haniyeh nu\u017eudym\u0105, d\u0117vi \u201eHamas\u201c kovotoj\u0173 grup\u0117s \u0161alikus ir galvos rai\u0161\u010dius<\/span><span class=\"article__credit\">Kreditas: AP<\/span><\/figcaption><\/figure>\n<figure class=\"article__media\">\n<div class=\"article__media-img-container open-gallery\" data-index=\"8\"><a href=\"#\"><img loading=\"lazy\" decoding=\"async\" height=\"960\" width=\"735\" class=\"lazyload alignnone size-thesun-article-image wp-image-29601641\" src=\"https:\/\/www.thesun.co.uk\/wp-content\/uploads\/2024\/07\/MR-HAMAS-PRECISION-STRIKE.jpg\" data-credit=\"\" data-sizes=\"(max-width: 375px) 335px, (max-width: 520px) 480px, 620px\" data-img=\"https:\/\/www.thesun.co.uk\/wp-content\/uploads\/2024\/07\/MR-HAMAS-PRECISION-STRIKE.jpg?strip=all&amp;w=735\" srcset=\"https:\/\/www.thesun.co.uk\/wp-content\/uploads\/2024\/07\/MR-HAMAS-PRECISION-STRIKE.jpg?w=335 335w, https:\/\/www.thesun.co.uk\/wp-content\/uploads\/2024\/07\/MR-HAMAS-PRECISION-STRIKE.jpg?w=480 480w, https:\/\/www.thesun.co.uk\/wp-content\/uploads\/2024\/07\/MR-HAMAS-PRECISION-STRIKE.jpg?w=620 620w, https:\/\/www.thesun.co.uk\/wp-content\/uploads\/2024\/07\/MR-HAMAS-PRECISION-STRIKE.jpg?w=670 670w, https:\/\/www.thesun.co.uk\/wp-content\/uploads\/2024\/07\/MR-HAMAS-PRECISION-STRIKE.jpg?w=960 960w, https:\/\/www.thesun.co.uk\/wp-content\/uploads\/2024\/07\/MR-HAMAS-PRECISION-STRIKE.jpg?w=1240 1240w, https:\/\/www.thesun.co.uk\/wp-content\/uploads\/2024\/07\/MR-HAMAS-PRECISION-STRIKE.jpg?w=1005 1005w, https:\/\/www.thesun.co.uk\/wp-content\/uploads\/2024\/07\/MR-HAMAS-PRECISION-STRIKE.jpg?w=1440 1440w, https:\/\/www.thesun.co.uk\/wp-content\/uploads\/2024\/07\/MR-HAMAS-PRECISION-STRIKE.jpg?w=1860 1860w, https:\/\/www.thesun.co.uk\/wp-content\/uploads\/2024\/07\/MR-HAMAS-PRECISION-STRIKE.jpg?w=1340 1340w, https:\/\/www.thesun.co.uk\/wp-content\/uploads\/2024\/07\/MR-HAMAS-PRECISION-STRIKE.jpg?w=1920 1920w, https:\/\/www.thesun.co.uk\/wp-content\/uploads\/2024\/07\/MR-HAMAS-PRECISION-STRIKE.jpg?w=2480 2480w\" role=\"img\"\/><\/a><\/p>\n<p><span class=\"article__gallery-count-value\">12<\/span><\/p>\n<\/div>\n<\/figure>\n<p>\u017dmog\u017eudyst\u0117 buvo potencialiai sprogi, vykstant nestabiliems, persipynusiems regiono konfliktams d\u0117l <span id=\"022fa28b-8511-4ca4-a664-b69960e03c4b\" class=\"suggested-link\">taikinys<\/span>jo laikas ir sprendimas j\u012f atlikti Teherane.<\/p>\n<p>Pavojingiausia buvo galimyb\u0117 priversti Iran\u0105 ir Izrael\u012f \u012f tiesiogin\u0119 konfrontacij\u0105, jei Iranas imsis atsakom\u0173j\u0173 veiksm\u0173. <\/p>\n<p>JAV ir kitos \u0161alys kovojo, siekdamos u\u017ekirsti keli\u0105 platesniam, mirtinesniam konfliktui.<\/p>\n<p>Iranas at\u0161aldo \u012fsakym\u0105 netrukus po Izraelio ministro pirmininko Benjamino Netanyahu transliuotos kalbos tre\u010diadienio vakar\u0105.<\/p>\n<p>Kalb\u0117damas a <span id=\"fa05b5e6-2a08-443f-81e5-0255d79c6d27\" class=\"suggested-link\">\u017einios<\/span> konferencijoje Tel Avive, premjeras parei\u0161k\u0117, kad kalbant apie grasinimus Izraeliui, \u0161alis yra pasirengusi bet kokiam scenarijui.<\/p>\n<figure class=\"article__media\">\n<div class=\"article__media-img-container open-gallery\" data-index=\"9\"><a href=\"#\"><img decoding=\"async\" alt=\"Irano \u017eudiki\u0161ka armija \u2013 Islamo revoliucijos gvardijos korpusas (IRGC)\" class=\"lazyload\" src=\"https:\/\/www.thesun.co.uk\/wp-content\/uploads\/2023\/12\/irgc-members-march-annual-pro-740763361.jpg\" data-credit=\"\" data-sizes=\"(max-width: 375px) 335px, (max-width: 520px) 480px, 620px\" data-img=\"https:\/\/www.thesun.co.uk\/wp-content\/uploads\/2023\/12\/irgc-members-march-annual-pro-740763361.jpg\" srcset=\"https:\/\/www.thesun.co.uk\/wp-content\/uploads\/2023\/12\/irgc-members-march-annual-pro-740763361.jpg?w=335 335w, https:\/\/www.thesun.co.uk\/wp-content\/uploads\/2023\/12\/irgc-members-march-annual-pro-740763361.jpg?w=480 480w, https:\/\/www.thesun.co.uk\/wp-content\/uploads\/2023\/12\/irgc-members-march-annual-pro-740763361.jpg?w=620 620w, https:\/\/www.thesun.co.uk\/wp-content\/uploads\/2023\/12\/irgc-members-march-annual-pro-740763361.jpg?w=670 670w, https:\/\/www.thesun.co.uk\/wp-content\/uploads\/2023\/12\/irgc-members-march-annual-pro-740763361.jpg?w=960 960w, https:\/\/www.thesun.co.uk\/wp-content\/uploads\/2023\/12\/irgc-members-march-annual-pro-740763361.jpg?w=1240 1240w, https:\/\/www.thesun.co.uk\/wp-content\/uploads\/2023\/12\/irgc-members-march-annual-pro-740763361.jpg?w=1005 1005w, https:\/\/www.thesun.co.uk\/wp-content\/uploads\/2023\/12\/irgc-members-march-annual-pro-740763361.jpg?w=1440 1440w, https:\/\/www.thesun.co.uk\/wp-content\/uploads\/2023\/12\/irgc-members-march-annual-pro-740763361.jpg?w=1860 1860w, https:\/\/www.thesun.co.uk\/wp-content\/uploads\/2023\/12\/irgc-members-march-annual-pro-740763361.jpg?w=1340 1340w, https:\/\/www.thesun.co.uk\/wp-content\/uploads\/2023\/12\/irgc-members-march-annual-pro-740763361.jpg?w=1920 1920w, https:\/\/www.thesun.co.uk\/wp-content\/uploads\/2023\/12\/irgc-members-march-annual-pro-740763361.jpg?w=2480 2480w\" role=\"img\"\/><\/a><\/p>\n<p><span class=\"article__gallery-count-value\">12<\/span><\/p>\n<\/div><figcaption class=\"article__media-caption\"><span class=\"article__media-span\">Irano \u017eudiki\u0161ka armija \u2013 Islamo revoliucijos gvardijos korpusas (IRGC)<\/span><\/figcaption><\/figure>\n<figure class=\"article__media\">\n<div class=\"article__media-img-container open-gallery\" data-index=\"10\"><a href=\"#\"><img loading=\"lazy\" decoding=\"async\" height=\"953\" width=\"960\" class=\"lazyload alignnone size-thesun-article-image wp-image-27137307\" src=\"https:\/\/www.thesun.co.uk\/wp-content\/uploads\/2024\/04\/VP-GRAPHIC-ISRAEL-V-IRAN.jpg\" data-credit=\"\" data-sizes=\"(max-width: 375px) 335px, (max-width: 520px) 480px, 620px\" data-img=\"https:\/\/www.thesun.co.uk\/wp-content\/uploads\/2024\/04\/VP-GRAPHIC-ISRAEL-V-IRAN.jpg?strip=all&amp;w=960\" srcset=\"https:\/\/www.thesun.co.uk\/wp-content\/uploads\/2024\/04\/VP-GRAPHIC-ISRAEL-V-IRAN.jpg?w=335 335w, https:\/\/www.thesun.co.uk\/wp-content\/uploads\/2024\/04\/VP-GRAPHIC-ISRAEL-V-IRAN.jpg?w=480 480w, https:\/\/www.thesun.co.uk\/wp-content\/uploads\/2024\/04\/VP-GRAPHIC-ISRAEL-V-IRAN.jpg?w=620 620w, https:\/\/www.thesun.co.uk\/wp-content\/uploads\/2024\/04\/VP-GRAPHIC-ISRAEL-V-IRAN.jpg?w=670 670w, https:\/\/www.thesun.co.uk\/wp-content\/uploads\/2024\/04\/VP-GRAPHIC-ISRAEL-V-IRAN.jpg?w=960 960w, https:\/\/www.thesun.co.uk\/wp-content\/uploads\/2024\/04\/VP-GRAPHIC-ISRAEL-V-IRAN.jpg?w=1240 1240w, https:\/\/www.thesun.co.uk\/wp-content\/uploads\/2024\/04\/VP-GRAPHIC-ISRAEL-V-IRAN.jpg?w=1005 1005w, https:\/\/www.thesun.co.uk\/wp-content\/uploads\/2024\/04\/VP-GRAPHIC-ISRAEL-V-IRAN.jpg?w=1440 1440w, https:\/\/www.thesun.co.uk\/wp-content\/uploads\/2024\/04\/VP-GRAPHIC-ISRAEL-V-IRAN.jpg?w=1860 1860w, https:\/\/www.thesun.co.uk\/wp-content\/uploads\/2024\/04\/VP-GRAPHIC-ISRAEL-V-IRAN.jpg?w=1340 1340w, https:\/\/www.thesun.co.uk\/wp-content\/uploads\/2024\/04\/VP-GRAPHIC-ISRAEL-V-IRAN.jpg?w=1920 1920w, https:\/\/www.thesun.co.uk\/wp-content\/uploads\/2024\/04\/VP-GRAPHIC-ISRAEL-V-IRAN.jpg?w=2480 2480w\" role=\"img\"\/><\/a><\/p>\n<p><span class=\"article__gallery-count-value\">12<\/span><\/p>\n<\/div>\n<\/figure>\n<figure class=\"article__media\">\n<div class=\"article__media-img-container open-gallery\" data-index=\"11\"><a href=\"#\"><img loading=\"lazy\" decoding=\"async\" alt=\"Dauguma Teherano terorist\u0173 kolekcijos gali pasiekti 1242 myli\u0173 atstum\u0105\" height=\"641\" width=\"960\" class=\"lazyload\" src=\"https:\/\/www.thesun.co.uk\/wp-content\/uploads\/2024\/07\/image_ed86bb.png\" data-credit=\"Pacific Press\/LightRocket via Ge\" data-sizes=\"(max-width: 375px) 335px, (max-width: 520px) 480px, 620px\" data-img=\"https:\/\/www.thesun.co.uk\/wp-content\/uploads\/2024\/07\/image_ed86bb.png?strip=all&amp;w=960\" srcset=\"https:\/\/www.thesun.co.uk\/wp-content\/uploads\/2024\/07\/image_ed86bb.png?w=335 335w, https:\/\/www.thesun.co.uk\/wp-content\/uploads\/2024\/07\/image_ed86bb.png?w=480 480w, https:\/\/www.thesun.co.uk\/wp-content\/uploads\/2024\/07\/image_ed86bb.png?w=620 620w, https:\/\/www.thesun.co.uk\/wp-content\/uploads\/2024\/07\/image_ed86bb.png?w=670 670w, https:\/\/www.thesun.co.uk\/wp-content\/uploads\/2024\/07\/image_ed86bb.png?w=960 960w, https:\/\/www.thesun.co.uk\/wp-content\/uploads\/2024\/07\/image_ed86bb.png?w=1240 1240w, https:\/\/www.thesun.co.uk\/wp-content\/uploads\/2024\/07\/image_ed86bb.png?w=1005 1005w, https:\/\/www.thesun.co.uk\/wp-content\/uploads\/2024\/07\/image_ed86bb.png?w=1440 1440w, https:\/\/www.thesun.co.uk\/wp-content\/uploads\/2024\/07\/image_ed86bb.png?w=1860 1860w, https:\/\/www.thesun.co.uk\/wp-content\/uploads\/2024\/07\/image_ed86bb.png?w=1340 1340w, https:\/\/www.thesun.co.uk\/wp-content\/uploads\/2024\/07\/image_ed86bb.png?w=1920 1920w, https:\/\/www.thesun.co.uk\/wp-content\/uploads\/2024\/07\/image_ed86bb.png?w=2480 2480w\" role=\"img\"\/><\/a><\/p>\n<p><span class=\"article__gallery-count-value\">12<\/span><\/p>\n<\/div><figcaption class=\"article__media-caption\"><span class=\"article__media-span\">Dauguma Teherano terorist\u0173 kolekcijos gali pasiekti 1242 myli\u0173 atstum\u0105<\/span><span class=\"article__credit\">Kreditas: Pacific Press \/ LightRocket per Ge<\/span><\/figcaption><\/figure>\n<figure class=\"article__media\">\n<div class=\"article__media-img-container open-gallery\" data-index=\"12\"><a href=\"#\"><img loading=\"lazy\" decoding=\"async\" height=\"960\" width=\"713\" class=\"lazyload alignnone size-thesun-article-image wp-image-27173983\" src=\"https:\/\/www.thesun.co.uk\/wp-content\/uploads\/2024\/04\/VP-GRAPHIC-IRAN-MISSILES-MAP-v3_4bda41.jpg\" data-credit=\"\" data-sizes=\"(max-width: 375px) 335px, (max-width: 520px) 480px, 620px\" data-img=\"https:\/\/www.thesun.co.uk\/wp-content\/uploads\/2024\/04\/VP-GRAPHIC-IRAN-MISSILES-MAP-v3_4bda41.jpg?strip=all&amp;w=713\" srcset=\"https:\/\/www.thesun.co.uk\/wp-content\/uploads\/2024\/04\/VP-GRAPHIC-IRAN-MISSILES-MAP-v3_4bda41.jpg?w=335 335w, https:\/\/www.thesun.co.uk\/wp-content\/uploads\/2024\/04\/VP-GRAPHIC-IRAN-MISSILES-MAP-v3_4bda41.jpg?w=480 480w, https:\/\/www.thesun.co.uk\/wp-content\/uploads\/2024\/04\/VP-GRAPHIC-IRAN-MISSILES-MAP-v3_4bda41.jpg?w=620 620w, https:\/\/www.thesun.co.uk\/wp-content\/uploads\/2024\/04\/VP-GRAPHIC-IRAN-MISSILES-MAP-v3_4bda41.jpg?w=670 670w, https:\/\/www.thesun.co.uk\/wp-content\/uploads\/2024\/04\/VP-GRAPHIC-IRAN-MISSILES-MAP-v3_4bda41.jpg?w=960 960w, https:\/\/www.thesun.co.uk\/wp-content\/uploads\/2024\/04\/VP-GRAPHIC-IRAN-MISSILES-MAP-v3_4bda41.jpg?w=1240 1240w, https:\/\/www.thesun.co.uk\/wp-content\/uploads\/2024\/04\/VP-GRAPHIC-IRAN-MISSILES-MAP-v3_4bda41.jpg?w=1005 1005w, https:\/\/www.thesun.co.uk\/wp-content\/uploads\/2024\/04\/VP-GRAPHIC-IRAN-MISSILES-MAP-v3_4bda41.jpg?w=1440 1440w, https:\/\/www.thesun.co.uk\/wp-content\/uploads\/2024\/04\/VP-GRAPHIC-IRAN-MISSILES-MAP-v3_4bda41.jpg?w=1860 1860w, https:\/\/www.thesun.co.uk\/wp-content\/uploads\/2024\/04\/VP-GRAPHIC-IRAN-MISSILES-MAP-v3_4bda41.jpg?w=1340 1340w, https:\/\/www.thesun.co.uk\/wp-content\/uploads\/2024\/04\/VP-GRAPHIC-IRAN-MISSILES-MAP-v3_4bda41.jpg?w=1920 1920w, https:\/\/www.thesun.co.uk\/wp-content\/uploads\/2024\/04\/VP-GRAPHIC-IRAN-MISSILES-MAP-v3_4bda41.jpg?w=2480 2480w\" role=\"img\"\/><\/a><\/p>\n<p><span class=\"article__gallery-count-value\">12<\/span><\/p>\n<\/div>\n<\/figure>\n<p>Jis pa\u017ead\u0117jo: \u201eIzraelis privers kiekvien\u0105, kuris yra prie\u0161 mus, sumok\u0117ti labai didel\u0119 kain\u0105\u201c.<\/p>\n<p>Netanyahu prid\u016br\u0117, kad \u201enenusiduos\u201c balsams, raginantiems baigti kar\u0105.<\/p>\n<p>\u201eNebuvo n\u0117 vienos savait\u0117s, kai man neb\u016bt\u0173 pasakyta \u0161alies viduje ir i\u0161 i\u0161or\u0117s: baigti kar\u0105\u201c, \u2013 sak\u0117 jis.<\/p>\n<p>\u201eNepasidaviau tiems balsams ir nepasiduosiu jiems \u0161iandien\u201c.<\/p>\n<p>Izraelio ministras pirmininkas taip pat sak\u0117, kad vyriausyb\u0117 pri\u0117m\u0117 \u201edr\u0105sius, dr\u0105sius sprendimus\u201c, nepaisydama i\u0161or\u0117s spaudimo.<\/p>\n<p>Jis sak\u0117: \u201eMes ir toliau kovosime kartu ir su Dievo pagalba karaliausime pergalingai\u201c.<\/p>\n<p>Iranas baland\u012f atskleid\u0117 savo kaulus stingdan\u010di\u0105 karo kr\u016btin\u0119, <a href=\"https:\/\/www.thesun.co.uk\/news\/27172494\/iran-missiles-strike-israel-tehran-vows-regret-attack-syria\/\" rel=\"\">\u012fskaitant bauginan\u010dias ilgojo nuotolio raketas, galin\u010dias kirsti Raudon\u0105j\u0105 j\u016br\u0105<\/a> tiesiogiai sumu\u0161ti Izrael\u012f.<\/p>\n<div class=\"article-boxout\">\n<p><h3 class=\"article-boxout__headline t-s-border-color\"><span class=\"ez-toc-section\" id=\"Kas_buvo_Ismailas_Haniyehas\"><\/span>Kas buvo Ismailas Haniyehas?<span class=\"ez-toc-section-end\"><\/span><\/h3>\n<\/p>\n<div class=\"article-boxout__content theme__background-color-rgba-20\">\n<div class=\"article-boxout__content-img\"><img decoding=\"async\" class=\"lazyload\" alt=\"\" src=\"https:\/\/www.thesun.co.uk\/wp-content\/uploads\/2024\/07\/Polaris07790834jpg-JS921147611.jpg?strip=all&amp;w=620&amp;h=413&amp;crop=1\"\/><\/div>\n<p class=\"article__content--intro\">Ellie Doughty, u\u017esienio naujien\u0173 reporter\u0117<\/p>\n<div>\n<p><a href=\"https:\/\/www.thesun.co.uk\/news\/29581344\/hamas-leader-ismail-haniyeh-assassinated-iran-reports\/\">Haniyeh, vienas i\u0161 teroristin\u0117s grup\u0117s nari\u0173<\/a>de\u0161imtme\u010dius nepajudinamai atstovavo kraujo i\u0161tro\u0161kusiam klanui, <a href=\"https:\/\/www.thesun.co.uk\/news\/29581973\/ismail-haniyeh-hamas-political-leader-israel-gaza-palestine\/\">net po savo vaik\u0173 mirties<\/a>.<\/p>\n<p>62 met\u0173 vyras buvo atsakingas u\u017e \u201eHamas\u201c politini\u0173 operacij\u0173 valdym\u0105 i\u0161 Dohos, Kataro sostin\u0117s.<\/p>\n<p>Gim\u0119s pab\u0117g\u0117li\u0173 stovykloje \u0161iaurin\u0117je Gazos ruo\u017ee, jis vadovavo grupei per kelis karus su Izraeliu ir buvo pagrindinis kulto veik\u0117jas.<\/p>\n<p>Per pastaruosius de\u0161imt m\u0117nesi\u0173 jis buvo atsakingas u\u017e paliaub\u0173 derybas, tarpininkaujant Katarui, Egiptui ir JAV.<\/p>\n<p>Jis i\u0161gyveno Izraelio pasik\u0117sinim\u0105 nu\u017eudyti 2003 m., prie\u0161 tai, kai IDF 2004 m. atsi\u0117m\u0117 jo mentori\u0173 \u2013 paties Hamas \u012fk\u016br\u0117j\u0105 \u0161eich\u0105 Ahmed\u0105 Yassin\u0105.<\/p>\n<p>Tuo metu prie ligonin\u0117s Gazoje stov\u0117j\u0119s vyras, tap\u0119s vienu i\u0161 pagrindini\u0173 \u201eHamas\u201c lyderi\u0173, ragino \u017emones neverkti, o susitelkti \u012f ker\u0161t\u0105.<\/p>\n<p>Iki 2006 m. jis dirbo Hamas vadovu Gazoje, o dabar \u0161ias pareigas u\u017eima Izraelio prie\u0161as numeris vienas \u2013 Yahya Sinwar.<\/p>\n<p>\u012e Katar\u0105 jis persik\u0117l\u0117 2017 m., kai buvo paskirtas naujuoju grup\u0117s politiniu lyderiu.<\/p>\n<p>Tuo metu grup\u0117 band\u0117 pakeisti savo \u012fvaizd\u012f, si\u016blydama didesn\u0119 \u012ftak\u0105 tarptautin\u0117je arenoje.<\/p>\n<p>Haniyeh atstovavo Irano remiamam terorist\u0173 atstovui Katare, Turkijoje, Libane, Irane ir Egipte.<\/p>\n<p>Jo negailestingas po\u017ei\u016bris \u012f \u201eHamas\u201c darbotvark\u0117s skatinim\u0105 panaikint\u0173 net jo paties vaik\u0173 ir an\u016bk\u0173 nu\u017eudym\u0105 po daugelio met\u0173.<\/p>\n<p>\u0160i\u0173 met\u0173 baland\u012f an <a href=\"https:\/\/www.thesun.co.uk\/news\/27238175\/hamas-leader-ismail-haniyeh-sons-killed-gaza\/\">Per Izraelio antskryd\u012f \u017euvo trys Haniyeh s\u016bn\u016bs ir keturi jo an\u016bkai<\/a>.<\/p>\n<p>Bir\u017eel\u012f \u201eHamas\u201c parei\u0161k\u0117, kad jo sesuo ir jos \u0161eima taip pat \u017euvo per Izraelio sm\u016bg\u012f.<\/p>\n<p>Haniyeh tuo metu tiesiog pasak\u0117: \u201eMes nepasiduosime, kad ir kokia b\u016bt\u0173 auka\u201c.<\/p>\n<p>Jis prid\u016br\u0117, kad per ilgus metus trukus\u012f kar\u0105 tarp \u201eHamas\u201c ir Izraelio neteko de\u0161im\u010di\u0173 \u0161eimos nari\u0173.<\/p>\n<p>Terorist\u0173 bosui buvo prane\u0161ta apie jo vaik\u0173 mirt\u012f, kai jis lank\u0117si ligonin\u0117je.  I\u0161gird\u0119s naujienas, jis kaip \u012fprastai toliau ap\u017ei\u016br\u0117jo pastat\u0105.<\/p>\n<p>Devintajame ir de\u0161imtajame de\u0161imtme\u010diuose Haniyeh leido laik\u0105 Izraelio kal\u0117jimuose.<\/p>\n<p>Iki 1988 m. jis buvo vienas i\u0161 Hamas \u012fk\u016br\u0117j\u0173, dirbdamas Yassinui.<\/p>\n<p>Jo nu\u017eudymas yra esminis sm\u016bgis \u201eHamas\u201c \u2013 lyderiai tre\u010diadienio ryt\u0105 tai pavadino \u201eklastingu sionist\u0173 antskryd\u017eiu\u201c.<\/p>\n<\/div>\n<\/div>\n<\/div>\n<\/div>\n<p><br \/>\n<br \/><a href=\"https:\/\/www.thesun.co.uk\/news\/29604715\/irans-leader-orders-direct-strike-on-israel\/\">Source link <\/a><\/p>\n","protected":false},"excerpt":{"rendered":"<p>Negailestingas Irano lyderis \u012fsak\u0117 surengti \u201etiesiogin\u0119 atak\u0105 prie\u0161 Izrael\u012f\u201c, kai \u012ftariamas Izraelio aviacijos sm\u016bgis atakavo auk\u0161t\u0105 \u201eHamas\u201c lyder\u012f, tvirtino Irano pareig\u016bnai. Auk\u0161\u010diausiasis lyderis ajatola Ali Khameni tre\u010diadienio ryt\u0105 skubiame saugumo pos\u0117dyje paskelb\u0117 rimt\u0105 \u012fsakym\u0105 \u2013 i\u0161kart po to, kai Iranas parei\u0161k\u0117 pretenzijas. Ismailas Haniyehas buvo nu\u017eudytas. 12 Ismailas Haniyehas su Irano auk\u0161\u010diausiuoju lyderiu ajatola Ali [&hellip;]<\/p>\n","protected":false},"author":1,"featured_media":146,"comment_status":"open","ping_status":"open","sticky":false,"template":"","format":"standard","meta":{"om_disable_all_campaigns":false,"_monsterinsights_skip_tracking":false,"_monsterinsights_sitenote_active":false,"_monsterinsights_sitenote_note":"","_monsterinsights_sitenote_category":0,"footnotes":""},"categories":[4],"tags":[],"class_list":["post-145","post","type-post","status-publish","format-standard","has-post-thumbnail","hentry","category-pasaulio-naujienos"],"aioseo_notices":[],"_links":{"self":[{"href":"https:\/\/sekmesreceptas.lt\/index.php\/wp-json\/wp\/v2\/posts\/145","targetHints":{"allow":["GET"]}}],"collection":[{"href":"https:\/\/sekmesreceptas.lt\/index.php\/wp-json\/wp\/v2\/posts"}],"about":[{"href":"https:\/\/sekmesreceptas.lt\/index.php\/wp-json\/wp\/v2\/types\/post"}],"author":[{"embeddable":true,"href":"https:\/\/sekmesreceptas.lt\/index.php\/wp-json\/wp\/v2\/users\/1"}],"replies":[{"embeddable":true,"href":"https:\/\/sekmesreceptas.lt\/index.php\/wp-json\/wp\/v2\/comments?post=145"}],"version-history":[{"count":0,"href":"https:\/\/sekmesreceptas.lt\/index.php\/wp-json\/wp\/v2\/posts\/145\/revisions"}],"wp:featuredmedia":[{"embeddable":true,"href":"https:\/\/sekmesreceptas.lt\/index.php\/wp-json\/wp\/v2\/media\/146"}],"wp:attachment":[{"href":"https:\/\/sekmesreceptas.lt\/index.php\/wp-json\/wp\/v2\/media?parent=145"}],"wp:term":[{"taxonomy":"category","embeddable":true,"href":"https:\/\/sekmesreceptas.lt\/index.php\/wp-json\/wp\/v2\/categories?post=145"},{"taxonomy":"post_tag","embeddable":true,"href":"https:\/\/sekmesreceptas.lt\/index.php\/wp-json\/wp\/v2\/tags?post=145"}],"curies":[{"name":"wp","href":"https:\/\/api.w.org\/{rel}","templated":true}]}}