{"id":1661,"date":"2025-01-07T11:25:02","date_gmt":"2025-01-07T11:25:02","guid":{"rendered":"https:\/\/sekmesreceptas.lt\/index.php\/2025\/01\/07\/viltis-jauniausiam-izraelio-ikaitui-nes-kfiras-kuris-buvo-pagrobtas-vos-9-menesiu-amziaus-yra-vienas-is-34-hamas-susitarime-nurodytu-asmenu\/"},"modified":"2025-01-07T11:25:02","modified_gmt":"2025-01-07T11:25:02","slug":"viltis-jauniausiam-izraelio-ikaitui-nes-kfiras-kuris-buvo-pagrobtas-vos-9-menesiu-amziaus-yra-vienas-is-34-hamas-susitarime-nurodytu-asmenu","status":"publish","type":"post","link":"https:\/\/sekmesreceptas.lt\/index.php\/2025\/01\/07\/viltis-jauniausiam-izraelio-ikaitui-nes-kfiras-kuris-buvo-pagrobtas-vos-9-menesiu-amziaus-yra-vienas-is-34-hamas-susitarime-nurodytu-asmenu\/","title":{"rendered":"Viltis jauniausiam Izraelio \u012fkaitui, nes Kfiras, kuris buvo pagrobtas vos 9 m\u0117nesi\u0173 am\u017eiaus, yra vienas i\u0161 34 \u201eHamas\u201c susitarime nurodyt\u0173 asmen\u0173."},"content":{"rendered":"<p> <br \/>\n<\/p>\n<div>\n<p>YRA vilties, kad jauniausias \u201eHamas\u201c \u012fkaitas v\u0117l susijungs su savo \u0161eima, nes pagal naujausi\u0105 teroristin\u0117s grupuot\u0117s susitarim\u0105 su Izraeliu j\u012f buvo numatyta paleisti.<\/p>\n<p>Kfiras Bibasas buvo pagrobtas vos devyni\u0173 m\u0117nesi\u0173 am\u017eiaus ir dabar yra vienas i\u0161 34 vard\u0173, \u012ftraukt\u0173 \u012f terorist\u0173 sudaryt\u0105 s\u0105ra\u0161\u0105.<\/p>\n<figure class=\"article__media\">\n<div class=\"article__media-img-container open-gallery\" data-index=\"1\"><\/p>\n<p><span class=\"article__gallery-count-value\">6<\/span><\/p>\n<\/div><figcaption class=\"article__media-caption\"><span class=\"article__media-span\">Kfiras Bibasas, jauniausias \u201eHamas\u201c paimtas \u012fkaitas, kuriam 2024 m. saus\u012f su\u0117jo vieneri, gali b\u016bti paleistas<\/span><span class=\"article__credit\">Kreditas: Reuters<\/span><\/figcaption><\/figure>\n<figure class=\"article__media\">\n<div class=\"article__media-img-container open-gallery\" data-index=\"2\"><img decoding=\"async\" alt=\"Li\u016bdnai pagars\u0117j\u0119 kadrai, kaip Kfiras ir jo brolis Arielis laikomi bevilti\u0161kos mamos Shiri Bibas rankose, kai jie buvo pagrobti spalio 7 d.\" height=\"638\" width=\"620\" data-credit=\"Ofri Levy\" src=\"https:\/\/www.thesun.co.uk\/wp-content\/uploads\/2025\/01\/image_a235f2.png?strip=all&amp;w=620\" sizes=\"auto, (max-width: 375px) 335px, (max-width: 520px) 480px, 620px\" srcset=\"https:\/\/www.thesun.co.uk\/wp-content\/uploads\/2025\/01\/image_a235f2.png?w=335 335w, https:\/\/www.thesun.co.uk\/wp-content\/uploads\/2025\/01\/image_a235f2.png?w=480 480w, https:\/\/www.thesun.co.uk\/wp-content\/uploads\/2025\/01\/image_a235f2.png?w=620 620w, https:\/\/www.thesun.co.uk\/wp-content\/uploads\/2025\/01\/image_a235f2.png?w=670 670w, https:\/\/www.thesun.co.uk\/wp-content\/uploads\/2025\/01\/image_a235f2.png?w=960 960w, https:\/\/www.thesun.co.uk\/wp-content\/uploads\/2025\/01\/image_a235f2.png?w=1240 1240w, https:\/\/www.thesun.co.uk\/wp-content\/uploads\/2025\/01\/image_a235f2.png?w=1005 1005w, https:\/\/www.thesun.co.uk\/wp-content\/uploads\/2025\/01\/image_a235f2.png?w=1440 1440w, https:\/\/www.thesun.co.uk\/wp-content\/uploads\/2025\/01\/image_a235f2.png?w=1860 1860w, https:\/\/www.thesun.co.uk\/wp-content\/uploads\/2025\/01\/image_a235f2.png?w=1340 1340w, https:\/\/www.thesun.co.uk\/wp-content\/uploads\/2025\/01\/image_a235f2.png?w=1920 1920w, https:\/\/www.thesun.co.uk\/wp-content\/uploads\/2025\/01\/image_a235f2.png?w=2480 2480w\" loading=\"lazy\" role=\"img\"\/><\/p>\n<p><span class=\"article__gallery-count-value\">6<\/span><\/p>\n<\/div><figcaption class=\"article__media-caption\"><span class=\"article__media-span\">Li\u016bdnai pagars\u0117j\u0119 kadrai, kaip Kfiras ir jo brolis Arielis laikomi bevilti\u0161kos mamos Shiri Bibas rankose, kai jie buvo pagrobti spalio 7 d.<\/span><span class=\"article__credit\">Kreditas: Ofri Levy<\/span><\/figcaption><\/figure>\n<figure class=\"article__media\">\n<div class=\"article__media-img-container open-gallery\" data-index=\"3\"><img decoding=\"async\" alt=\"Kfiro t\u0117tis Yardenas Bibasas (kair\u0117je) pasidav\u0117 \u201eHamas\u201c, tik\u0117damasis i\u0161gelb\u0117ti savo \u0161eim\u0105, ta\u010diau j\u012f \u017eiauriai nu\u017eud\u0117 teroristai.\" height=\"956\" width=\"960\" data-credit=\"Supplied\" src=\"https:\/\/www.thesun.co.uk\/wp-content\/uploads\/2025\/01\/sunday-features-israel-october-7th-938020143.jpg?strip=all&amp;w=960\" sizes=\"auto, (max-width: 375px) 335px, (max-width: 520px) 480px, 620px\" srcset=\"https:\/\/www.thesun.co.uk\/wp-content\/uploads\/2025\/01\/sunday-features-israel-october-7th-938020143.jpg?w=335 335w, https:\/\/www.thesun.co.uk\/wp-content\/uploads\/2025\/01\/sunday-features-israel-october-7th-938020143.jpg?w=480 480w, https:\/\/www.thesun.co.uk\/wp-content\/uploads\/2025\/01\/sunday-features-israel-october-7th-938020143.jpg?w=620 620w, https:\/\/www.thesun.co.uk\/wp-content\/uploads\/2025\/01\/sunday-features-israel-october-7th-938020143.jpg?w=670 670w, https:\/\/www.thesun.co.uk\/wp-content\/uploads\/2025\/01\/sunday-features-israel-october-7th-938020143.jpg?w=960 960w, https:\/\/www.thesun.co.uk\/wp-content\/uploads\/2025\/01\/sunday-features-israel-october-7th-938020143.jpg?w=1240 1240w, https:\/\/www.thesun.co.uk\/wp-content\/uploads\/2025\/01\/sunday-features-israel-october-7th-938020143.jpg?w=1005 1005w, https:\/\/www.thesun.co.uk\/wp-content\/uploads\/2025\/01\/sunday-features-israel-october-7th-938020143.jpg?w=1440 1440w, https:\/\/www.thesun.co.uk\/wp-content\/uploads\/2025\/01\/sunday-features-israel-october-7th-938020143.jpg?w=1860 1860w, https:\/\/www.thesun.co.uk\/wp-content\/uploads\/2025\/01\/sunday-features-israel-october-7th-938020143.jpg?w=1340 1340w, https:\/\/www.thesun.co.uk\/wp-content\/uploads\/2025\/01\/sunday-features-israel-october-7th-938020143.jpg?w=1920 1920w, https:\/\/www.thesun.co.uk\/wp-content\/uploads\/2025\/01\/sunday-features-israel-october-7th-938020143.jpg?w=2480 2480w\" loading=\"lazy\" role=\"img\"\/><\/p>\n<p><span class=\"article__gallery-count-value\">6<\/span><\/p>\n<\/div><figcaption class=\"article__media-caption\"><span class=\"article__media-span\">Kfiro t\u0117tis Yardenas Bibasas (kair\u0117je) pasidav\u0117 \u201eHamas\u201c, tik\u0117damasis i\u0161gelb\u0117ti savo \u0161eim\u0105, ta\u010diau j\u012f \u017eiauriai nu\u017eud\u0117 teroristai.<\/span><span class=\"article__credit\">Kreditas: Pateikiamas<\/span><\/figcaption><\/figure>\n<p>Bibas\u0173 \u0161eimos i\u0161bandymai prasid\u0117jo ne\u012fsivaizduojamu siaubu 2023 met\u0173 spalio 7 dien\u0105, kai \u201eHamas\u201c teroristai \u012fsiver\u017e\u0117 \u012f Nir Ozo kibuc\u0105 piet\u0173 Izraelyje. <\/p>\n<p>K\u016bdikis Kfiras buvo paimtas kartu su savo ketveri\u0173 met\u0173 broliu Arieliu ir j\u0173 motina Shiri.<\/p>\n<p>Ma\u017eylis, art\u0117jantis antrajam gimtadieniui, teb\u0117ra jauniausias per i\u0161puol\u012f paimtas \u012fkaitas, did\u017ei\u0105j\u0105 gyvenimo dal\u012f praleid\u0119s nelaisv\u0117je.<\/p>\n<p>Ta\u010diau dabar prane\u0161imai rodo, kad Kfiro pavard\u0117 yra \u012ftraukta \u012f 34 \u012fkait\u0173 s\u0105ra\u0161\u0105, kuriuos \u201eHamas\u201c sutiko paleisti pagal galim\u0105 kalini\u0173 main\u0173 sandor\u012f.<\/p>\n<p>Tai suteikia vilties \u017evilgtel\u0117ti nuniokotai berniuko \u0161eimai, nors ir tvyrant kankinamam netikrumui.<\/p>\n<p>\u201eHamas\u201c tvirtino, kad Kfiras, Arielis ir Shiri \u017euvo per Izraelio antskryd\u012f 2023 m. pabaigoje, o \u0161eima atsisak\u0117 pripa\u017einti tai tiesa.<\/p>\n<p>\u201eMes nusprend\u0117me, kaip \u0161eima, ir toliau kovosime ir \u0161auksime u\u017e juos, tarsi tai, k\u0105 sak\u0117 \u201eHamas\u201c, niekada neb\u016bt\u0173 \u012fvyk\u0119\u201c, \u2013 anks\u010diau \u201eThe Sun\u201c sak\u0117 Kfiro teta Ofri Bibas Levy.<\/p>\n<p>\u201eNet jei yra vieno procento tikimyb\u0117, kad tai netiesa, mes pasiliksime vilties.<\/p>\n<div id=\"ez-toc-container\" class=\"ez-toc-v2_0_82_2 counter-hierarchy ez-toc-counter ez-toc-grey ez-toc-container-direction\">\n<div class=\"ez-toc-title-container\">\n<p class=\"ez-toc-title\" style=\"cursor:inherit\">Turinys:<\/p>\n<span class=\"ez-toc-title-toggle\"><a href=\"#\" class=\"ez-toc-pull-right ez-toc-btn ez-toc-btn-xs ez-toc-btn-default ez-toc-toggle\" aria-label=\"Toggle Table of Content\"><span class=\"ez-toc-js-icon-con\"><span class=\"\"><span class=\"eztoc-hide\" style=\"display:none;\">Toggle<\/span><span class=\"ez-toc-icon-toggle-span\"><svg style=\"fill: #999;color:#999\" xmlns=\"http:\/\/www.w3.org\/2000\/svg\" class=\"list-377408\" width=\"20px\" height=\"20px\" viewBox=\"0 0 24 24\" fill=\"none\"><path d=\"M6 6H4v2h2V6zm14 0H8v2h12V6zM4 11h2v2H4v-2zm16 0H8v2h12v-2zM4 16h2v2H4v-2zm16 0H8v2h12v-2z\" fill=\"currentColor\"><\/path><\/svg><svg style=\"fill: #999;color:#999\" class=\"arrow-unsorted-368013\" xmlns=\"http:\/\/www.w3.org\/2000\/svg\" width=\"10px\" height=\"10px\" viewBox=\"0 0 24 24\" version=\"1.2\" baseProfile=\"tiny\"><path d=\"M18.2 9.3l-6.2-6.3-6.2 6.3c-.2.2-.3.4-.3.7s.1.5.3.7c.2.2.4.3.7.3h11c.3 0 .5-.1.7-.3.2-.2.3-.5.3-.7s-.1-.5-.3-.7zM5.8 14.7l6.2 6.3 6.2-6.3c.2-.2.3-.5.3-.7s-.1-.5-.3-.7c-.2-.2-.4-.3-.7-.3h-11c-.3 0-.5.1-.7.3-.2.2-.3.5-.3.7s.1.5.3.7z\"\/><\/svg><\/span><\/span><\/span><\/a><\/span><\/div>\n<nav><ul class='ez-toc-list ez-toc-list-level-1 ' ><li class='ez-toc-page-1 ez-toc-heading-level-2'><a class=\"ez-toc-link ez-toc-heading-1\" href=\"https:\/\/sekmesreceptas.lt\/index.php\/2025\/01\/07\/viltis-jauniausiam-izraelio-ikaitui-nes-kfiras-kuris-buvo-pagrobtas-vos-9-menesiu-amziaus-yra-vienas-is-34-hamas-susitarime-nurodytu-asmenu\/#ISSKYRUSI_SEIMA\" >I\u0160SKYRUSI \u0160EIMA<\/a><ul class='ez-toc-list-level-3' ><li class='ez-toc-heading-level-3'><a class=\"ez-toc-link ez-toc-heading-2\" href=\"https:\/\/sekmesreceptas.lt\/index.php\/2025\/01\/07\/viltis-jauniausiam-izraelio-ikaitui-nes-kfiras-kuris-buvo-pagrobtas-vos-9-menesiu-amziaus-yra-vienas-is-34-hamas-susitarime-nurodytu-asmenu\/#Bibu_seimos_pagrobimas\" >Bib\u0173 \u0161eimos pagrobimas<\/a><\/li><\/ul><\/li><\/ul><\/nav><\/div>\n<h2 class=\"wp-block-heading\"><span class=\"ez-toc-section\" id=\"ISSKYRUSI_SEIMA\"><\/span>I\u0160SKYRUSI \u0160EIMA<span class=\"ez-toc-section-end\"><\/span><\/h2>\n<p>Bibas\u0173 \u0161eima i\u0161gyveno \u0161iurpi\u0105 kelion\u0119. <\/p>\n<p>Yardenas Bibasas, Kfiro t\u0117vas, atidav\u0117 save Hamasui, tik\u0117damas, kad tai i\u0161gelb\u0117s jo \u017emon\u0105 ir vaikus.<\/p>\n<p>Deja, v\u0117liau jis buvo nufilmuotas kruvinas ir terorist\u0173 nutemptas \u012f Gaz\u0105.<\/p>\n<div id=\"bc-video-6344994376112\" class=\"brightcove\"><span class=\"article__bc_video-caption\">Imbieriniai balionai, me\u0161kiuko pyragas ir bevilti\u0161kos maldos&#8230; I\u0161kilmingas 1-asis Kfir Bibas gimtadienis, pra\u0117jus 101 dienai po Hamas pagrobimo.<\/span><\/div>\n<p>Po keli\u0173 m\u0117nesi\u0173 Shiri ir vaikai tur\u0117jo b\u016bti paleisti 2023 m. lapkrit\u012f pagal susitarim\u0105 d\u0117l ugnies nutraukimo, ta\u010diau derybos \u017elugo.<\/p>\n<p>J\u0173 nebuvimas buvo skausmingai juntamas per pirm\u0105j\u012f Kfir gimtadien\u012f 2024 met\u0173 saus\u012f, pa\u017eenklint\u0105 oran\u017einiais balionais ir me\u0161kiuko tortu apleistame Nir Ozo vaik\u0173 dar\u017eelyje.<\/p>\n<p>\u201e\u0160ven\u010diame vaiko, kurio \u010dia n\u0117ra, gimtadien\u012f\u201c, \u2013 tuomet sak\u0117 Shiri pusbrolis Yosi Shnaider.<\/p>\n<p>Terorist\u0173 grup\u0117s atsisakymas i\u0161siai\u0161kinti, ar \u012fkaitai gyvi, ar mir\u0119, dar labiau sustiprino \u0161eimos kankinimus. <\/p>\n<p>Prane\u0161ama, kad \u201eHamas\u201c patvirtintame sulaikyt\u0173j\u0173 s\u0105ra\u0161e yra asmenys, klasifikuojami kaip \u201egyvi ir mir\u0119\u201c. <\/p>\n<p>Ta\u010diau \u201eHamas\u201c tvirtina, kad vis\u0173 \u012fkait\u0173 statusui patikrinti prireiks daugiau laiko.<\/p>\n<figure class=\"article__media\">\n<div class=\"article__media-img-container open-gallery\" data-index=\"4\"><img decoding=\"async\" alt=\"Oran\u017einiai balionai, me\u0161kiuko tortas ir jo nuotraukos nupie\u0161\u0117 ni\u016br\u0173 vaizd\u0105, kai Kfiras nelaisv\u0117je praleido savo pirm\u0105j\u012f gimtadien\u012f\" height=\"640\" width=\"960\" data-credit=\"Reuters\" src=\"https:\/\/www.thesun.co.uk\/wp-content\/uploads\/2024\/01\/birthday-cake-kfir-bibas-hostage-872458622.jpg?strip=all&amp;w=960\" sizes=\"auto, (max-width: 375px) 335px, (max-width: 520px) 480px, 620px\" srcset=\"https:\/\/www.thesun.co.uk\/wp-content\/uploads\/2024\/01\/birthday-cake-kfir-bibas-hostage-872458622.jpg?w=335 335w, https:\/\/www.thesun.co.uk\/wp-content\/uploads\/2024\/01\/birthday-cake-kfir-bibas-hostage-872458622.jpg?w=480 480w, https:\/\/www.thesun.co.uk\/wp-content\/uploads\/2024\/01\/birthday-cake-kfir-bibas-hostage-872458622.jpg?w=620 620w, https:\/\/www.thesun.co.uk\/wp-content\/uploads\/2024\/01\/birthday-cake-kfir-bibas-hostage-872458622.jpg?w=670 670w, https:\/\/www.thesun.co.uk\/wp-content\/uploads\/2024\/01\/birthday-cake-kfir-bibas-hostage-872458622.jpg?w=960 960w, https:\/\/www.thesun.co.uk\/wp-content\/uploads\/2024\/01\/birthday-cake-kfir-bibas-hostage-872458622.jpg?w=1240 1240w, https:\/\/www.thesun.co.uk\/wp-content\/uploads\/2024\/01\/birthday-cake-kfir-bibas-hostage-872458622.jpg?w=1005 1005w, https:\/\/www.thesun.co.uk\/wp-content\/uploads\/2024\/01\/birthday-cake-kfir-bibas-hostage-872458622.jpg?w=1440 1440w, https:\/\/www.thesun.co.uk\/wp-content\/uploads\/2024\/01\/birthday-cake-kfir-bibas-hostage-872458622.jpg?w=1860 1860w, https:\/\/www.thesun.co.uk\/wp-content\/uploads\/2024\/01\/birthday-cake-kfir-bibas-hostage-872458622.jpg?w=1340 1340w, https:\/\/www.thesun.co.uk\/wp-content\/uploads\/2024\/01\/birthday-cake-kfir-bibas-hostage-872458622.jpg?w=1920 1920w, https:\/\/www.thesun.co.uk\/wp-content\/uploads\/2024\/01\/birthday-cake-kfir-bibas-hostage-872458622.jpg?w=2480 2480w\" loading=\"lazy\" role=\"img\"\/><\/p>\n<p><span class=\"article__gallery-count-value\">6<\/span><\/p>\n<\/div><figcaption class=\"article__media-caption\"><span class=\"article__media-span\">Oran\u017einiai balionai, me\u0161kiuko tortas ir jo nuotraukos nupie\u0161\u0117 ni\u016br\u0173 vaizd\u0105, kai Kfiras nelaisv\u0117je praleido savo pirm\u0105j\u012f gimtadien\u012f<\/span><span class=\"article__credit\">Kreditas: Reuters<\/span><\/figcaption><\/figure>\n<figure class=\"article__media\">\n<div class=\"article__media-img-container open-gallery\" data-index=\"5\"><img decoding=\"async\" alt=\"Kfirui buvo tik devyni m\u0117nesiai, kai \u201eHamas\u201c teroristai j\u012f pagrob\u0117 kartu su jo mama ir broliu spalio 7 d.\" height=\"640\" width=\"960\" data-credit=\"Reuters\" src=\"https:\/\/www.thesun.co.uk\/wp-content\/uploads\/2024\/01\/balloon-placed-next-placard-showing-872458696.jpg?strip=all&amp;w=960\" sizes=\"auto, (max-width: 375px) 335px, (max-width: 520px) 480px, 620px\" srcset=\"https:\/\/www.thesun.co.uk\/wp-content\/uploads\/2024\/01\/balloon-placed-next-placard-showing-872458696.jpg?w=335 335w, https:\/\/www.thesun.co.uk\/wp-content\/uploads\/2024\/01\/balloon-placed-next-placard-showing-872458696.jpg?w=480 480w, https:\/\/www.thesun.co.uk\/wp-content\/uploads\/2024\/01\/balloon-placed-next-placard-showing-872458696.jpg?w=620 620w, https:\/\/www.thesun.co.uk\/wp-content\/uploads\/2024\/01\/balloon-placed-next-placard-showing-872458696.jpg?w=670 670w, https:\/\/www.thesun.co.uk\/wp-content\/uploads\/2024\/01\/balloon-placed-next-placard-showing-872458696.jpg?w=960 960w, https:\/\/www.thesun.co.uk\/wp-content\/uploads\/2024\/01\/balloon-placed-next-placard-showing-872458696.jpg?w=1240 1240w, https:\/\/www.thesun.co.uk\/wp-content\/uploads\/2024\/01\/balloon-placed-next-placard-showing-872458696.jpg?w=1005 1005w, https:\/\/www.thesun.co.uk\/wp-content\/uploads\/2024\/01\/balloon-placed-next-placard-showing-872458696.jpg?w=1440 1440w, https:\/\/www.thesun.co.uk\/wp-content\/uploads\/2024\/01\/balloon-placed-next-placard-showing-872458696.jpg?w=1860 1860w, https:\/\/www.thesun.co.uk\/wp-content\/uploads\/2024\/01\/balloon-placed-next-placard-showing-872458696.jpg?w=1340 1340w, https:\/\/www.thesun.co.uk\/wp-content\/uploads\/2024\/01\/balloon-placed-next-placard-showing-872458696.jpg?w=1920 1920w, https:\/\/www.thesun.co.uk\/wp-content\/uploads\/2024\/01\/balloon-placed-next-placard-showing-872458696.jpg?w=2480 2480w\" loading=\"lazy\" role=\"img\"\/><\/p>\n<p><span class=\"article__gallery-count-value\">6<\/span><\/p>\n<\/div><figcaption class=\"article__media-caption\"><span class=\"article__media-span\">Kfirui buvo tik devyni m\u0117nesiai, kai \u201eHamas\u201c teroristai j\u012f pagrob\u0117 kartu su jo mama ir broliu spalio 7 d.<\/span><span class=\"article__credit\">Kreditas: Reuters<\/span><\/figcaption><\/figure>\n<figure class=\"article__media\">\n<div class=\"article__media-img-container open-gallery\" data-index=\"6\"><img decoding=\"async\" alt=\"Bibas\u0173 \u0161eima buvo pagrobta i\u0161 Nir Ozo kibuco (nuotraukoje) tik 1 km nuo sienos su Gazos ruo\u017eu.\" height=\"413\" width=\"620\" data-credit=\"Doug Seeburg\" src=\"https:\/\/www.thesun.co.uk\/wp-content\/uploads\/2025\/01\/image_d41ccc.png?strip=all&amp;w=620\" sizes=\"auto, (max-width: 375px) 335px, (max-width: 520px) 480px, 620px\" srcset=\"https:\/\/www.thesun.co.uk\/wp-content\/uploads\/2025\/01\/image_d41ccc.png?w=335 335w, https:\/\/www.thesun.co.uk\/wp-content\/uploads\/2025\/01\/image_d41ccc.png?w=480 480w, https:\/\/www.thesun.co.uk\/wp-content\/uploads\/2025\/01\/image_d41ccc.png?w=620 620w, https:\/\/www.thesun.co.uk\/wp-content\/uploads\/2025\/01\/image_d41ccc.png?w=670 670w, https:\/\/www.thesun.co.uk\/wp-content\/uploads\/2025\/01\/image_d41ccc.png?w=960 960w, https:\/\/www.thesun.co.uk\/wp-content\/uploads\/2025\/01\/image_d41ccc.png?w=1240 1240w, https:\/\/www.thesun.co.uk\/wp-content\/uploads\/2025\/01\/image_d41ccc.png?w=1005 1005w, https:\/\/www.thesun.co.uk\/wp-content\/uploads\/2025\/01\/image_d41ccc.png?w=1440 1440w, https:\/\/www.thesun.co.uk\/wp-content\/uploads\/2025\/01\/image_d41ccc.png?w=1860 1860w, https:\/\/www.thesun.co.uk\/wp-content\/uploads\/2025\/01\/image_d41ccc.png?w=1340 1340w, https:\/\/www.thesun.co.uk\/wp-content\/uploads\/2025\/01\/image_d41ccc.png?w=1920 1920w, https:\/\/www.thesun.co.uk\/wp-content\/uploads\/2025\/01\/image_d41ccc.png?w=2480 2480w\" loading=\"lazy\" role=\"img\"\/><\/p>\n<p><span class=\"article__gallery-count-value\">6<\/span><\/p>\n<\/div><figcaption class=\"article__media-caption\"><span class=\"article__media-span\">Bibas\u0173 \u0161eima buvo pagrobta i\u0161 Nir Ozo kibuco (nuotraukoje) tik 1 km nuo sienos su Gazos ruo\u017eu.<\/span><span class=\"article__credit\">Kreditas: Doug Seeburg<\/span><\/figcaption><\/figure>\n<p>Jei sandoris bus s\u0117kmingas, Kfiras ir Arielis pagaliau gal\u0117t\u0173 gr\u012f\u017eti namo, sukeldami vilt\u012f \u0161eimai, kuri nuo spalio 7 d. kiekvien\u0105 dien\u0105 kovoja su baime ir netikrumu.<\/p>\n<p>\u201eTai ne\u017einia, kas yra blogiausia\u201c, \u2013 anks\u010diau sak\u0117 Kfir teta Ofri. <\/p>\n<p>\u201eAr jie gyvi? Ar jie mir\u0119? Ar jie kankinami? Kada paskutin\u012f kart\u0105 jie mat\u0117 saul\u0117s \u0161vies\u0105?<\/p>\n<p>Izraelio ministras pirmininkas Benjaminas Netanyahu pa\u017ead\u0117jo, kad karin\u0117 operacija Gazoje nesibaigs be galutinio susitarimo.<\/p>\n<p>Tuo tarpu \u201eHamas\u201c ir toliau reikalauja visi\u0161ko Izraelio kari\u0173 i\u0161vedimo ir nuolatini\u0173 paliaub\u0173, nors jo vadovyb\u0117 ir infrastrukt\u016bra patiria nesibaigian\u010di\u0173 nuostoli\u0173.<\/p>\n<div class=\"article-boxout\">\n<p><h3 class=\"article-boxout__headline t-s-border-color\"><span class=\"ez-toc-section\" id=\"Bibu_seimos_pagrobimas\"><\/span>Bib\u0173 \u0161eimos pagrobimas<span class=\"ez-toc-section-end\"><\/span><\/h3>\n<\/p>\n<div class=\"article-boxout__content theme__background-color-rgba-20\">\n<div>\n<p><strong>Juliana Cruz Lima, u\u017esienio naujien\u0173 reporter\u0117<\/strong><\/p>\n<p><strong>2023 m. spalio 7 d. Bibas\u0173 \u0161eimos gyvenimas Kibuce Nir Oze buvo smarkiai i\u0161draskytas, kai Hamas kovotojai \u012fsiver\u017e\u0117 \u012f j\u0173 namus. <\/strong><\/p>\n<p>Tarp 240 t\u0105 dien\u0105 paimt\u0173 \u012fkait\u0173 buvo Yardenas ir Shiri Bibas, j\u0173 ketveri\u0173 met\u0173 s\u016bnus Arielis ir devyni\u0173 m\u0117nesi\u0173 k\u016bdikis Kfiras.<\/p>\n<p>Paskutiniame pokalbyje Yardenas savo seseriai Ofri atsiunt\u0117 \u017einut\u0119: \u201eJie ateina\u201c. <\/p>\n<p>Po keli\u0173 minu\u010di\u0173 \u201eHamas\u201c kovotojai i\u0161temp\u0117 Shiri ir berniukus i\u0161 nam\u0173, o Shiri suspaud\u0117 savo s\u016bnus su deran\u010diomis Betmeno pi\u017eama.<\/p>\n<p>Yardenas, u\u017epultas plaktuku, buvo paliktas kruvinas prie\u0161 i\u0161ve\u017eant \u012f Gaz\u0105.<\/p>\n<p>Tik\u0117damas, kad gali i\u0161gelb\u0117ti savo \u0161eim\u0105, Yardenas pasidav\u0117 u\u017epuolikams, ta\u010diau jo auka buvo berg\u017ed\u017eia. <\/p>\n<p>Kol paleistas \u012fkaitas patvirtino, kad Yardenas gyvas, \u201eHamas\u201c v\u0117liau parei\u0161k\u0117, kad Shiri ir vaikai \u017euvo per antskryd\u012f \u2013 \u0161eima atsisako sutikti. <\/p>\n<p>\u201eNet jei yra vieno procento tikimyb\u0117, kad tai netiesa, mes toliau kovosime u\u017e juos\u201c, \u2013 sak\u0117 Ofri.<\/p>\n<p>K\u016bdikis Kfiras, jauniausias \u012fkaitas, tapo tragedijos simboliu.<\/p>\n<p>Pirmasis jo gimtadienis 2024 m. saus\u012f buvo pa\u017eym\u0117tas oran\u017einiais balionais ir me\u0161kiuko tortu apleistame Nir Ozo vaik\u0173 dar\u017eelyje \u2013 ni\u016briu jo nebuvimo priminimu. <\/p>\n<p>\u201e\u0160ven\u010diame vaiko, kurio \u010dia n\u0117ra, gimtadien\u012f\u201c, \u2013 sak\u0117 Shiri pusbrolis Yosi Shnaider.<\/p>\n<p>Dabar Kfiro ir Arielio pavard\u0117s buvo \u012ftrauktos \u012f 34 \u012fkait\u0173 s\u0105ra\u0161\u0105, \u201eHamas\u201c teigia galintis paleisti apsikeit\u0119s kaliniais. <\/p>\n<p>Nors grupuot\u0117 nepatvirtino, ar \u012fkaitai gyvi, Bibas\u0173 \u0161eima teb\u0117ra viltinga.<\/p>\n<p>\u201eNe\u017einojimas yra blogiausia\u201c, &#8211; sak\u0117 Ofri. \u201eMes nenustosime kovoti, kol jie negr\u012f\u0161 namuose\u201c.<\/p>\n<\/div>\n<\/div>\n<\/div>\n<\/div>\n<p><br \/>\n<br \/><a href=\"https:\/\/www.thesun.co.uk\/news\/32648385\/kfir-bibas-israel-hamas-hostage-exchange-deal-names\/\">Source link <\/a><\/p>\n","protected":false},"excerpt":{"rendered":"<p>YRA vilties, kad jauniausias \u201eHamas\u201c \u012fkaitas v\u0117l susijungs su savo \u0161eima, nes pagal naujausi\u0105 teroristin\u0117s grupuot\u0117s susitarim\u0105 su Izraeliu j\u012f buvo numatyta paleisti. Kfiras Bibasas buvo pagrobtas vos devyni\u0173 m\u0117nesi\u0173 am\u017eiaus ir dabar yra vienas i\u0161 34 vard\u0173, \u012ftraukt\u0173 \u012f terorist\u0173 sudaryt\u0105 s\u0105ra\u0161\u0105. 6 Kfiras Bibasas, jauniausias \u201eHamas\u201c paimtas \u012fkaitas, kuriam 2024 m. saus\u012f su\u0117jo [&hellip;]<\/p>\n","protected":false},"author":1,"featured_media":1662,"comment_status":"","ping_status":"","sticky":false,"template":"","format":"standard","meta":{"om_disable_all_campaigns":false,"_monsterinsights_skip_tracking":false,"_monsterinsights_sitenote_active":false,"_monsterinsights_sitenote_note":"","_monsterinsights_sitenote_category":0,"footnotes":""},"categories":[4],"tags":[1538,393,14,533,3226,250,501,3225,3227,347,2344,81,3230,3228,3229,15,3224,46,56],"class_list":["post-1661","post","type-post","status-publish","format-standard","has-post-thumbnail","hentry","category-pasaulio-naujienos","tag-amziaus","tag-asmenu","tag-buvo","tag-hamas","tag-ikaitui","tag-is","tag-izraelio","tag-jauniausiam","tag-kfiras","tag-kuris","tag-menesiu","tag-nes","tag-nurodytu","tag-pagrobtas","tag-susitarime","tag-vienas","tag-viltis","tag-vos","tag-yra"],"aioseo_notices":[],"_links":{"self":[{"href":"https:\/\/sekmesreceptas.lt\/index.php\/wp-json\/wp\/v2\/posts\/1661","targetHints":{"allow":["GET"]}}],"collection":[{"href":"https:\/\/sekmesreceptas.lt\/index.php\/wp-json\/wp\/v2\/posts"}],"about":[{"href":"https:\/\/sekmesreceptas.lt\/index.php\/wp-json\/wp\/v2\/types\/post"}],"author":[{"embeddable":true,"href":"https:\/\/sekmesreceptas.lt\/index.php\/wp-json\/wp\/v2\/users\/1"}],"replies":[{"embeddable":true,"href":"https:\/\/sekmesreceptas.lt\/index.php\/wp-json\/wp\/v2\/comments?post=1661"}],"version-history":[{"count":0,"href":"https:\/\/sekmesreceptas.lt\/index.php\/wp-json\/wp\/v2\/posts\/1661\/revisions"}],"wp:featuredmedia":[{"embeddable":true,"href":"https:\/\/sekmesreceptas.lt\/index.php\/wp-json\/wp\/v2\/media\/1662"}],"wp:attachment":[{"href":"https:\/\/sekmesreceptas.lt\/index.php\/wp-json\/wp\/v2\/media?parent=1661"}],"wp:term":[{"taxonomy":"category","embeddable":true,"href":"https:\/\/sekmesreceptas.lt\/index.php\/wp-json\/wp\/v2\/categories?post=1661"},{"taxonomy":"post_tag","embeddable":true,"href":"https:\/\/sekmesreceptas.lt\/index.php\/wp-json\/wp\/v2\/tags?post=1661"}],"curies":[{"name":"wp","href":"https:\/\/api.w.org\/{rel}","templated":true}]}}