{"id":1739,"date":"2025-01-15T11:40:14","date_gmt":"2025-01-15T11:40:14","guid":{"rendered":"https:\/\/sekmesreceptas.lt\/index.php\/2025\/01\/15\/siaubas-kai-keleivis-zuvo-air-france-lektuve-kai-lektuve-buves-gydytojas-bande-juos-isgelbeti-kelioneje-is-paryziaus\/"},"modified":"2025-01-15T11:40:14","modified_gmt":"2025-01-15T11:40:14","slug":"siaubas-kai-keleivis-zuvo-air-france-lektuve-kai-lektuve-buves-gydytojas-bande-juos-isgelbeti-kelioneje-is-paryziaus","status":"publish","type":"post","link":"https:\/\/sekmesreceptas.lt\/index.php\/2025\/01\/15\/siaubas-kai-keleivis-zuvo-air-france-lektuve-kai-lektuve-buves-gydytojas-bande-juos-isgelbeti-kelioneje-is-paryziaus\/","title":{"rendered":"Siaubas, kai keleivis \u017euvo \u201eAir France\u201c l\u0117ktuve, kai l\u0117ktuve buv\u0119s gydytojas band\u0117 juos i\u0161gelb\u0117ti kelion\u0117je i\u0161 Pary\u017eiaus"},"content":{"rendered":"<p> <br \/>\n<\/p>\n<div>\n<p>\u201eAir France\u201c l\u0117ktuve gr\u012f\u017e\u0119s i\u0161 kelion\u0117s \u012f Pary\u017ei\u0173 tragi\u0161kai \u017euvo KELEIVIS. <\/p>\n<p>Prane\u0161ama, kad skryd\u017eio gydytojas band\u0117 i\u0161gelb\u0117ti keleivio gyvyb\u0119, kai gr\u012f\u017e\u0119s \u012f Boston\u0105 jis patyr\u0117 medicinin\u0119 pagalb\u0105. <\/p>\n<figure class=\"article__media\">\n<div class=\"article__media-img-container open-gallery\" data-index=\"1\"><\/p>\n<p><span class=\"article__gallery-count-value\">1<\/span><\/p>\n<\/div><figcaption class=\"article__media-caption\"><span class=\"article__media-span\">Airbus A350 Airbus Air France ruda Roissy Charles de Gaulle CDG oro uoste<\/span><span class=\"article__credit\">Kreditas: Getty<\/span><\/figcaption><\/figure>\n<p>Pareig\u016bnai teigia, kad Valstybin\u0117s policijos detektyv\u0173 skyrius sureagavo \u012f nepri\u017ei\u016brim\u0105 mirt\u012f l\u0117ktuve. <\/p>\n<p>Greitosios pagalbos darbuotojai buvo pasteb\u0117ti Bostono oro uoste antradienio vakar\u0105 po l\u0117ktuvo nusileidimo. <\/p>\n<p>  Skelbiama, kad policininkai dabar tiria keleivio mirt\u012f. <\/p>\n<p>J\u0173 tapatyb\u0117 kol kas neatskleid\u017eiama. <\/p>\n<p>\u201eThe Sun\u201c susisiek\u0117 su \u201eAir France\u201c d\u0117l komentaro. <\/p>\n<p>Tai \u012fvyko po to, kai viduryje skryd\u017eio mir\u0117 Turkijos oro bendrov\u0117s pilotas, priverstas leistis avariniu b\u016bdu.<\/p>\n<p>Pilotas \u0130l\u00e7ehin Pehlivan apalpo per 12 valand\u0173 skryd\u017eio, priversdamas kitus l\u0117ktuve buvusius pilotus skristi \u012f Niujorko JFK.<\/p>\n<p>\u201eAirbus 350\u201c l\u0117ktuvas i\u0161skrido i\u0161 Sietlo antradienio vakar\u0105 ir buvo pakeliui \u012f Stambul\u0105, kai \u012fvyko tragedija.<\/p>\n<p>L\u0117ktuv\u0173 sekimo svetain\u0117je FlightRadar24 rodomas orlaivis, skrendantis \u012f \u0161iaur\u0119 vir\u0161 Kanados, prie\u0161 apsisukus vir\u0161 Bafino salos.<\/p>\n<p>59 met\u0173 vyras aviakompanijoje dirbo nuo 2007 m., o kovo m\u0117nes\u012f buvo pra\u0117j\u0119s medicinin\u0119 ap\u017ei\u016br\u0105, prane\u0161\u0117 v\u0117liavos ve\u017e\u0117jas.<\/p>\n<p>Atstovas X paskelb\u0117: \u201ePo nes\u0117kmingo bandymo suteikti pirm\u0105j\u0105 pagalb\u0105 kito piloto ir antrojo piloto skryd\u017eio \u012fgula nusprend\u0117 atlikti avarin\u012f t\u016bpim\u0105, ta\u010diau jis mir\u0117 prie\u0161 nusileidim\u0105.<\/p>\n<p>\u201eLinkime Alacho pasigail\u0117jimo m\u016bs\u0173 kapitonui ir kantryb\u0117s jo sielvartaujan\u010diai \u0161eimai, visiems jo kolegoms ir artimiesiems\u201c.<\/p>\n<p>Keleiviai, \u012fstrig\u0119 Niujorke, dabar skris \u012f Stambul\u0105 i\u0161 Niujorko, sak\u0117 atstovas.<\/p>\n<p><em>Daugiau sekti&#8230; <\/em>Nor\u0117dami gauti naujausi\u0173 naujien\u0173 apie \u0161i\u0105 istorij\u0105, apsilankykite \u201eThe Sun Online\u201c.<\/p>\n<p>Thesun.co.uk yra j\u016bs\u0173 kelion\u0117s tikslas, kur rasite geriausias \u012f\u017eymybi\u0173 naujienas, tikro gyvenimo istorijas, \u012fsp\u016bdingas nuotraukas ir vaizdo \u012fra\u0161us, kuriuos b\u016btina pamatyti.<\/p>\n<p>Pam\u0117gkite mus \u201eFacebook\u201c adresu www.facebook.com\/thesun ir sekite mus i\u0161 pagrindin\u0117s \u201eTwitter\u201c paskyros adresu <a aria-label=\"@TheSun (opens in a new tab)\" href=\"https:\/\/twitter.com\/TheSun\" target=\"_blank\" rel=\"noreferrer noopener\">@Saul\u0117<\/a>.<\/p>\n<\/div>\n<p><script async src=\"\/\/platform.twitter.com\/widgets.js\" charset=\"utf-8\"><\/script><br \/>\n<br \/><br \/>\n<br \/><a href=\"https:\/\/www.thesun.co.uk\/news\/32812533\/passenger-dies-on-board-air-france-flight\/\">Source link <\/a><\/p>\n","protected":false},"excerpt":{"rendered":"<p>\u201eAir France\u201c l\u0117ktuve gr\u012f\u017e\u0119s i\u0161 kelion\u0117s \u012f Pary\u017ei\u0173 tragi\u0161kai \u017euvo KELEIVIS. Prane\u0161ama, kad skryd\u017eio gydytojas band\u0117 i\u0161gelb\u0117ti keleivio gyvyb\u0119, kai gr\u012f\u017e\u0119s \u012f Boston\u0105 jis patyr\u0117 medicinin\u0119 pagalb\u0105. 1 Airbus A350 Airbus Air France ruda Roissy Charles de Gaulle CDG oro uosteKreditas: Getty Pareig\u016bnai teigia, kad Valstybin\u0117s policijos detektyv\u0173 skyrius sureagavo \u012f nepri\u017ei\u016brim\u0105 mirt\u012f l\u0117ktuve. Greitosios [&hellip;]<\/p>\n","protected":false},"author":1,"featured_media":1740,"comment_status":"","ping_status":"","sticky":false,"template":"","format":"standard","meta":{"om_disable_all_campaigns":false,"_monsterinsights_skip_tracking":false,"_monsterinsights_sitenote_active":false,"_monsterinsights_sitenote_note":"","_monsterinsights_sitenote_category":0,"footnotes":""},"categories":[4],"tags":[3413,3417,667,3414,3416,250,3418,300,49,3412,3419,3415,2934,3411,508],"class_list":["post-1739","post","type-post","status-publish","format-standard","has-post-thumbnail","hentry","category-pasaulio-naujienos","tag-air","tag-bande","tag-buves","tag-france","tag-gydytojas","tag-is","tag-isgelbeti","tag-juos","tag-kai","tag-keleivis","tag-kelioneje","tag-lektuve","tag-paryziaus","tag-siaubas","tag-zuvo"],"aioseo_notices":[],"_links":{"self":[{"href":"https:\/\/sekmesreceptas.lt\/index.php\/wp-json\/wp\/v2\/posts\/1739","targetHints":{"allow":["GET"]}}],"collection":[{"href":"https:\/\/sekmesreceptas.lt\/index.php\/wp-json\/wp\/v2\/posts"}],"about":[{"href":"https:\/\/sekmesreceptas.lt\/index.php\/wp-json\/wp\/v2\/types\/post"}],"author":[{"embeddable":true,"href":"https:\/\/sekmesreceptas.lt\/index.php\/wp-json\/wp\/v2\/users\/1"}],"replies":[{"embeddable":true,"href":"https:\/\/sekmesreceptas.lt\/index.php\/wp-json\/wp\/v2\/comments?post=1739"}],"version-history":[{"count":0,"href":"https:\/\/sekmesreceptas.lt\/index.php\/wp-json\/wp\/v2\/posts\/1739\/revisions"}],"wp:featuredmedia":[{"embeddable":true,"href":"https:\/\/sekmesreceptas.lt\/index.php\/wp-json\/wp\/v2\/media\/1740"}],"wp:attachment":[{"href":"https:\/\/sekmesreceptas.lt\/index.php\/wp-json\/wp\/v2\/media?parent=1739"}],"wp:term":[{"taxonomy":"category","embeddable":true,"href":"https:\/\/sekmesreceptas.lt\/index.php\/wp-json\/wp\/v2\/categories?post=1739"},{"taxonomy":"post_tag","embeddable":true,"href":"https:\/\/sekmesreceptas.lt\/index.php\/wp-json\/wp\/v2\/tags?post=1739"}],"curies":[{"name":"wp","href":"https:\/\/api.w.org\/{rel}","templated":true}]}}