{"id":1757,"date":"2025-01-17T11:42:18","date_gmt":"2025-01-17T11:42:18","guid":{"rendered":"https:\/\/sekmesreceptas.lt\/index.php\/2025\/01\/17\/shamima-begum-gyresi-kad-nukirstos-galvos-jos-netrikde-prisijungus-prie-isis-mirties-kulto-ji-nusipelno-namu-didziojoje-britanijoje\/"},"modified":"2025-01-17T11:42:18","modified_gmt":"2025-01-17T11:42:18","slug":"shamima-begum-gyresi-kad-nukirstos-galvos-jos-netrikde-prisijungus-prie-isis-mirties-kulto-ji-nusipelno-namu-didziojoje-britanijoje","status":"publish","type":"post","link":"https:\/\/sekmesreceptas.lt\/index.php\/2025\/01\/17\/shamima-begum-gyresi-kad-nukirstos-galvos-jos-netrikde-prisijungus-prie-isis-mirties-kulto-ji-nusipelno-namu-didziojoje-britanijoje\/","title":{"rendered":"Shamima Begum gyr\u0117si, kad nukirstos galvos jos netrikd\u0117 prisijungus prie ISIS mirties kulto \u2013 ji nusipelno nam\u0173 Did\u017eiojoje Britanijoje"},"content":{"rendered":"<p> <br \/>\n<\/p>\n<div>\n<p>2015 m. Shamima Begum paliko savo draugus, \u0161eim\u0105 ir savo ateit\u012f Ryt\u0173 Londone ir \u012fs\u0117do \u012f l\u0117ktuv\u0105 \u012f Turkij\u0105.<\/p>\n<p>Jos galutinis kelion\u0117s tikslas buvo Sirija, o jos ketinimas prisijungti prie ISIS \u2013 d\u017eihado mirties kulto.<\/p>\n<figure class=\"article__media\">\n<div class=\"article__media-img-container open-gallery\" data-index=\"1\"><\/p>\n<p><span class=\"article__gallery-count-value\">3<\/span><\/p>\n<\/div><figcaption class=\"article__media-caption\"><span class=\"article__media-span\">Shamima Begum pab\u0117go i\u0161 JK gyventi ISIS kalifate 2015 m<\/span><span class=\"article__credit\">Kreditas: Times Media Ltd<\/span><\/figcaption><\/figure>\n<figure class=\"article__media\">\n<div class=\"article__media-img-container open-gallery\" data-index=\"2\"><img decoding=\"async\" alt=\"Shamima Begum Roj stovykloje Sirijoje.\" height=\"640\" width=\"960\" data-credit=\"Getty\" src=\"https:\/\/www.thesun.co.uk\/wp-content\/uploads\/2025\/01\/2015-photographed-roj-camp-currently-797744602_6af0c6.jpg?strip=all&amp;w=960\" sizes=\"auto, (max-width: 375px) 335px, (max-width: 520px) 480px, 620px\" srcset=\"https:\/\/www.thesun.co.uk\/wp-content\/uploads\/2025\/01\/2015-photographed-roj-camp-currently-797744602_6af0c6.jpg?w=335 335w, https:\/\/www.thesun.co.uk\/wp-content\/uploads\/2025\/01\/2015-photographed-roj-camp-currently-797744602_6af0c6.jpg?w=480 480w, https:\/\/www.thesun.co.uk\/wp-content\/uploads\/2025\/01\/2015-photographed-roj-camp-currently-797744602_6af0c6.jpg?w=620 620w, https:\/\/www.thesun.co.uk\/wp-content\/uploads\/2025\/01\/2015-photographed-roj-camp-currently-797744602_6af0c6.jpg?w=670 670w, https:\/\/www.thesun.co.uk\/wp-content\/uploads\/2025\/01\/2015-photographed-roj-camp-currently-797744602_6af0c6.jpg?w=960 960w, https:\/\/www.thesun.co.uk\/wp-content\/uploads\/2025\/01\/2015-photographed-roj-camp-currently-797744602_6af0c6.jpg?w=1240 1240w, https:\/\/www.thesun.co.uk\/wp-content\/uploads\/2025\/01\/2015-photographed-roj-camp-currently-797744602_6af0c6.jpg?w=1005 1005w, https:\/\/www.thesun.co.uk\/wp-content\/uploads\/2025\/01\/2015-photographed-roj-camp-currently-797744602_6af0c6.jpg?w=1440 1440w, https:\/\/www.thesun.co.uk\/wp-content\/uploads\/2025\/01\/2015-photographed-roj-camp-currently-797744602_6af0c6.jpg?w=1860 1860w, https:\/\/www.thesun.co.uk\/wp-content\/uploads\/2025\/01\/2015-photographed-roj-camp-currently-797744602_6af0c6.jpg?w=1340 1340w, https:\/\/www.thesun.co.uk\/wp-content\/uploads\/2025\/01\/2015-photographed-roj-camp-currently-797744602_6af0c6.jpg?w=1920 1920w, https:\/\/www.thesun.co.uk\/wp-content\/uploads\/2025\/01\/2015-photographed-roj-camp-currently-797744602_6af0c6.jpg?w=2480 2480w\" loading=\"lazy\" role=\"img\"\/><\/p>\n<p><span class=\"article__gallery-count-value\">3<\/span><\/p>\n<\/div><figcaption class=\"article__media-caption\"><span class=\"article__media-span\">Tomas Tugendhatas sako, kad Britanijoje gim\u0119s Begumas nenusipelno nam\u0173 JK<\/span><span class=\"article__credit\">Kreditas: Getty<\/span><\/figcaption><\/figure>\n<p>Per kelerius ateinan\u010dius metus ISIS prievartavo ir \u017eud\u0117 juos Viduriniuose Rytuose.<\/p>\n<p>Kai j\u0173 barbari\u0161ka ekstremizmo ir galv\u0173 nukirtimo banga plito, Shamima nusprend\u0117 likti jos dalimi. Ji pasirinko pasilikti.<\/p>\n<p>Begumas gal\u0117jo susilaukti vaiko. Bet ji tapo nusikalt\u0117le. Ir ji nusprend\u0117 likti su ISIS, kol jie nebus i\u0161varyti, ir 2019 m. prarado visas savo Artim\u0173j\u0173 Ryt\u0173 teritorijas.<\/p>\n<p>Kai \u017eurnalist\u0117 galiausiai rado j\u0105 Sirijos pab\u0117g\u0117li\u0173 stovykloje, ji jam pasak\u0117, kad \u201enesigaili \u010dia atvykusi\u201c.<\/p>\n<p>Ji papasakojo, kad pirmoji nukirsta galva, kuri\u0105 ji pamat\u0117, jos n\u0117 kiek nenuli\u016bdino, nes ji priklaus\u0117 \u201eislamo prie\u0161ui\u201c, prie\u0161 prane\u0161dama \u017eurnalistei, kad nori gr\u012f\u017eti \u012f JK.<\/p>\n<p>Laimei, to niekada nebuvo. Tada vidaus reikal\u0173 sekretorius Sajidas Javidas pasiteisino d\u0117l savo sprendimo, kur\u012f pri\u0117m\u0117 2015-aisiais ir nuo to laiko kiekvienais kov\u0173 metais, atimdamas i\u0161 jos Did\u017eiosios Britanijos pilietyb\u0119 ir u\u017eblokuodamas gr\u012f\u017eim\u0105.<\/p>\n<p>Tuo metu jis sak\u0117, kad nedvejodamas panaikint\u0173 ka\u017ekieno pilietyb\u0119, jei tai b\u016bt\u0173 vienintel\u0117 jam palikta galimyb\u0117 apsaugoti JK gyvenan\u010dius asmenis.<\/p>\n<p>Tada buvo teisingas skambutis. Dabar b\u016bt\u0173 tinkamas skambutis.<\/p>\n<p>\u0160tai kod\u0117l buvau nusteb\u0119s, kad pra\u0117jusi\u0105 savait\u0119 Nigelas Farage&#8217;as su\u0161velnino savo pozicij\u0105 Begum ir pana\u0161i\u0173 \u012f j\u0105 at\u017evilgiu, sakydamas, kad jis buvo \u201em\u0105slus\u201c ir kad \u201enepriskyr\u0117 jos&#8230; visapus\u0117s ISIS \u017eudik\u0117s\u201c.<\/p>\n<p>Skirtingai nuo dabartin\u0117s vyriausyb\u0117s, kuri, atrodo, labiau r\u016bpinasi u\u017esienio diktatori\u0173 malonumu, o ne Did\u017eiosios Britanijos saugumo apsauga, konservatori\u0173 vyriausyb\u0117 visada sakydavo, kad saugumas yra pirmoje vietoje.<\/p>\n<div id=\"bc-video-6366949686112\" class=\"brightcove\"><span class=\"article__bc_video-caption\">ISIS fanatikai gali i\u0161laisvinti nauj\u0105 teroro bang\u0105 i\u0161 toki\u0173 stovykl\u0173 kaip Shamima Begum, sako generolas, nugal\u0117j\u0119s mirties kult\u0105<\/span><\/div>\n<p>Taip yra tod\u0117l, kad man\u0117me, kad pirmoji vyriausyb\u0117s pareiga buvo apsaugoti brit\u0173 \u017emones.<\/p>\n<p>Sprendimas atimti i\u0161 \u017emogaus pilietyb\u0119 n\u0117ra priimtas lengvab\u016bdi\u0161kai.<\/p>\n<p>Tai daroma tik atid\u017eiai apsvars\u010dius saugumo tarnyb\u0173 ir kovos su terorizmu policijos \u017evalgybos duomenis.<\/p>\n<p>Tai neb\u016bt\u0173 padaryta, jei Begumas nekelt\u0173 jokios gr\u0117sm\u0117s JK ar brit\u0173 \u017emon\u0117ms.<\/p>\n<p>Kaip rodo besit\u0119siantis gin\u010das d\u0117l Chagoso sal\u0173, JK vyriausyb\u0117 visada susidurs su teisinink\u0173 ir kampanijos grupi\u0173 spaudimu nustumti m\u016bs\u0173 nacionalin\u012f saugum\u0105 \u012f antr\u0105 plan\u0105 ir nusilenkti j\u0173 reikalavimams.<\/p>\n<p>Turime ai\u0161kiai suprasti, kieno interesus laikome pirmiausia. Man tai yra m\u016bs\u0173 draug\u0173 ir \u0161eimos saugumas.<\/p>\n<p>Tai pirmoji m\u016bs\u0173 vyriausyb\u0117s pareiga, o tai rei\u0161kia, kad Begum\u0105 reikia neleisti.<\/p>\n<figure class=\"article__media\">\n<div class=\"article__media-img-container open-gallery\" data-index=\"3\"><img decoding=\"async\" alt=\"Shamima Begum interviu i\u0161 al-Roj kalini\u0173 stovyklos Sirijoje.\" height=\"540\" width=\"960\" data-credit=\"Alamy\" src=\"https:\/\/www.thesun.co.uk\/wp-content\/uploads\/2025\/01\/itv-advised-video-grabs-used-786103533.jpg?strip=all&amp;w=960\" sizes=\"auto, (max-width: 375px) 335px, (max-width: 520px) 480px, 620px\" srcset=\"https:\/\/www.thesun.co.uk\/wp-content\/uploads\/2025\/01\/itv-advised-video-grabs-used-786103533.jpg?w=335 335w, https:\/\/www.thesun.co.uk\/wp-content\/uploads\/2025\/01\/itv-advised-video-grabs-used-786103533.jpg?w=480 480w, https:\/\/www.thesun.co.uk\/wp-content\/uploads\/2025\/01\/itv-advised-video-grabs-used-786103533.jpg?w=620 620w, https:\/\/www.thesun.co.uk\/wp-content\/uploads\/2025\/01\/itv-advised-video-grabs-used-786103533.jpg?w=670 670w, https:\/\/www.thesun.co.uk\/wp-content\/uploads\/2025\/01\/itv-advised-video-grabs-used-786103533.jpg?w=960 960w, https:\/\/www.thesun.co.uk\/wp-content\/uploads\/2025\/01\/itv-advised-video-grabs-used-786103533.jpg?w=1240 1240w, https:\/\/www.thesun.co.uk\/wp-content\/uploads\/2025\/01\/itv-advised-video-grabs-used-786103533.jpg?w=1005 1005w, https:\/\/www.thesun.co.uk\/wp-content\/uploads\/2025\/01\/itv-advised-video-grabs-used-786103533.jpg?w=1440 1440w, https:\/\/www.thesun.co.uk\/wp-content\/uploads\/2025\/01\/itv-advised-video-grabs-used-786103533.jpg?w=1860 1860w, https:\/\/www.thesun.co.uk\/wp-content\/uploads\/2025\/01\/itv-advised-video-grabs-used-786103533.jpg?w=1340 1340w, https:\/\/www.thesun.co.uk\/wp-content\/uploads\/2025\/01\/itv-advised-video-grabs-used-786103533.jpg?w=1920 1920w, https:\/\/www.thesun.co.uk\/wp-content\/uploads\/2025\/01\/itv-advised-video-grabs-used-786103533.jpg?w=2480 2480w\" loading=\"lazy\" role=\"img\"\/><\/p>\n<p><span class=\"article__gallery-count-value\">3<\/span><\/p>\n<\/div><figcaption class=\"article__media-caption\"><span class=\"article__media-span\">Pab\u0117gusi ISIS nuotaka i\u0161 esm\u0117s pakeit\u0117 savo \u012fvaizd\u012f ir ne kart\u0105 tvirtino, kad pakeit\u0117 savo b\u016bdus<\/span><span class=\"article__credit\">Kreditas: Alamy<\/span><\/figcaption><\/figure>\n<figure class=\"article__media\">\n<div class=\"article__media-img-container\" data-index=\"3\"><img decoding=\"async\" alt=\"Sirijos \u017eem\u0117lapis, kuriame pavaizduotos skirting\u0173 grupuo\u010di\u0173 kontrol\u0117s zonos po Assado \u017elugimo.\" height=\"960\" width=\"698\" class=\"alignnone size-thesun-article-image wp-image-32703331\" data-credit=\"\" src=\"https:\/\/www.thesun.co.uk\/wp-content\/uploads\/2025\/01\/KS_MAP_SYRIA090125-01-4.jpg?strip=all&amp;w=698\" sizes=\"auto, (max-width: 375px) 335px, (max-width: 520px) 480px, 620px\" srcset=\"https:\/\/www.thesun.co.uk\/wp-content\/uploads\/2025\/01\/KS_MAP_SYRIA090125-01-4.jpg?w=335 335w, https:\/\/www.thesun.co.uk\/wp-content\/uploads\/2025\/01\/KS_MAP_SYRIA090125-01-4.jpg?w=480 480w, https:\/\/www.thesun.co.uk\/wp-content\/uploads\/2025\/01\/KS_MAP_SYRIA090125-01-4.jpg?w=620 620w, https:\/\/www.thesun.co.uk\/wp-content\/uploads\/2025\/01\/KS_MAP_SYRIA090125-01-4.jpg?w=670 670w, https:\/\/www.thesun.co.uk\/wp-content\/uploads\/2025\/01\/KS_MAP_SYRIA090125-01-4.jpg?w=960 960w, https:\/\/www.thesun.co.uk\/wp-content\/uploads\/2025\/01\/KS_MAP_SYRIA090125-01-4.jpg?w=1240 1240w, https:\/\/www.thesun.co.uk\/wp-content\/uploads\/2025\/01\/KS_MAP_SYRIA090125-01-4.jpg?w=1005 1005w, https:\/\/www.thesun.co.uk\/wp-content\/uploads\/2025\/01\/KS_MAP_SYRIA090125-01-4.jpg?w=1440 1440w, https:\/\/www.thesun.co.uk\/wp-content\/uploads\/2025\/01\/KS_MAP_SYRIA090125-01-4.jpg?w=1860 1860w, https:\/\/www.thesun.co.uk\/wp-content\/uploads\/2025\/01\/KS_MAP_SYRIA090125-01-4.jpg?w=1340 1340w, https:\/\/www.thesun.co.uk\/wp-content\/uploads\/2025\/01\/KS_MAP_SYRIA090125-01-4.jpg?w=1920 1920w, https:\/\/www.thesun.co.uk\/wp-content\/uploads\/2025\/01\/KS_MAP_SYRIA090125-01-4.jpg?w=2480 2480w\" loading=\"lazy\" role=\"img\"\/><\/div>\n<\/figure>\n<\/div>\n<p><br \/>\n<br \/><a href=\"https:\/\/www.thesun.co.uk\/news\/32853627\/shamima-begum-return-nigel-farage-isis-death-cult\/\">Source link <\/a><\/p>\n","protected":false},"excerpt":{"rendered":"<p>2015 m. Shamima Begum paliko savo draugus, \u0161eim\u0105 ir savo ateit\u012f Ryt\u0173 Londone ir \u012fs\u0117do \u012f l\u0117ktuv\u0105 \u012f Turkij\u0105. Jos galutinis kelion\u0117s tikslas buvo Sirija, o jos ketinimas prisijungti prie ISIS \u2013 d\u017eihado mirties kulto. 3 Shamima Begum pab\u0117go i\u0161 JK gyventi ISIS kalifate 2015 mKreditas: Times Media Ltd 3 Tomas Tugendhatas sako, kad Britanijoje [&hellip;]<\/p>\n","protected":false},"author":1,"featured_media":1758,"comment_status":"","ping_status":"","sticky":false,"template":"","format":"standard","meta":{"om_disable_all_campaigns":false,"_monsterinsights_skip_tracking":false,"_monsterinsights_sitenote_active":false,"_monsterinsights_sitenote_note":"","_monsterinsights_sitenote_category":0,"footnotes":""},"categories":[4],"tags":[3451,3460,3459,1073,3452,3456,2069,83,3457,1537,1734,3454,3453,3458,450,3455,3450],"class_list":["post-1757","post","type-post","status-publish","format-standard","has-post-thumbnail","hentry","category-pasaulio-naujienos","tag-begum","tag-britanijoje","tag-didziojoje","tag-galvos","tag-gyresi","tag-isis","tag-jos","tag-kad","tag-kulto","tag-mirties","tag-namu","tag-netrikde","tag-nukirstos","tag-nusipelno","tag-prie","tag-prisijungus","tag-shamima"],"aioseo_notices":[],"_links":{"self":[{"href":"https:\/\/sekmesreceptas.lt\/index.php\/wp-json\/wp\/v2\/posts\/1757","targetHints":{"allow":["GET"]}}],"collection":[{"href":"https:\/\/sekmesreceptas.lt\/index.php\/wp-json\/wp\/v2\/posts"}],"about":[{"href":"https:\/\/sekmesreceptas.lt\/index.php\/wp-json\/wp\/v2\/types\/post"}],"author":[{"embeddable":true,"href":"https:\/\/sekmesreceptas.lt\/index.php\/wp-json\/wp\/v2\/users\/1"}],"replies":[{"embeddable":true,"href":"https:\/\/sekmesreceptas.lt\/index.php\/wp-json\/wp\/v2\/comments?post=1757"}],"version-history":[{"count":0,"href":"https:\/\/sekmesreceptas.lt\/index.php\/wp-json\/wp\/v2\/posts\/1757\/revisions"}],"wp:featuredmedia":[{"embeddable":true,"href":"https:\/\/sekmesreceptas.lt\/index.php\/wp-json\/wp\/v2\/media\/1758"}],"wp:attachment":[{"href":"https:\/\/sekmesreceptas.lt\/index.php\/wp-json\/wp\/v2\/media?parent=1757"}],"wp:term":[{"taxonomy":"category","embeddable":true,"href":"https:\/\/sekmesreceptas.lt\/index.php\/wp-json\/wp\/v2\/categories?post=1757"},{"taxonomy":"post_tag","embeddable":true,"href":"https:\/\/sekmesreceptas.lt\/index.php\/wp-json\/wp\/v2\/tags?post=1757"}],"curies":[{"name":"wp","href":"https:\/\/api.w.org\/{rel}","templated":true}]}}