{"id":1827,"date":"2025-01-25T12:07:09","date_gmt":"2025-01-25T12:07:09","guid":{"rendered":"https:\/\/sekmesreceptas.lt\/index.php\/2025\/01\/25\/baime-del-jauniausiu-hamas-belaisviu-kfir-ariel-bibas-2-ir-5-po-to-kai-jie-nebuvo-tarp-4-izraelio-ikaitu-isleistu-siandien\/"},"modified":"2025-01-25T12:07:09","modified_gmt":"2025-01-25T12:07:09","slug":"baime-del-jauniausiu-hamas-belaisviu-kfir-ariel-bibas-2-ir-5-po-to-kai-jie-nebuvo-tarp-4-izraelio-ikaitu-isleistu-siandien","status":"publish","type":"post","link":"https:\/\/sekmesreceptas.lt\/index.php\/2025\/01\/25\/baime-del-jauniausiu-hamas-belaisviu-kfir-ariel-bibas-2-ir-5-po-to-kai-jie-nebuvo-tarp-4-izraelio-ikaitu-isleistu-siandien\/","title":{"rendered":"Baim\u0117 d\u0117l jauniausi\u0173 \u201eHamas\u201c belaisvi\u0173 \u201eKfir &#038; Ariel Bibas\u201c, 2 ir 5, po to, kai jie nebuvo tarp 4 Izraelio \u012fkait\u0173, i\u0161leist\u0173 \u0161iandien"},"content":{"rendered":"<p> <br \/>\n<\/p>\n<div>\n<p>Baim\u0117s i\u0161augo d\u0117l jauniausi\u0173 Izraelio \u012fkait\u0173, kurie vis dar laikomi nelaisv\u0117je po to, kai jie nebuvo tarp keturi\u0173, paleist\u0173 \u0161iandieniniame kalini\u0173 apsikeitime.<\/p>\n<p>Kfiras ir Arielis Bibas, vos dvej\u0173 ir penkeri\u0173 met\u0173, buvo pagrobti \u201eHamas\u201c terorist\u0173, ta\u010diau j\u0173 \u0161eima neseniai atskleid\u0117, kad net ne\u012fsivaizduoja, ar berniukai gyvi, ar mir\u0119.<\/p>\n<figure class=\"article__media\">\n<div class=\"article__media-img-container open-gallery\" data-index=\"1\"><\/p>\n<p><span class=\"article__gallery-count-value\">8<\/span><\/p>\n<\/div><figcaption class=\"article__media-caption\"><span class=\"article__media-span\">Mama Shiri Bibas buvo matoma desperati\u0161kai gniau\u017eiant Kfir\u0105 ir jo brol\u012f Ariel\u012f, nes jie buvo pagrobti spalio 7 d.<\/span><span class=\"article__credit\">Kreditas: Ianas Whittakeris<\/span><\/figcaption><\/figure>\n<figure class=\"article__media\">\n<div class=\"article__media-img-container open-gallery\" data-index=\"2\"><img decoding=\"async\" alt=\"Jaunas berniukas \u017eaid\u017eia su \u017eaidimu ant grind\u0173.\" height=\"903\" width=\"960\" data-credit=\"Ian Whittaker\" src=\"https:\/\/www.thesun.co.uk\/wp-content\/uploads\/2025\/01\/2023-terrorist-attack-hamas-israel-856473926.jpg?strip=all&amp;w=960\" data-caption=\"Ariel Bibas pictured before the was kidnapped by Hamas\" sizes=\"auto, (max-width: 375px) 335px, (max-width: 520px) 480px, 620px\" srcset=\"https:\/\/www.thesun.co.uk\/wp-content\/uploads\/2025\/01\/2023-terrorist-attack-hamas-israel-856473926.jpg?w=335 335w, https:\/\/www.thesun.co.uk\/wp-content\/uploads\/2025\/01\/2023-terrorist-attack-hamas-israel-856473926.jpg?w=480 480w, https:\/\/www.thesun.co.uk\/wp-content\/uploads\/2025\/01\/2023-terrorist-attack-hamas-israel-856473926.jpg?w=620 620w, https:\/\/www.thesun.co.uk\/wp-content\/uploads\/2025\/01\/2023-terrorist-attack-hamas-israel-856473926.jpg?w=670 670w, https:\/\/www.thesun.co.uk\/wp-content\/uploads\/2025\/01\/2023-terrorist-attack-hamas-israel-856473926.jpg?w=960 960w, https:\/\/www.thesun.co.uk\/wp-content\/uploads\/2025\/01\/2023-terrorist-attack-hamas-israel-856473926.jpg?w=1240 1240w, https:\/\/www.thesun.co.uk\/wp-content\/uploads\/2025\/01\/2023-terrorist-attack-hamas-israel-856473926.jpg?w=1005 1005w, https:\/\/www.thesun.co.uk\/wp-content\/uploads\/2025\/01\/2023-terrorist-attack-hamas-israel-856473926.jpg?w=1440 1440w, https:\/\/www.thesun.co.uk\/wp-content\/uploads\/2025\/01\/2023-terrorist-attack-hamas-israel-856473926.jpg?w=1860 1860w, https:\/\/www.thesun.co.uk\/wp-content\/uploads\/2025\/01\/2023-terrorist-attack-hamas-israel-856473926.jpg?w=1340 1340w, https:\/\/www.thesun.co.uk\/wp-content\/uploads\/2025\/01\/2023-terrorist-attack-hamas-israel-856473926.jpg?w=1920 1920w, https:\/\/www.thesun.co.uk\/wp-content\/uploads\/2025\/01\/2023-terrorist-attack-hamas-israel-856473926.jpg?w=2480 2480w\" loading=\"lazy\" role=\"img\"\/><\/p>\n<p><span class=\"article__gallery-count-value\">8<\/span><\/p>\n<\/div><figcaption class=\"article__media-caption\"><span class=\"article__media-span\">Arielis Bibasas pavaizduotas prie\u0161 tai, kai buvo pagrobtas \u201eHamas\u201c<\/span><span class=\"article__credit\">Kreditas: Ianas Whittakeris<\/span><\/figcaption><\/figure>\n<figure class=\"article__media\">\n<div class=\"article__media-img-container open-gallery\" data-index=\"3\"><img decoding=\"async\" alt=\"\u0160eima Betmeno pi\u017eamose.\" height=\"956\" width=\"960\" data-credit=\"Supplied\" src=\"https:\/\/www.thesun.co.uk\/wp-content\/uploads\/2025\/01\/sunday-features-israel-october-7th-938020143_caeeab.jpg?strip=all&amp;w=960\" data-caption=\"Yarden and Shiri Bibas with their two young boys before the family became hostages\" sizes=\"auto, (max-width: 375px) 335px, (max-width: 520px) 480px, 620px\" srcset=\"https:\/\/www.thesun.co.uk\/wp-content\/uploads\/2025\/01\/sunday-features-israel-october-7th-938020143_caeeab.jpg?w=335 335w, https:\/\/www.thesun.co.uk\/wp-content\/uploads\/2025\/01\/sunday-features-israel-october-7th-938020143_caeeab.jpg?w=480 480w, https:\/\/www.thesun.co.uk\/wp-content\/uploads\/2025\/01\/sunday-features-israel-october-7th-938020143_caeeab.jpg?w=620 620w, https:\/\/www.thesun.co.uk\/wp-content\/uploads\/2025\/01\/sunday-features-israel-october-7th-938020143_caeeab.jpg?w=670 670w, https:\/\/www.thesun.co.uk\/wp-content\/uploads\/2025\/01\/sunday-features-israel-october-7th-938020143_caeeab.jpg?w=960 960w, https:\/\/www.thesun.co.uk\/wp-content\/uploads\/2025\/01\/sunday-features-israel-october-7th-938020143_caeeab.jpg?w=1240 1240w, https:\/\/www.thesun.co.uk\/wp-content\/uploads\/2025\/01\/sunday-features-israel-october-7th-938020143_caeeab.jpg?w=1005 1005w, https:\/\/www.thesun.co.uk\/wp-content\/uploads\/2025\/01\/sunday-features-israel-october-7th-938020143_caeeab.jpg?w=1440 1440w, https:\/\/www.thesun.co.uk\/wp-content\/uploads\/2025\/01\/sunday-features-israel-october-7th-938020143_caeeab.jpg?w=1860 1860w, https:\/\/www.thesun.co.uk\/wp-content\/uploads\/2025\/01\/sunday-features-israel-october-7th-938020143_caeeab.jpg?w=1340 1340w, https:\/\/www.thesun.co.uk\/wp-content\/uploads\/2025\/01\/sunday-features-israel-october-7th-938020143_caeeab.jpg?w=1920 1920w, https:\/\/www.thesun.co.uk\/wp-content\/uploads\/2025\/01\/sunday-features-israel-october-7th-938020143_caeeab.jpg?w=2480 2480w\" loading=\"lazy\" role=\"img\"\/><\/p>\n<p><span class=\"article__gallery-count-value\">8<\/span><\/p>\n<\/div><figcaption class=\"article__media-caption\"><span class=\"article__media-span\">Yardenas ir Shiri Bibas su savo dviem ma\u017eaisiais berniukais, kol \u0161eima tapo \u012fkaitais<\/span><span class=\"article__credit\">Kreditas: tiekiamas<\/span><\/figcaption><\/figure>\n<figure class=\"article__media\">\n<div class=\"article__media-img-container\" data-index=\"3\"><img decoding=\"async\" alt=\"Trij\u0173 fazi\u0173 taikos susitarimo Viduriniams Rytams iliustracija, parodanti paliaub\u0173, \u012fkait\u0173 i\u0161leidim\u0105 ir pasienio detales.\" class=\"alignnone size-thesun-article-image wp-image-32833253\" data-credit=\"\" src=\"https:\/\/www.thesun.co.uk\/wp-content\/uploads\/2025\/01\/AP-16-01-israel-hamas-ceasefire-graphic.jpg\" data-caption=\"\" sizes=\"(max-width: 375px) 335px, (max-width: 520px) 480px, 620px\" srcset=\"https:\/\/www.thesun.co.uk\/wp-content\/uploads\/2025\/01\/AP-16-01-israel-hamas-ceasefire-graphic.jpg?w=335 335w, https:\/\/www.thesun.co.uk\/wp-content\/uploads\/2025\/01\/AP-16-01-israel-hamas-ceasefire-graphic.jpg?w=480 480w, https:\/\/www.thesun.co.uk\/wp-content\/uploads\/2025\/01\/AP-16-01-israel-hamas-ceasefire-graphic.jpg?w=620 620w, https:\/\/www.thesun.co.uk\/wp-content\/uploads\/2025\/01\/AP-16-01-israel-hamas-ceasefire-graphic.jpg?w=670 670w, https:\/\/www.thesun.co.uk\/wp-content\/uploads\/2025\/01\/AP-16-01-israel-hamas-ceasefire-graphic.jpg?w=960 960w, https:\/\/www.thesun.co.uk\/wp-content\/uploads\/2025\/01\/AP-16-01-israel-hamas-ceasefire-graphic.jpg?w=1240 1240w, https:\/\/www.thesun.co.uk\/wp-content\/uploads\/2025\/01\/AP-16-01-israel-hamas-ceasefire-graphic.jpg?w=1005 1005w, https:\/\/www.thesun.co.uk\/wp-content\/uploads\/2025\/01\/AP-16-01-israel-hamas-ceasefire-graphic.jpg?w=1440 1440w, https:\/\/www.thesun.co.uk\/wp-content\/uploads\/2025\/01\/AP-16-01-israel-hamas-ceasefire-graphic.jpg?w=1860 1860w, https:\/\/www.thesun.co.uk\/wp-content\/uploads\/2025\/01\/AP-16-01-israel-hamas-ceasefire-graphic.jpg?w=1340 1340w, https:\/\/www.thesun.co.uk\/wp-content\/uploads\/2025\/01\/AP-16-01-israel-hamas-ceasefire-graphic.jpg?w=1920 1920w, https:\/\/www.thesun.co.uk\/wp-content\/uploads\/2025\/01\/AP-16-01-israel-hamas-ceasefire-graphic.jpg?w=2480 2480w\" loading=\"lazy\" role=\"img\"\/><\/div>\n<\/figure>\n<p>Vaikai kartu su savo t\u0117vais Yardenu ir Shiri yra visi s\u0105ra\u0161e esan\u010di\u0173 \u012fkait\u0173, kuriuos reikia i\u0161leisti, s\u0105ra\u0161e<span><span> <\/span>Pirmajame \u0161e\u0161i\u0173 savai\u010di\u0173 trapi\u0173 paliaub\u0173 faz\u0117je.<\/span><\/p>\n<p>Nepaisant to,<span><span> <\/span>Nuo tada giminai\u010diai negavo jokios informacijos<span> <\/span><\/span>Prasid\u0117jo paliaubos<span><span> <\/span>Sekmadien\u012f &#8211; kit\u0105 dien\u0105 po antrojo Kfiro gimtadienio.<\/span><\/p>\n<p>\u201eHamas\u201c susprogdino IDF, nes jie apkaltino kovotoj\u0173 grup\u0119 nutrauk\u0119 paliaub\u0173 susitarim\u0105, i\u0161leisdami keturias IDF kareivi\u0173 moteris.<\/p>\n<p>Atstovas Danielis Hagari sak\u0117: \u201e\u201e Hamas \u201cnesilaik\u0117 savo \u012fsipareigojimo pirmiausia i\u0161laisvinti civili\u0173 moteris\u201c.<\/p>\n<p>Hagari taip pat pa\u017ead\u0117jo, kad Izraelis padarys visk\u0105, k\u0105 gal\u0117jo, kad netrukus sugr\u0105\u017eint\u0173 berniukus ir Shiri namo.<\/p>\n<p>Atstovas pabr\u0117\u017e\u0117 did\u0117jan\u010di\u0105 \u0161ios \u0161eimos sveikatos baim\u0119, kai jis sak\u0117: \u201eMes turime didel\u012f susir\u016bpinim\u0105 d\u0117l j\u0173 likimo\u201c.<\/p>\n<p>Izraelis teig\u0117, kad jie tikisi netrukus i\u0161girsti daugiau apie nelaisv\u0117je esan\u010di\u0105 \u0161eim\u0105.<\/p>\n<p>Broli\u0173 \u201eBibas\u201c \u0161eima neseniai atskleid\u0117, kad net ne\u012fsivaizduoja, ar jauni berniukai yra mir\u0119 ar gyvi, po to, kai \u201eHamas\u201c nepateik\u0117 gyvenimo \u012frodymo.<\/p>\n<p>2023 m. Lapkri\u010dio m\u0117n. \u201eHamas\u201c paskelb\u0117 vaizdo \u012fra\u0161\u0105, kuriame buvo pasakyta, kad jo \u017emona ir vaikai buvo nu\u017eudyti.<\/p>\n<p>\u201eHamas\u201c teig\u0117, kad jie buvo nu\u017eudyti per IDF oro sm\u016bg\u012f Khan Younis, pietin\u0117je Gazoje.<\/p>\n<div id=\"bc-video-6362880091112\" class=\"brightcove\"><span class=\"article__bc_video-caption\">\u201eBibas\u201c \u0161eimos tragedija &#8211; kankinimas d\u0117l mamos ir jaun\u0173 berniuk\u0173 likimo, kur\u012f pagavo \u201eHamas Killer Gang\u201c<\/span><\/div>\n<p>Ta\u010diau \u017einoma, kad \u201eHamas\u201c praeityje melavo apie mirt\u012f kaip psichologini\u0173 kankinim\u0173 form\u0105 &#8211; taigi, situacija vis dar neai\u0161ki.<\/p>\n<p>J\u0173 artimieji pasidalino kan\u010diais ir \u0161irdies skausmais, su kuriais susid\u016br\u0117 per pastar\u0105sias 477 dienas.<\/p>\n<p>Ofri Bibas-Levy, broli\u0173 teta, \u201eNBC News\u201c sak\u0117: \u201eNe\u017einoti yra taip sunku, kad kartais noriu r\u0117kti.<\/p>\n<p>\u201eTiesiog pasakyk man, net jei tai blogiausia, a\u0161 tiesiog noriu \u017einoti.<\/p>\n<p>\u201eNe\u017einau, a\u0161 negaliu prad\u0117ti jokio gydymo, negaliu prad\u0117ti atsigauti &#8211; esu u\u017estrig\u0119s\u201c, &#8211; sak\u0117 ji, gniau\u017edama special\u0173 ro\u017einio dramblio \u017eaislo, kuriame yra garsiausiame Kfiro paveiksle, poils\u012f.<\/p>\n<h2 class=\"wp-block-heading\">Antrasis mainai<\/h2>\n<p>\u0160iandien buvo atliktas antrasis pirm\u0173j\u0173 \u0161e\u0161i\u0173 \u012fkait\u0173 main\u0173 tarp \u201eHamas\u201c ir Izraelio savai\u010di\u0173 etapas.<\/p>\n<p>Keturi IDF kareiviai buvo emoci\u0161kai i\u0161laisvinti po 477 \u017eiauri\u0173 pragaro dien\u0173.<\/p>\n<p>20 met\u0173 Karina Ariev, 20 m., 20 m. Daniela Gilboa, 20 met\u0173 Naama Levy, ir 19 met\u0173 Liri Elbagas buvo perduoti Raudonajam Kry\u017eiui ir buvo sugr\u0105\u017einti namo.<\/p>\n<figure class=\"article__media\">\n<div class=\"article__media-img-container open-gallery\" data-index=\"4\"><img decoding=\"async\" alt=\"Yardenas Bibasas \u201eHamas\u201c vaizdo \u012fra\u0161e, li\u016bd\u0117damas savo \u0161eimai.\" height=\"494\" width=\"878\" data-credit=\"Hamas Military Wing\" src=\"https:\/\/www.thesun.co.uk\/wp-content\/uploads\/2025\/01\/father-of-two-yarden-bibas-930661822.jpg?strip=all&amp;w=878\" data-caption=\"Hamas published a video of Yarden Bibas being told his wife and children had been killed in 2023\" sizes=\"auto, (max-width: 375px) 335px, (max-width: 520px) 480px, 620px\" srcset=\"https:\/\/www.thesun.co.uk\/wp-content\/uploads\/2025\/01\/father-of-two-yarden-bibas-930661822.jpg?w=335 335w, https:\/\/www.thesun.co.uk\/wp-content\/uploads\/2025\/01\/father-of-two-yarden-bibas-930661822.jpg?w=480 480w, https:\/\/www.thesun.co.uk\/wp-content\/uploads\/2025\/01\/father-of-two-yarden-bibas-930661822.jpg?w=620 620w, https:\/\/www.thesun.co.uk\/wp-content\/uploads\/2025\/01\/father-of-two-yarden-bibas-930661822.jpg?w=670 670w, https:\/\/www.thesun.co.uk\/wp-content\/uploads\/2025\/01\/father-of-two-yarden-bibas-930661822.jpg?w=960 960w, https:\/\/www.thesun.co.uk\/wp-content\/uploads\/2025\/01\/father-of-two-yarden-bibas-930661822.jpg?w=1240 1240w, https:\/\/www.thesun.co.uk\/wp-content\/uploads\/2025\/01\/father-of-two-yarden-bibas-930661822.jpg?w=1005 1005w, https:\/\/www.thesun.co.uk\/wp-content\/uploads\/2025\/01\/father-of-two-yarden-bibas-930661822.jpg?w=1440 1440w, https:\/\/www.thesun.co.uk\/wp-content\/uploads\/2025\/01\/father-of-two-yarden-bibas-930661822.jpg?w=1860 1860w, https:\/\/www.thesun.co.uk\/wp-content\/uploads\/2025\/01\/father-of-two-yarden-bibas-930661822.jpg?w=1340 1340w, https:\/\/www.thesun.co.uk\/wp-content\/uploads\/2025\/01\/father-of-two-yarden-bibas-930661822.jpg?w=1920 1920w, https:\/\/www.thesun.co.uk\/wp-content\/uploads\/2025\/01\/father-of-two-yarden-bibas-930661822.jpg?w=2480 2480w\" loading=\"lazy\" role=\"img\"\/><\/p>\n<p><span class=\"article__gallery-count-value\">8<\/span><\/p>\n<\/div><figcaption class=\"article__media-caption\"><span class=\"article__media-span\">\u201eHamas\u201c paskelb\u0117 vaizdo \u012fra\u0161\u0105, kuriame pasakojo apie Yarden Bibas, jo \u017emona ir vaikai buvo nu\u017eudyti 2023 m.<\/span><span class=\"article__credit\">Kreditas: \u201eHamas\u201c karinis sparnas<\/span><\/figcaption><\/figure>\n<figure class=\"article__media\">\n<div class=\"article__media-img-container open-gallery\" data-index=\"5\"><img decoding=\"async\" alt=\"Protestuotojai, laikantys \u017eenklus, reikalaujan\u010dius paleisti \u0161eim\u0105, laikom\u0105 \u012fkait\u0105.\" height=\"640\" width=\"960\" data-credit=\"AFP\" src=\"https:\/\/www.thesun.co.uk\/wp-content\/uploads\/2025\/01\/2024-mark-fifth-birthday-ariel-930684125_7aeb46.jpg?strip=all&amp;w=960\" data-caption=\"People gather on Ariel's fifth birthday to call for the liberation of him and his family\" sizes=\"auto, (max-width: 375px) 335px, (max-width: 520px) 480px, 620px\" srcset=\"https:\/\/www.thesun.co.uk\/wp-content\/uploads\/2025\/01\/2024-mark-fifth-birthday-ariel-930684125_7aeb46.jpg?w=335 335w, https:\/\/www.thesun.co.uk\/wp-content\/uploads\/2025\/01\/2024-mark-fifth-birthday-ariel-930684125_7aeb46.jpg?w=480 480w, https:\/\/www.thesun.co.uk\/wp-content\/uploads\/2025\/01\/2024-mark-fifth-birthday-ariel-930684125_7aeb46.jpg?w=620 620w, https:\/\/www.thesun.co.uk\/wp-content\/uploads\/2025\/01\/2024-mark-fifth-birthday-ariel-930684125_7aeb46.jpg?w=670 670w, https:\/\/www.thesun.co.uk\/wp-content\/uploads\/2025\/01\/2024-mark-fifth-birthday-ariel-930684125_7aeb46.jpg?w=960 960w, https:\/\/www.thesun.co.uk\/wp-content\/uploads\/2025\/01\/2024-mark-fifth-birthday-ariel-930684125_7aeb46.jpg?w=1240 1240w, https:\/\/www.thesun.co.uk\/wp-content\/uploads\/2025\/01\/2024-mark-fifth-birthday-ariel-930684125_7aeb46.jpg?w=1005 1005w, https:\/\/www.thesun.co.uk\/wp-content\/uploads\/2025\/01\/2024-mark-fifth-birthday-ariel-930684125_7aeb46.jpg?w=1440 1440w, https:\/\/www.thesun.co.uk\/wp-content\/uploads\/2025\/01\/2024-mark-fifth-birthday-ariel-930684125_7aeb46.jpg?w=1860 1860w, https:\/\/www.thesun.co.uk\/wp-content\/uploads\/2025\/01\/2024-mark-fifth-birthday-ariel-930684125_7aeb46.jpg?w=1340 1340w, https:\/\/www.thesun.co.uk\/wp-content\/uploads\/2025\/01\/2024-mark-fifth-birthday-ariel-930684125_7aeb46.jpg?w=1920 1920w, https:\/\/www.thesun.co.uk\/wp-content\/uploads\/2025\/01\/2024-mark-fifth-birthday-ariel-930684125_7aeb46.jpg?w=2480 2480w\" loading=\"lazy\" role=\"img\"\/><\/p>\n<p><span class=\"article__gallery-count-value\">8<\/span><\/p>\n<\/div><figcaption class=\"article__media-caption\"><span class=\"article__media-span\">\u017dmon\u0117s susirenka penktajame Arielio gimtadienyje, kad kviest\u0173 i\u0161laisvinti j\u012f ir jo \u0161eim\u0105<\/span><span class=\"article__credit\">Kreditas: AFP<\/span><\/figcaption><\/figure>\n<figure class=\"article__media\">\n<div class=\"article__media-img-container open-gallery\" data-index=\"6\"><img decoding=\"async\" alt=\"T\u0117vas, laikantis savo ma\u017e\u0105j\u012f s\u016bn\u0173, abu \u012fkaitai 2023 m. Spalio m\u0117n. \u201eHamas\u201c i\u0161puolyje prie\u0161 Izrael\u012f.\" height=\"960\" width=\"723\" data-credit=\"Ian Whittaker\" src=\"https:\/\/www.thesun.co.uk\/wp-content\/uploads\/2025\/01\/2023-terrorist-attack-hamas-israel-856473419.jpg?strip=all&amp;w=723\" data-caption=\"Yarden Bibas holding his son Ariel when he was four years old\" sizes=\"auto, (max-width: 375px) 335px, (max-width: 520px) 480px, 620px\" srcset=\"https:\/\/www.thesun.co.uk\/wp-content\/uploads\/2025\/01\/2023-terrorist-attack-hamas-israel-856473419.jpg?w=335 335w, https:\/\/www.thesun.co.uk\/wp-content\/uploads\/2025\/01\/2023-terrorist-attack-hamas-israel-856473419.jpg?w=480 480w, https:\/\/www.thesun.co.uk\/wp-content\/uploads\/2025\/01\/2023-terrorist-attack-hamas-israel-856473419.jpg?w=620 620w, https:\/\/www.thesun.co.uk\/wp-content\/uploads\/2025\/01\/2023-terrorist-attack-hamas-israel-856473419.jpg?w=670 670w, https:\/\/www.thesun.co.uk\/wp-content\/uploads\/2025\/01\/2023-terrorist-attack-hamas-israel-856473419.jpg?w=960 960w, https:\/\/www.thesun.co.uk\/wp-content\/uploads\/2025\/01\/2023-terrorist-attack-hamas-israel-856473419.jpg?w=1240 1240w, https:\/\/www.thesun.co.uk\/wp-content\/uploads\/2025\/01\/2023-terrorist-attack-hamas-israel-856473419.jpg?w=1005 1005w, https:\/\/www.thesun.co.uk\/wp-content\/uploads\/2025\/01\/2023-terrorist-attack-hamas-israel-856473419.jpg?w=1440 1440w, https:\/\/www.thesun.co.uk\/wp-content\/uploads\/2025\/01\/2023-terrorist-attack-hamas-israel-856473419.jpg?w=1860 1860w, https:\/\/www.thesun.co.uk\/wp-content\/uploads\/2025\/01\/2023-terrorist-attack-hamas-israel-856473419.jpg?w=1340 1340w, https:\/\/www.thesun.co.uk\/wp-content\/uploads\/2025\/01\/2023-terrorist-attack-hamas-israel-856473419.jpg?w=1920 1920w, https:\/\/www.thesun.co.uk\/wp-content\/uploads\/2025\/01\/2023-terrorist-attack-hamas-israel-856473419.jpg?w=2480 2480w\" loading=\"lazy\" role=\"img\"\/><\/p>\n<p><span class=\"article__gallery-count-value\">8<\/span><\/p>\n<\/div><figcaption class=\"article__media-caption\"><span class=\"article__media-span\">Yarden Bibas, laikantis savo s\u016bn\u0173 Ariel\u0105, kai jam buvo ketveri metai<\/span><span class=\"article__credit\">Kreditas: Ianas Whittakeris<\/span><\/figcaption><\/figure>\n<p>Jie buvo palyd\u0117ti kauki\u0173 d\u0117vin\u010di\u0173 ir ginkl\u0173 ne\u0161iojan\u010di\u0173 \u201eHamas\u201c terorist\u0173, nes did\u017eiul\u0117s minios steb\u0117jo istorin\u0119 akimirk\u0105 aik\u0161t\u0117s aik\u0161t\u0117je Gazos mieste.<\/p>\n<p>Moterys buvo matomos mojuodamos i\u0161 scenos, prie\u0161 tai perduodamos Raudonajam Kry\u017eiui, kuris juos privert\u0117 saugiai.<\/p>\n<p>Keturios jaunos moterys buvo siaubingai pagrobtos i\u0161 Izraelio Nahalo Ozo karin\u0117s baz\u0117s 2023 m. Spalio 7 d.<\/p>\n<p>Tuo metu \u201eHamas\u201c i\u0161leista filmuota med\u017eiaga parod\u0117, kad mergait\u0117s, u\u017edengtos krauju, nes jos buvo suri\u0161tos prie\u0161 \u017eudiki\u0161kus \u012fsibrov\u0117lius.<\/p>\n<p>Jauni kareiviai taip pat buvo stumiami prie sienos, kai kovotojas r\u0117k\u0117 \u201efotografuoti juos\u201c.<\/p>\n<figure class=\"article__media\">\n<div class=\"article__media-img-container open-gallery\" data-index=\"7\"><img decoding=\"async\" alt=\"\u201eHamas\u201c kovotojai perduoda Izraelio \u012fkaitus Raudonajam Kry\u017eiui.\" height=\"640\" width=\"960\" data-credit=\"AFP\" src=\"https:\/\/www.thesun.co.uk\/wp-content\/uploads\/2025\/01\/2025-hamas-militants-handed-four-966495945_019c40.jpg?strip=all&amp;w=960\" data-caption=\"Four Israeli hostages were escorted to Red Cross officials by gun-wielding Hamas officials on Saturday\" sizes=\"auto, (max-width: 375px) 335px, (max-width: 520px) 480px, 620px\" srcset=\"https:\/\/www.thesun.co.uk\/wp-content\/uploads\/2025\/01\/2025-hamas-militants-handed-four-966495945_019c40.jpg?w=335 335w, https:\/\/www.thesun.co.uk\/wp-content\/uploads\/2025\/01\/2025-hamas-militants-handed-four-966495945_019c40.jpg?w=480 480w, https:\/\/www.thesun.co.uk\/wp-content\/uploads\/2025\/01\/2025-hamas-militants-handed-four-966495945_019c40.jpg?w=620 620w, https:\/\/www.thesun.co.uk\/wp-content\/uploads\/2025\/01\/2025-hamas-militants-handed-four-966495945_019c40.jpg?w=670 670w, https:\/\/www.thesun.co.uk\/wp-content\/uploads\/2025\/01\/2025-hamas-militants-handed-four-966495945_019c40.jpg?w=960 960w, https:\/\/www.thesun.co.uk\/wp-content\/uploads\/2025\/01\/2025-hamas-militants-handed-four-966495945_019c40.jpg?w=1240 1240w, https:\/\/www.thesun.co.uk\/wp-content\/uploads\/2025\/01\/2025-hamas-militants-handed-four-966495945_019c40.jpg?w=1005 1005w, https:\/\/www.thesun.co.uk\/wp-content\/uploads\/2025\/01\/2025-hamas-militants-handed-four-966495945_019c40.jpg?w=1440 1440w, https:\/\/www.thesun.co.uk\/wp-content\/uploads\/2025\/01\/2025-hamas-militants-handed-four-966495945_019c40.jpg?w=1860 1860w, https:\/\/www.thesun.co.uk\/wp-content\/uploads\/2025\/01\/2025-hamas-militants-handed-four-966495945_019c40.jpg?w=1340 1340w, https:\/\/www.thesun.co.uk\/wp-content\/uploads\/2025\/01\/2025-hamas-militants-handed-four-966495945_019c40.jpg?w=1920 1920w, https:\/\/www.thesun.co.uk\/wp-content\/uploads\/2025\/01\/2025-hamas-militants-handed-four-966495945_019c40.jpg?w=2480 2480w\" loading=\"lazy\" role=\"img\"\/><\/p>\n<p><span class=\"article__gallery-count-value\">8<\/span><\/p>\n<\/div><figcaption class=\"article__media-caption\"><span class=\"article__media-span\">Keturi Izraelio \u012fkaitai buvo palyd\u0117ti \u012f Raudonojo Kry\u017eiaus pareig\u016bnus, \u0161e\u0161tadien\u012f ginkluotus \u201eHamas\u201c pareig\u016bnus<\/span><span class=\"article__credit\">Kreditas: AFP<\/span><\/figcaption><\/figure>\n<figure class=\"article__media\">\n<div class=\"article__media-img-container open-gallery\" data-index=\"8\"><img decoding=\"async\" alt=\"Keturi Izraelio \u012fkaitai, banguojantys ir atiduodami nyk\u0161\u010dius po to, kai paleido \u201eHamas\u201c.\" height=\"640\" width=\"960\" data-credit=\"AFP\" src=\"https:\/\/www.thesun.co.uk\/wp-content\/uploads\/2025\/01\/2025-hamas-militants-handed-four-966497705_3df8ef.jpg?strip=all&amp;w=960\" data-caption=\"Hostages Naama Levy, Liri Albag, Daniella Gilboa, and Karina Ariev were handed over in Gaza City\" sizes=\"auto, (max-width: 375px) 335px, (max-width: 520px) 480px, 620px\" srcset=\"https:\/\/www.thesun.co.uk\/wp-content\/uploads\/2025\/01\/2025-hamas-militants-handed-four-966497705_3df8ef.jpg?w=335 335w, https:\/\/www.thesun.co.uk\/wp-content\/uploads\/2025\/01\/2025-hamas-militants-handed-four-966497705_3df8ef.jpg?w=480 480w, https:\/\/www.thesun.co.uk\/wp-content\/uploads\/2025\/01\/2025-hamas-militants-handed-four-966497705_3df8ef.jpg?w=620 620w, https:\/\/www.thesun.co.uk\/wp-content\/uploads\/2025\/01\/2025-hamas-militants-handed-four-966497705_3df8ef.jpg?w=670 670w, https:\/\/www.thesun.co.uk\/wp-content\/uploads\/2025\/01\/2025-hamas-militants-handed-four-966497705_3df8ef.jpg?w=960 960w, https:\/\/www.thesun.co.uk\/wp-content\/uploads\/2025\/01\/2025-hamas-militants-handed-four-966497705_3df8ef.jpg?w=1240 1240w, https:\/\/www.thesun.co.uk\/wp-content\/uploads\/2025\/01\/2025-hamas-militants-handed-four-966497705_3df8ef.jpg?w=1005 1005w, https:\/\/www.thesun.co.uk\/wp-content\/uploads\/2025\/01\/2025-hamas-militants-handed-four-966497705_3df8ef.jpg?w=1440 1440w, https:\/\/www.thesun.co.uk\/wp-content\/uploads\/2025\/01\/2025-hamas-militants-handed-four-966497705_3df8ef.jpg?w=1860 1860w, https:\/\/www.thesun.co.uk\/wp-content\/uploads\/2025\/01\/2025-hamas-militants-handed-four-966497705_3df8ef.jpg?w=1340 1340w, https:\/\/www.thesun.co.uk\/wp-content\/uploads\/2025\/01\/2025-hamas-militants-handed-four-966497705_3df8ef.jpg?w=1920 1920w, https:\/\/www.thesun.co.uk\/wp-content\/uploads\/2025\/01\/2025-hamas-militants-handed-four-966497705_3df8ef.jpg?w=2480 2480w\" loading=\"lazy\" role=\"img\"\/><\/p>\n<p><span class=\"article__gallery-count-value\">8<\/span><\/p>\n<\/div><figcaption class=\"article__media-caption\"><span class=\"article__media-span\">\u012ekaitai Naama Levy, Liri Albag, Daniella Gilboa ir Karina Ariev buvo perduoti Gazos mieste<\/span><span class=\"article__credit\">Kreditas: AFP<\/span><\/figcaption><\/figure>\n<\/div>\n<p><br \/>\n<br \/><a href=\"https:\/\/www.thesun.co.uk\/news\/32999600\/fears-youngest-hamas-captives-bibas-brothers-grow-israel-released\/\">Source link <\/a><\/p>\n","protected":false},"excerpt":{"rendered":"<p>Baim\u0117s i\u0161augo d\u0117l jauniausi\u0173 Izraelio \u012fkait\u0173, kurie vis dar laikomi nelaisv\u0117je po to, kai jie nebuvo tarp keturi\u0173, paleist\u0173 \u0161iandieniniame kalini\u0173 apsikeitime. Kfiras ir Arielis Bibas, vos dvej\u0173 ir penkeri\u0173 met\u0173, buvo pagrobti \u201eHamas\u201c terorist\u0173, ta\u010diau j\u0173 \u0161eima neseniai atskleid\u0117, kad net ne\u012fsivaizduoja, ar berniukai gyvi, ar mir\u0119. 8 Mama Shiri Bibas buvo matoma desperati\u0161kai [&hellip;]<\/p>\n","protected":false},"author":1,"featured_media":1828,"comment_status":"","ping_status":"","sticky":false,"template":"","format":"standard","meta":{"om_disable_all_campaigns":false,"_monsterinsights_skip_tracking":false,"_monsterinsights_sitenote_active":false,"_monsterinsights_sitenote_note":"","_monsterinsights_sitenote_category":0,"footnotes":""},"categories":[4],"tags":[3607,642,3605,3608,185,533,3609,3610,501,3604,506,49,3606,3086,1123,213],"class_list":["post-1827","post","type-post","status-publish","format-standard","has-post-thumbnail","hentry","category-pasaulio-naujienos","tag-ariel","tag-baime","tag-belaisviu","tag-bibas","tag-del","tag-hamas","tag-ikaitu","tag-isleistu","tag-izraelio","tag-jauniausiu","tag-jie","tag-kai","tag-kfir","tag-nebuvo","tag-siandien","tag-tarp"],"aioseo_notices":[],"_links":{"self":[{"href":"https:\/\/sekmesreceptas.lt\/index.php\/wp-json\/wp\/v2\/posts\/1827","targetHints":{"allow":["GET"]}}],"collection":[{"href":"https:\/\/sekmesreceptas.lt\/index.php\/wp-json\/wp\/v2\/posts"}],"about":[{"href":"https:\/\/sekmesreceptas.lt\/index.php\/wp-json\/wp\/v2\/types\/post"}],"author":[{"embeddable":true,"href":"https:\/\/sekmesreceptas.lt\/index.php\/wp-json\/wp\/v2\/users\/1"}],"replies":[{"embeddable":true,"href":"https:\/\/sekmesreceptas.lt\/index.php\/wp-json\/wp\/v2\/comments?post=1827"}],"version-history":[{"count":0,"href":"https:\/\/sekmesreceptas.lt\/index.php\/wp-json\/wp\/v2\/posts\/1827\/revisions"}],"wp:featuredmedia":[{"embeddable":true,"href":"https:\/\/sekmesreceptas.lt\/index.php\/wp-json\/wp\/v2\/media\/1828"}],"wp:attachment":[{"href":"https:\/\/sekmesreceptas.lt\/index.php\/wp-json\/wp\/v2\/media?parent=1827"}],"wp:term":[{"taxonomy":"category","embeddable":true,"href":"https:\/\/sekmesreceptas.lt\/index.php\/wp-json\/wp\/v2\/categories?post=1827"},{"taxonomy":"post_tag","embeddable":true,"href":"https:\/\/sekmesreceptas.lt\/index.php\/wp-json\/wp\/v2\/tags?post=1827"}],"curies":[{"name":"wp","href":"https:\/\/api.w.org\/{rel}","templated":true}]}}