{"id":188,"date":"2024-08-07T08:23:02","date_gmt":"2024-08-07T08:23:02","guid":{"rendered":"https:\/\/sekmesreceptas.lt\/index.php\/2024\/08\/07\/47-metu-mama-atostogaudama-prancuzijoje-zuvo-vandens-motociklu-kuriuo-vazinejosi-jos-pacios-dukterys-16\/"},"modified":"2024-08-07T08:23:02","modified_gmt":"2024-08-07T08:23:02","slug":"47-metu-mama-atostogaudama-prancuzijoje-zuvo-vandens-motociklu-kuriuo-vazinejosi-jos-pacios-dukterys-16","status":"publish","type":"post","link":"https:\/\/sekmesreceptas.lt\/index.php\/2024\/08\/07\/47-metu-mama-atostogaudama-prancuzijoje-zuvo-vandens-motociklu-kuriuo-vazinejosi-jos-pacios-dukterys-16\/","title":{"rendered":"47 met\u0173 mama, atostogaudama Pranc\u016bzijoje, \u017euvo vandens motociklu, kuriuo va\u017ein\u0117josi jos pa\u010dios dukterys (16)"},"content":{"rendered":"<p> <br \/>\n<\/p>\n<div>\n<p>MAMA \u017euvo po to, kai vandens motocikl\u0105, kuriuo ji va\u017eiavo, partrenk\u0117 viena, kuri\u0105 vairavo jos 16-met\u0117 dvyni\u0173 dukra.<\/p>\n<p>47 met\u0173 vyras mir\u0117 nuo galvos traum\u0173 po siaubingos avarijos Pranc\u016bzijoje sekmadien\u012f.<\/p>\n<figure class=\"article__media\">\n<div class=\"article__media-img-container open-gallery\" data-index=\"1\"><a href=\"#\"><img decoding=\"async\" alt=\"Dviej\u0173 vaik\u0173 mama \u017euvo per siaubo vandens motociklo avarij\u0105 (failo vaizdas)\" height=\"640\" width=\"960\" data-credit=\"Getty\" data-sizes=\"(max-width: 375px) 335px, (max-width: 520px) 480px, 620px\" src=\"https:\/\/www.thesun.co.uk\/wp-content\/uploads\/2024\/08\/NINTCHDBPICT000923243409.jpg?strip=all&amp;w=960\" data-srcset=\"https:\/\/www.thesun.co.uk\/wp-content\/uploads\/2024\/08\/NINTCHDBPICT000923243409.jpg?w=335 335w, https:\/\/www.thesun.co.uk\/wp-content\/uploads\/2024\/08\/NINTCHDBPICT000923243409.jpg?w=480 480w, https:\/\/www.thesun.co.uk\/wp-content\/uploads\/2024\/08\/NINTCHDBPICT000923243409.jpg?w=620 620w, https:\/\/www.thesun.co.uk\/wp-content\/uploads\/2024\/08\/NINTCHDBPICT000923243409.jpg?w=670 670w, https:\/\/www.thesun.co.uk\/wp-content\/uploads\/2024\/08\/NINTCHDBPICT000923243409.jpg?w=960 960w, https:\/\/www.thesun.co.uk\/wp-content\/uploads\/2024\/08\/NINTCHDBPICT000923243409.jpg?w=1240 1240w, https:\/\/www.thesun.co.uk\/wp-content\/uploads\/2024\/08\/NINTCHDBPICT000923243409.jpg?w=1005 1005w, https:\/\/www.thesun.co.uk\/wp-content\/uploads\/2024\/08\/NINTCHDBPICT000923243409.jpg?w=1440 1440w, https:\/\/www.thesun.co.uk\/wp-content\/uploads\/2024\/08\/NINTCHDBPICT000923243409.jpg?w=1860 1860w, https:\/\/www.thesun.co.uk\/wp-content\/uploads\/2024\/08\/NINTCHDBPICT000923243409.jpg?w=1340 1340w, https:\/\/www.thesun.co.uk\/wp-content\/uploads\/2024\/08\/NINTCHDBPICT000923243409.jpg?w=1920 1920w, https:\/\/www.thesun.co.uk\/wp-content\/uploads\/2024\/08\/NINTCHDBPICT000923243409.jpg?w=2480 2480w\" loading=\"lazy\" role=\"img\"\/><\/a><\/p>\n<p><span class=\"article__gallery-count-value\">2<\/span><\/p>\n<\/div><figcaption class=\"article__media-caption\"><span class=\"article__media-span\">Dviej\u0173 vaik\u0173 mama \u017euvo per siaubo vandens motociklo avarij\u0105 (failo vaizdas)<\/span><span class=\"article__credit\">Kreditas: Getty<\/span><\/figcaption><\/figure>\n<figure class=\"article__media\">\n<div class=\"article__media-img-container open-gallery\" data-index=\"2\"><a href=\"#\"><img decoding=\"async\" alt=\"Papl\u016bdimys Arcachon \u012flankoje, kur \u0161eima plaukiojo vandens motociklais\" height=\"640\" width=\"960\" data-credit=\"Getty\" data-sizes=\"(max-width: 375px) 335px, (max-width: 520px) 480px, 620px\" src=\"https:\/\/www.thesun.co.uk\/wp-content\/uploads\/2024\/08\/NINTCHDBPICT000923243002.jpg?strip=all&amp;w=960\" data-srcset=\"https:\/\/www.thesun.co.uk\/wp-content\/uploads\/2024\/08\/NINTCHDBPICT000923243002.jpg?w=335 335w, https:\/\/www.thesun.co.uk\/wp-content\/uploads\/2024\/08\/NINTCHDBPICT000923243002.jpg?w=480 480w, https:\/\/www.thesun.co.uk\/wp-content\/uploads\/2024\/08\/NINTCHDBPICT000923243002.jpg?w=620 620w, https:\/\/www.thesun.co.uk\/wp-content\/uploads\/2024\/08\/NINTCHDBPICT000923243002.jpg?w=670 670w, https:\/\/www.thesun.co.uk\/wp-content\/uploads\/2024\/08\/NINTCHDBPICT000923243002.jpg?w=960 960w, https:\/\/www.thesun.co.uk\/wp-content\/uploads\/2024\/08\/NINTCHDBPICT000923243002.jpg?w=1240 1240w, https:\/\/www.thesun.co.uk\/wp-content\/uploads\/2024\/08\/NINTCHDBPICT000923243002.jpg?w=1005 1005w, https:\/\/www.thesun.co.uk\/wp-content\/uploads\/2024\/08\/NINTCHDBPICT000923243002.jpg?w=1440 1440w, https:\/\/www.thesun.co.uk\/wp-content\/uploads\/2024\/08\/NINTCHDBPICT000923243002.jpg?w=1860 1860w, https:\/\/www.thesun.co.uk\/wp-content\/uploads\/2024\/08\/NINTCHDBPICT000923243002.jpg?w=1340 1340w, https:\/\/www.thesun.co.uk\/wp-content\/uploads\/2024\/08\/NINTCHDBPICT000923243002.jpg?w=1920 1920w, https:\/\/www.thesun.co.uk\/wp-content\/uploads\/2024\/08\/NINTCHDBPICT000923243002.jpg?w=2480 2480w\" loading=\"lazy\" role=\"img\"\/><\/a><\/p>\n<p><span class=\"article__gallery-count-value\">2<\/span><\/p>\n<\/div><figcaption class=\"article__media-caption\"><span class=\"article__media-span\">Papl\u016bdimys Arcachon \u012flankoje, kur \u0161eima plaukiojo vandens motociklais<\/span><span class=\"article__credit\">Kreditas: Getty<\/span><\/figcaption><\/figure>\n<p>Ji buvo viena su savo partneriu, o j\u0173 dukros va\u017ein\u0117jo ant kitos Arka\u0161ono \u012flankoje pietvakarin\u0117je pakrant\u0117je.<\/p>\n<p>\u0160eima i\u0161 Angulemo taip pat pietvakariuose buvo i\u0161vykusi su instruktoriumi.<\/p>\n<p>Jos partneris ir vaikai buvo nuve\u017eti \u012f ligonin\u0119, kur buvo gydomi d\u0117l lengv\u0173 su\u017ealojim\u0173 ir \u0161oko.<\/p>\n<p>Kai kurie Pranc\u016bzijos kurortai u\u017edraud\u0117 vandens motociklus, nes sekmadien\u012f \u012fvykusi siaubinga avarija v\u0117l prad\u0117jo diskusijas d\u0117l saugos taisykli\u0173.<\/p>\n<p>Dauguma draudim\u0173 galioja d\u0117l triuk\u0161mo ar \u017ealos aplinkai.<\/p>\n<p>Sammy Maysonnave&#8217;as, 2022 m. Pranc\u016bzijos vandens motocikl\u0173 var\u017eyb\u0173 nugal\u0117tojas, laikra\u0161\u010diui \u201eSud Ouest\u201c sak\u0117: \u201e\u0160almai tur\u0117t\u0173 b\u016bti privalomi, tai yra pagrindinis dalykas.<\/p>\n<p>\u201eRaitininkams taip pat reikia daugiau mokym\u0173, galb\u016bt specialios licencijos.<\/p>\n<p>\u0160almo va\u017ein\u0117jant vandens motociklu \u0161alyje d\u0117v\u0117ti \u0161almo neprivaloma.<\/p>\n<p>Sveikatos ir saugos taisykl\u0117s privalo laikytis tik ne ma\u017eiau kaip 2 mm storio hidrokostiumo \u0161ortai, apsaugantys nuo vidini\u0173 su\u017ealojim\u0173.<\/p>\n<p>Maysonnave prid\u016br\u0117: \u201eTai gera prad\u017eia, bet taisykl\u0117s tur\u0117t\u0173 b\u016bti grie\u017etesn\u0117s\u201c.<\/p>\n<p>Nor\u0117dami va\u017ein\u0117tis vandens motociklu Pranc\u016bzijoje, turite b\u016bti ne jaunesni kaip 16 met\u0173 ir tur\u0117ti speciali\u0105 laivo licencij\u0105 \u2013 nebent jums pri\u017ei\u016br\u0117t\u0173 instruktorius.<\/p>\n<p>Pranc\u016bzijoje vis da\u017eniau mir\u0161ta d\u0117l avarij\u0173 su varikliais.<\/p>\n<p>2023 metais pagalbos tarnybos d\u0117l j\u0173 tur\u0117jo atlikti 55 gelb\u0117jimo misijas pakrant\u0117je \u2013 gerokai daugiau nei 34 2022 metais.<\/p>\n<p>Atostog\u0173 kurortai Arcachon ir L\u00e8ge-Cap-Ferret \u0161i\u0105 vasar\u0105 u\u017edraud\u0117 priva\u010dias vandens motociklus, nes nerimauja d\u0117l triuk\u0161mo ir tar\u0161os.<\/p>\n<p>Tik patvirtintos nuomos \u012fmon\u0117s gali eksploatuoti transporto priemones.<\/p>\n<p>Maysonnave, vandens motocikl\u0173 asociacijos \u201eArguin Jet\u201c vadovas, sak\u0117, kad draudimas yra \u201ediskriminacinis\u201c.<\/p>\n<p>Jis prid\u016br\u0117: \u201eKartais \u012fvyksta nelaiming\u0173 atsitikim\u0173, kaip ir automobiliuose, bet ar tai yra prie\u017eastis vandens motociklus u\u017edrausti? Nemanau.<\/p>\n<p>\u201eI\u0161 m\u016bs\u0173 atimama laisv\u0117, bet tai dar nesibaig\u0117. Imsim\u0117s teisini\u0173 veiksm\u0173 prie\u0161 tai\u201c.<\/p>\n<\/div>\n<p><br \/>\n<br \/><a href=\"https:\/\/www.thesun.co.uk\/news\/29730921\/france-jet-ski-accident-mum-twin-daughters-killed\/\">Source link <\/a><\/p>\n","protected":false},"excerpt":{"rendered":"<p>MAMA \u017euvo po to, kai vandens motocikl\u0105, kuriuo ji va\u017eiavo, partrenk\u0117 viena, kuri\u0105 vairavo jos 16-met\u0117 dvyni\u0173 dukra. 47 met\u0173 vyras mir\u0117 nuo galvos traum\u0173 po siaubingos avarijos Pranc\u016bzijoje sekmadien\u012f. 2 Dviej\u0173 vaik\u0173 mama \u017euvo per siaubo vandens motociklo avarij\u0105 (failo vaizdas)Kreditas: Getty 2 Papl\u016bdimys Arcachon \u012flankoje, kur \u0161eima plaukiojo vandens motociklaisKreditas: Getty Ji buvo [&hellip;]<\/p>\n","protected":false},"author":1,"featured_media":189,"comment_status":"open","ping_status":"open","sticky":false,"template":"","format":"standard","meta":{"om_disable_all_campaigns":false,"_monsterinsights_skip_tracking":false,"_monsterinsights_sitenote_active":false,"_monsterinsights_sitenote_note":"","_monsterinsights_sitenote_category":0,"footnotes":""},"categories":[4],"tags":[],"class_list":["post-188","post","type-post","status-publish","format-standard","has-post-thumbnail","hentry","category-pasaulio-naujienos"],"aioseo_notices":[],"_links":{"self":[{"href":"https:\/\/sekmesreceptas.lt\/index.php\/wp-json\/wp\/v2\/posts\/188","targetHints":{"allow":["GET"]}}],"collection":[{"href":"https:\/\/sekmesreceptas.lt\/index.php\/wp-json\/wp\/v2\/posts"}],"about":[{"href":"https:\/\/sekmesreceptas.lt\/index.php\/wp-json\/wp\/v2\/types\/post"}],"author":[{"embeddable":true,"href":"https:\/\/sekmesreceptas.lt\/index.php\/wp-json\/wp\/v2\/users\/1"}],"replies":[{"embeddable":true,"href":"https:\/\/sekmesreceptas.lt\/index.php\/wp-json\/wp\/v2\/comments?post=188"}],"version-history":[{"count":0,"href":"https:\/\/sekmesreceptas.lt\/index.php\/wp-json\/wp\/v2\/posts\/188\/revisions"}],"wp:featuredmedia":[{"embeddable":true,"href":"https:\/\/sekmesreceptas.lt\/index.php\/wp-json\/wp\/v2\/media\/189"}],"wp:attachment":[{"href":"https:\/\/sekmesreceptas.lt\/index.php\/wp-json\/wp\/v2\/media?parent=188"}],"wp:term":[{"taxonomy":"category","embeddable":true,"href":"https:\/\/sekmesreceptas.lt\/index.php\/wp-json\/wp\/v2\/categories?post=188"},{"taxonomy":"post_tag","embeddable":true,"href":"https:\/\/sekmesreceptas.lt\/index.php\/wp-json\/wp\/v2\/tags?post=188"}],"curies":[{"name":"wp","href":"https:\/\/api.w.org\/{rel}","templated":true}]}}