{"id":1958,"date":"2025-02-08T12:53:42","date_gmt":"2025-02-08T12:53:42","guid":{"rendered":"https:\/\/sekmesreceptas.lt\/index.php\/2025\/02\/08\/venesuelos-ziauriuose-kalejimuose-kuriuose-kaliniai-nesiojasi-kulkosvaidzius-ir-kalinius-daugeli-metu-yra-narve-esanciose-mazose-kamerose\/"},"modified":"2025-02-08T12:53:42","modified_gmt":"2025-02-08T12:53:42","slug":"venesuelos-ziauriuose-kalejimuose-kuriuose-kaliniai-nesiojasi-kulkosvaidzius-ir-kalinius-daugeli-metu-yra-narve-esanciose-mazose-kamerose","status":"publish","type":"post","link":"https:\/\/sekmesreceptas.lt\/index.php\/2025\/02\/08\/venesuelos-ziauriuose-kalejimuose-kuriuose-kaliniai-nesiojasi-kulkosvaidzius-ir-kalinius-daugeli-metu-yra-narve-esanciose-mazose-kamerose\/","title":{"rendered":"Venesuelos \u017eiauriuose kal\u0117jimuose, kuriuose kaliniai ne\u0161iojasi kulkosvaid\u017eius ir kalinius, daugel\u012f met\u0173 yra narve esan\u010diose ma\u017eose kamerose"},"content":{"rendered":"<p> <br \/>\n<\/p>\n<div>\n<p><strong>Venesuelos kal\u0117jimus kankina gaujos, kurios koridoriai, ginkluotus kulkosvaid\u017eiais, granatomis ir peiliais &#8211; terorizuodami kalinius ir sargybinius.<\/strong><\/p>\n<p>Nepaisant prezidento Nicolas Maduro, vykdydamas susidorojim\u0105 po jo gin\u010dijamo perrinkimo pra\u0117jusiais metais, banditai vis dar veikia ratus aplink sargybinius.<\/p>\n<figure class=\"article__media\">\n<div class=\"article__media-img-container open-gallery\" data-index=\"1\"><\/p>\n<p><span class=\"article__gallery-count-value\">15<\/span><\/p>\n<\/div><figcaption class=\"article__media-caption\"><span class=\"article__media-span\">Anks\u010diau g\u0117j\u0173 kaliniai buvo priversti gyventi ant l\u0105steli\u0173 blok\u0173 stog\u0173, laikom\u0173 \u201eRenegades\u201c<\/span><\/figcaption><\/figure>\n<figure class=\"article__media\">\n<div class=\"article__media-img-container open-gallery\" data-index=\"2\"><img decoding=\"async\" alt=\"Kaliniai, laikydami peilius prie kal\u0117jimo lango per riau\u0161es.\" height=\"728\" width=\"960\" data-credit=\"AP\" data-img=\"https:\/\/www.thesun.co.uk\/wp-content\/uploads\/2025\/02\/1996-riot-fire-erupted-prison-626189929.jpg?strip=all&amp;w=960\" data-caption=\"Inmates at La Planta jail in Caracas, Venezuela, wave knives out of a prison window\" sizes=\"auto, (max-width: 375px) 335px, (max-width: 520px) 480px, 620px\" srcset=\"https:\/\/www.thesun.co.uk\/wp-content\/uploads\/2025\/02\/1996-riot-fire-erupted-prison-626189929.jpg?w=335 335w, https:\/\/www.thesun.co.uk\/wp-content\/uploads\/2025\/02\/1996-riot-fire-erupted-prison-626189929.jpg?w=480 480w, https:\/\/www.thesun.co.uk\/wp-content\/uploads\/2025\/02\/1996-riot-fire-erupted-prison-626189929.jpg?w=620 620w, https:\/\/www.thesun.co.uk\/wp-content\/uploads\/2025\/02\/1996-riot-fire-erupted-prison-626189929.jpg?w=670 670w, https:\/\/www.thesun.co.uk\/wp-content\/uploads\/2025\/02\/1996-riot-fire-erupted-prison-626189929.jpg?w=960 960w, https:\/\/www.thesun.co.uk\/wp-content\/uploads\/2025\/02\/1996-riot-fire-erupted-prison-626189929.jpg?w=1240 1240w, https:\/\/www.thesun.co.uk\/wp-content\/uploads\/2025\/02\/1996-riot-fire-erupted-prison-626189929.jpg?w=1005 1005w, https:\/\/www.thesun.co.uk\/wp-content\/uploads\/2025\/02\/1996-riot-fire-erupted-prison-626189929.jpg?w=1440 1440w, https:\/\/www.thesun.co.uk\/wp-content\/uploads\/2025\/02\/1996-riot-fire-erupted-prison-626189929.jpg?w=1860 1860w, https:\/\/www.thesun.co.uk\/wp-content\/uploads\/2025\/02\/1996-riot-fire-erupted-prison-626189929.jpg?w=1340 1340w, https:\/\/www.thesun.co.uk\/wp-content\/uploads\/2025\/02\/1996-riot-fire-erupted-prison-626189929.jpg?w=1920 1920w, https:\/\/www.thesun.co.uk\/wp-content\/uploads\/2025\/02\/1996-riot-fire-erupted-prison-626189929.jpg?w=2480 2480w\" loading=\"lazy\" src=\"https:\/\/www.thesun.co.uk\/wp-content\/uploads\/2025\/02\/1996-riot-fire-erupted-prison-626189929.jpg?strip=all&amp;w=960\" role=\"img\"\/><\/p>\n<p><span class=\"article__gallery-count-value\">15<\/span><\/p>\n<\/div><figcaption class=\"article__media-caption\"><span class=\"article__media-span\">Kaliniai \u201eLa Planta\u201c kal\u0117jime Karakase, Venesueloje, bang\u0173 peiliai i\u0161 kal\u0117jimo lango<\/span><span class=\"article__credit\">Kreditas: Ap<\/span><\/figcaption><\/figure>\n<figure class=\"article__media\">\n<div class=\"article__media-img-container open-gallery\" data-index=\"3\"><img decoding=\"async\" alt=\"Asmuo, laikantis \u0161autuv\u0105 minioje.\" height=\"673\" width=\"729\" data-credit=\"La Causa\" data-img=\"https:\/\/www.thesun.co.uk\/wp-content\/uploads\/2025\/02\/d5064339-8c6b-4c81-9780-cee696078c1c.jpg?strip=all&amp;w=729\" data-caption=\"Prison enforcers armed with machine guns rule Venezuelan jails\" sizes=\"auto, (max-width: 375px) 335px, (max-width: 520px) 480px, 620px\" srcset=\"https:\/\/www.thesun.co.uk\/wp-content\/uploads\/2025\/02\/d5064339-8c6b-4c81-9780-cee696078c1c.jpg?w=335 335w, https:\/\/www.thesun.co.uk\/wp-content\/uploads\/2025\/02\/d5064339-8c6b-4c81-9780-cee696078c1c.jpg?w=480 480w, https:\/\/www.thesun.co.uk\/wp-content\/uploads\/2025\/02\/d5064339-8c6b-4c81-9780-cee696078c1c.jpg?w=620 620w, https:\/\/www.thesun.co.uk\/wp-content\/uploads\/2025\/02\/d5064339-8c6b-4c81-9780-cee696078c1c.jpg?w=670 670w, https:\/\/www.thesun.co.uk\/wp-content\/uploads\/2025\/02\/d5064339-8c6b-4c81-9780-cee696078c1c.jpg?w=960 960w, https:\/\/www.thesun.co.uk\/wp-content\/uploads\/2025\/02\/d5064339-8c6b-4c81-9780-cee696078c1c.jpg?w=1240 1240w, https:\/\/www.thesun.co.uk\/wp-content\/uploads\/2025\/02\/d5064339-8c6b-4c81-9780-cee696078c1c.jpg?w=1005 1005w, https:\/\/www.thesun.co.uk\/wp-content\/uploads\/2025\/02\/d5064339-8c6b-4c81-9780-cee696078c1c.jpg?w=1440 1440w, https:\/\/www.thesun.co.uk\/wp-content\/uploads\/2025\/02\/d5064339-8c6b-4c81-9780-cee696078c1c.jpg?w=1860 1860w, https:\/\/www.thesun.co.uk\/wp-content\/uploads\/2025\/02\/d5064339-8c6b-4c81-9780-cee696078c1c.jpg?w=1340 1340w, https:\/\/www.thesun.co.uk\/wp-content\/uploads\/2025\/02\/d5064339-8c6b-4c81-9780-cee696078c1c.jpg?w=1920 1920w, https:\/\/www.thesun.co.uk\/wp-content\/uploads\/2025\/02\/d5064339-8c6b-4c81-9780-cee696078c1c.jpg?w=2480 2480w\" loading=\"lazy\" src=\"https:\/\/www.thesun.co.uk\/wp-content\/uploads\/2025\/02\/d5064339-8c6b-4c81-9780-cee696078c1c.jpg?strip=all&amp;w=729\" role=\"img\"\/><\/p>\n<p><span class=\"article__gallery-count-value\">15<\/span><\/p>\n<\/div><figcaption class=\"article__media-caption\"><span class=\"article__media-span\">Kal\u0117jim\u0173 vykdytojai, ginkluoti kulkosvaid\u017eiais, vald\u017eia Venesuelos kal\u0117jimus<\/span><span class=\"article__credit\">Kreditas: \u201eLa Causa\u201c<\/span><\/figcaption><\/figure>\n<figure class=\"article__media\">\n<div class=\"article__media-img-container open-gallery\" data-index=\"4\"><img decoding=\"async\" alt=\"Asmuo su granata liemene.\" height=\"500\" width=\"558\" data-credit=\"La Causa\" data-img=\"https:\/\/www.thesun.co.uk\/wp-content\/uploads\/2025\/02\/6f8d902f-b803-4c0b-ade7-1e85c0d20b57.jpg?strip=all&amp;w=558\" data-caption=\"One inmate is seen with a grenade dangling from his belt\" sizes=\"auto, (max-width: 375px) 335px, (max-width: 520px) 480px, 620px\" srcset=\"https:\/\/www.thesun.co.uk\/wp-content\/uploads\/2025\/02\/6f8d902f-b803-4c0b-ade7-1e85c0d20b57.jpg?w=335 335w, https:\/\/www.thesun.co.uk\/wp-content\/uploads\/2025\/02\/6f8d902f-b803-4c0b-ade7-1e85c0d20b57.jpg?w=480 480w, https:\/\/www.thesun.co.uk\/wp-content\/uploads\/2025\/02\/6f8d902f-b803-4c0b-ade7-1e85c0d20b57.jpg?w=620 620w, https:\/\/www.thesun.co.uk\/wp-content\/uploads\/2025\/02\/6f8d902f-b803-4c0b-ade7-1e85c0d20b57.jpg?w=670 670w, https:\/\/www.thesun.co.uk\/wp-content\/uploads\/2025\/02\/6f8d902f-b803-4c0b-ade7-1e85c0d20b57.jpg?w=960 960w, https:\/\/www.thesun.co.uk\/wp-content\/uploads\/2025\/02\/6f8d902f-b803-4c0b-ade7-1e85c0d20b57.jpg?w=1240 1240w, https:\/\/www.thesun.co.uk\/wp-content\/uploads\/2025\/02\/6f8d902f-b803-4c0b-ade7-1e85c0d20b57.jpg?w=1005 1005w, https:\/\/www.thesun.co.uk\/wp-content\/uploads\/2025\/02\/6f8d902f-b803-4c0b-ade7-1e85c0d20b57.jpg?w=1440 1440w, https:\/\/www.thesun.co.uk\/wp-content\/uploads\/2025\/02\/6f8d902f-b803-4c0b-ade7-1e85c0d20b57.jpg?w=1860 1860w, https:\/\/www.thesun.co.uk\/wp-content\/uploads\/2025\/02\/6f8d902f-b803-4c0b-ade7-1e85c0d20b57.jpg?w=1340 1340w, https:\/\/www.thesun.co.uk\/wp-content\/uploads\/2025\/02\/6f8d902f-b803-4c0b-ade7-1e85c0d20b57.jpg?w=1920 1920w, https:\/\/www.thesun.co.uk\/wp-content\/uploads\/2025\/02\/6f8d902f-b803-4c0b-ade7-1e85c0d20b57.jpg?w=2480 2480w\" loading=\"lazy\" src=\"https:\/\/www.thesun.co.uk\/wp-content\/uploads\/2025\/02\/6f8d902f-b803-4c0b-ade7-1e85c0d20b57.jpg?strip=all&amp;w=558\" role=\"img\"\/><\/p>\n<p><span class=\"article__gallery-count-value\">15<\/span><\/p>\n<\/div><figcaption class=\"article__media-caption\"><span class=\"article__media-span\">Vienas kalinys matomas su granata, kaban\u010diu nuo dir\u017eo<\/span><span class=\"article__credit\">Kreditas: \u201eLa Causa\u201c<\/span><\/figcaption><\/figure>\n<p>Li\u016bdniausia Venesuelos kal\u0117jimas Tocoronas kadaise padvigub\u0117jo kaip kraujo i\u0161tro\u0161kusios gaujos Tren de Aragua b\u016bstin\u0117.<\/p>\n<p>Kal\u0117jimui vadovavo nusikalstamos gaujos, kurioms vadovavo \u201ePran\u201c arba \u201eKingpin\u201c, kurie prakti\u0161kai vykd\u0117 diktat\u016br\u0105 teritorijoje ir kankino jos kalinius.<\/p>\n<p>Gaujos nariai gal\u0117jo laisvai klaid\u017eioti kal\u0117jimo viduje, kuriame buvo pana\u0161ios vie\u0161bu\u010dio patalpos kaip a <span id=\"94cb37ee-c456-46cb-9143-df2ece76191e\" class=\"suggested-link\">baseinas<\/span>naktinis klubas ir net zoologijos sodas.<\/p>\n<p>Jie sud\u0117jo granatas ir did\u017eiulius kulkosvaid\u017eius, kai jie vald\u0117 rinkos kioskus, prekiaujan\u010dius kreko kokainu.<\/p>\n<p>Ir \u017emonoms, merginoms ir vaikams taip pat buvo leista ateiti ir eiti prakti\u0161kai, nes jos d\u017eiaug\u0117si keistais \u201eDisney\u201c tematikos vakar\u0117liais, savaitgaliais vykstan\u010diais muzikos festivaliais ir roveriais.<\/p>\n<p>G\u0117j\u0173 kaliniai taip pat buvo i\u0161tremti gyventi ant stog\u0173.<\/p>\n<p>Tie, kurie sulau\u017e\u0117 \u201etaisykles\u201c, buvo su\u0161audyti negailesting\u0173 vykdytoj\u0173, vadinam\u0173 \u201c<span id=\"79ab2e6e-3db4-492c-aad6-2506a76f1c93\" class=\"suggested-link\">Sargybiniai<\/span>\u201eNaudodami pavogtus policininkus, pagamintus pagal u\u017esakym\u0105 specializuotuose\u201e Jailhouse \u201cdirbtuv\u0117se.<\/p>\n<p>Nepaisant prezidento Marudo, kuris 2023 m. Sureng\u0117 susidorojim\u0105 su Tocoronu, \u201eAmnesty International\u201c sak\u0117 \u201eThe Sun\u201c, kad kal\u0117jimas vis dar i\u0161lieka skaudioje b\u016bsenoje &#8211; su kuria j\u012f valdo likus \u201ene\u017einomi\u201c.<\/p>\n<p>\u201eAmnesty International\u201c Piet\u0173 Amerikos tyrim\u0173 direktor\u0117s pavaduotoja Valentina Ballesta teig\u0117, kad \u201eTocoron\u201c kaliniai gauna tik \u201edvi stiklines vandens per dien\u0105\u201c ir jiems \u201epasisek\u0117\u201c, jei jie gauna du patiekalus per dien\u0105, ta\u010diau jie yra \u201eda\u017enai supuv\u0119 ar blogi\u201c. .<\/p>\n<figure class=\"article__media\">\n<div class=\"article__media-img-container open-gallery\" data-index=\"5\"><img decoding=\"async\" alt=\"Asmuo, s\u0117dintis prie stalo su \u012fvairiais ma\u017eais daiktais ir vandens buteliu.\" height=\"470\" width=\"740\" data-credit=\"La Causa\" data-img=\"https:\/\/www.thesun.co.uk\/wp-content\/uploads\/2025\/02\/image_9bbec2.webp?strip=all&amp;w=740\" data-caption=\"Crack cocaine being sold for around \u00a33 a rock at this open air 'shop' in 2020\" sizes=\"auto, (max-width: 375px) 335px, (max-width: 520px) 480px, 620px\" srcset=\"https:\/\/www.thesun.co.uk\/wp-content\/uploads\/2025\/02\/image_9bbec2.webp?w=335 335w, https:\/\/www.thesun.co.uk\/wp-content\/uploads\/2025\/02\/image_9bbec2.webp?w=480 480w, https:\/\/www.thesun.co.uk\/wp-content\/uploads\/2025\/02\/image_9bbec2.webp?w=620 620w, https:\/\/www.thesun.co.uk\/wp-content\/uploads\/2025\/02\/image_9bbec2.webp?w=670 670w, https:\/\/www.thesun.co.uk\/wp-content\/uploads\/2025\/02\/image_9bbec2.webp?w=960 960w, https:\/\/www.thesun.co.uk\/wp-content\/uploads\/2025\/02\/image_9bbec2.webp?w=1240 1240w, https:\/\/www.thesun.co.uk\/wp-content\/uploads\/2025\/02\/image_9bbec2.webp?w=1005 1005w, https:\/\/www.thesun.co.uk\/wp-content\/uploads\/2025\/02\/image_9bbec2.webp?w=1440 1440w, https:\/\/www.thesun.co.uk\/wp-content\/uploads\/2025\/02\/image_9bbec2.webp?w=1860 1860w, https:\/\/www.thesun.co.uk\/wp-content\/uploads\/2025\/02\/image_9bbec2.webp?w=1340 1340w, https:\/\/www.thesun.co.uk\/wp-content\/uploads\/2025\/02\/image_9bbec2.webp?w=1920 1920w, https:\/\/www.thesun.co.uk\/wp-content\/uploads\/2025\/02\/image_9bbec2.webp?w=2480 2480w\" loading=\"lazy\" src=\"https:\/\/www.thesun.co.uk\/wp-content\/uploads\/2025\/02\/image_9bbec2.webp?strip=all&amp;w=740\" role=\"img\"\/><\/p>\n<p><span class=\"article__gallery-count-value\">15<\/span><\/p>\n<\/div><figcaption class=\"article__media-caption\"><span class=\"article__media-span\">Kreko kokainas, parduodamas u\u017e ma\u017edaug 3 svar\u0173 sterling\u0173 u\u017e uol\u0105 \u0161ioje po atviru dangaus parduotuv\u0117je, 2020 m.<\/span><span class=\"article__credit\">Kreditas: \u201eLa Causa\u201c<\/span><\/figcaption><\/figure>\n<figure class=\"article__media\">\n<div class=\"article__media-img-container open-gallery\" data-index=\"6\"><img decoding=\"async\" alt=\"Tamsi minios nuotrauka su silpnai ap\u0161viestu renginyje su lazerio \u0161viesos projekcija ant lub\u0173.\" height=\"480\" width=\"757\" data-credit=\"La Causa\" data-img=\"https:\/\/www.thesun.co.uk\/wp-content\/uploads\/2025\/02\/image_161f2d.png?strip=all&amp;w=757\" data-caption=\"Huge raves and music festivals are a common sight at weekends\" sizes=\"auto, (max-width: 375px) 335px, (max-width: 520px) 480px, 620px\" srcset=\"https:\/\/www.thesun.co.uk\/wp-content\/uploads\/2025\/02\/image_161f2d.png?w=335 335w, https:\/\/www.thesun.co.uk\/wp-content\/uploads\/2025\/02\/image_161f2d.png?w=480 480w, https:\/\/www.thesun.co.uk\/wp-content\/uploads\/2025\/02\/image_161f2d.png?w=620 620w, https:\/\/www.thesun.co.uk\/wp-content\/uploads\/2025\/02\/image_161f2d.png?w=670 670w, https:\/\/www.thesun.co.uk\/wp-content\/uploads\/2025\/02\/image_161f2d.png?w=960 960w, https:\/\/www.thesun.co.uk\/wp-content\/uploads\/2025\/02\/image_161f2d.png?w=1240 1240w, https:\/\/www.thesun.co.uk\/wp-content\/uploads\/2025\/02\/image_161f2d.png?w=1005 1005w, https:\/\/www.thesun.co.uk\/wp-content\/uploads\/2025\/02\/image_161f2d.png?w=1440 1440w, https:\/\/www.thesun.co.uk\/wp-content\/uploads\/2025\/02\/image_161f2d.png?w=1860 1860w, https:\/\/www.thesun.co.uk\/wp-content\/uploads\/2025\/02\/image_161f2d.png?w=1340 1340w, https:\/\/www.thesun.co.uk\/wp-content\/uploads\/2025\/02\/image_161f2d.png?w=1920 1920w, https:\/\/www.thesun.co.uk\/wp-content\/uploads\/2025\/02\/image_161f2d.png?w=2480 2480w\" loading=\"lazy\" src=\"https:\/\/www.thesun.co.uk\/wp-content\/uploads\/2025\/02\/image_161f2d.png?strip=all&amp;w=757\" role=\"img\"\/><\/p>\n<p><span class=\"article__gallery-count-value\">15<\/span><\/p>\n<\/div><figcaption class=\"article__media-caption\"><span class=\"article__media-span\">Did\u017eiuliai rovi\u0173 ir muzikos festivaliai yra da\u017enas vaizdas savaitgaliais<\/span><span class=\"article__credit\">Kreditas: \u201eLa Causa\u201c<\/span><\/figcaption><\/figure>\n<figure class=\"article__media\">\n<div class=\"article__media-img-container open-gallery\" data-index=\"7\"><img decoding=\"async\" alt=\"Keli rankiniai ginklai ir gr\u0105\u017etas ant medinio pavir\u0161iaus.\" height=\"488\" width=\"814\" data-credit=\"La Causa\" data-img=\"https:\/\/www.thesun.co.uk\/wp-content\/uploads\/2025\/02\/image_a6466d.png?strip=all&amp;w=814\" data-caption=\"Stolen police guns are tooled at special prison workshops\" sizes=\"auto, (max-width: 375px) 335px, (max-width: 520px) 480px, 620px\" srcset=\"https:\/\/www.thesun.co.uk\/wp-content\/uploads\/2025\/02\/image_a6466d.png?w=335 335w, https:\/\/www.thesun.co.uk\/wp-content\/uploads\/2025\/02\/image_a6466d.png?w=480 480w, https:\/\/www.thesun.co.uk\/wp-content\/uploads\/2025\/02\/image_a6466d.png?w=620 620w, https:\/\/www.thesun.co.uk\/wp-content\/uploads\/2025\/02\/image_a6466d.png?w=670 670w, https:\/\/www.thesun.co.uk\/wp-content\/uploads\/2025\/02\/image_a6466d.png?w=960 960w, https:\/\/www.thesun.co.uk\/wp-content\/uploads\/2025\/02\/image_a6466d.png?w=1240 1240w, https:\/\/www.thesun.co.uk\/wp-content\/uploads\/2025\/02\/image_a6466d.png?w=1005 1005w, https:\/\/www.thesun.co.uk\/wp-content\/uploads\/2025\/02\/image_a6466d.png?w=1440 1440w, https:\/\/www.thesun.co.uk\/wp-content\/uploads\/2025\/02\/image_a6466d.png?w=1860 1860w, https:\/\/www.thesun.co.uk\/wp-content\/uploads\/2025\/02\/image_a6466d.png?w=1340 1340w, https:\/\/www.thesun.co.uk\/wp-content\/uploads\/2025\/02\/image_a6466d.png?w=1920 1920w, https:\/\/www.thesun.co.uk\/wp-content\/uploads\/2025\/02\/image_a6466d.png?w=2480 2480w\" loading=\"lazy\" src=\"https:\/\/www.thesun.co.uk\/wp-content\/uploads\/2025\/02\/image_a6466d.png?strip=all&amp;w=814\" role=\"img\"\/><\/p>\n<p><span class=\"article__gallery-count-value\">15<\/span><\/p>\n<\/div><figcaption class=\"article__media-caption\"><span class=\"article__media-span\">Pavogti policijos ginklai yra pritaikyti specialiuose kal\u0117jimo dirbtuv\u0117se<\/span><span class=\"article__credit\">Kreditas: \u201eLa Causa\u201c<\/span><\/figcaption><\/figure>\n<figure class=\"article__media\">\n<div class=\"article__media-img-container open-gallery\" data-index=\"8\"><img decoding=\"async\" alt=\"Venesuelos nacionalin\u0117s gvardijos nariai u\u017e kal\u0117jimo.\" height=\"640\" width=\"960\" data-credit=\"AFP\" data-img=\"https:\/\/www.thesun.co.uk\/wp-content\/uploads\/2025\/02\/2023-venezuela-said-wednesday-seized-969369994.jpg?strip=all&amp;w=960\" data-caption=\"Members of the Bolivarian National Guard (GNB) stand guard outside the Tocoron prison in Tocoron, Aragua State, Venezuela, in 2023\" sizes=\"auto, (max-width: 375px) 335px, (max-width: 520px) 480px, 620px\" srcset=\"https:\/\/www.thesun.co.uk\/wp-content\/uploads\/2025\/02\/2023-venezuela-said-wednesday-seized-969369994.jpg?w=335 335w, https:\/\/www.thesun.co.uk\/wp-content\/uploads\/2025\/02\/2023-venezuela-said-wednesday-seized-969369994.jpg?w=480 480w, https:\/\/www.thesun.co.uk\/wp-content\/uploads\/2025\/02\/2023-venezuela-said-wednesday-seized-969369994.jpg?w=620 620w, https:\/\/www.thesun.co.uk\/wp-content\/uploads\/2025\/02\/2023-venezuela-said-wednesday-seized-969369994.jpg?w=670 670w, https:\/\/www.thesun.co.uk\/wp-content\/uploads\/2025\/02\/2023-venezuela-said-wednesday-seized-969369994.jpg?w=960 960w, https:\/\/www.thesun.co.uk\/wp-content\/uploads\/2025\/02\/2023-venezuela-said-wednesday-seized-969369994.jpg?w=1240 1240w, https:\/\/www.thesun.co.uk\/wp-content\/uploads\/2025\/02\/2023-venezuela-said-wednesday-seized-969369994.jpg?w=1005 1005w, https:\/\/www.thesun.co.uk\/wp-content\/uploads\/2025\/02\/2023-venezuela-said-wednesday-seized-969369994.jpg?w=1440 1440w, https:\/\/www.thesun.co.uk\/wp-content\/uploads\/2025\/02\/2023-venezuela-said-wednesday-seized-969369994.jpg?w=1860 1860w, https:\/\/www.thesun.co.uk\/wp-content\/uploads\/2025\/02\/2023-venezuela-said-wednesday-seized-969369994.jpg?w=1340 1340w, https:\/\/www.thesun.co.uk\/wp-content\/uploads\/2025\/02\/2023-venezuela-said-wednesday-seized-969369994.jpg?w=1920 1920w, https:\/\/www.thesun.co.uk\/wp-content\/uploads\/2025\/02\/2023-venezuela-said-wednesday-seized-969369994.jpg?w=2480 2480w\" loading=\"lazy\" src=\"https:\/\/www.thesun.co.uk\/wp-content\/uploads\/2025\/02\/2023-venezuela-said-wednesday-seized-969369994.jpg?strip=all&amp;w=960\" role=\"img\"\/><\/p>\n<p><span class=\"article__gallery-count-value\">15<\/span><\/p>\n<\/div><figcaption class=\"article__media-caption\"><span class=\"article__media-span\">Bolivaro nacionalin\u0117s gvardijos (GNB) sargybos nariai 2023 m. ToCorono kal\u0117jime Tocorono mieste, Aragua valstijoje, Venesuela<\/span><span class=\"article__credit\">Kreditas: AFP<\/span><\/figcaption><\/figure>\n<figure class=\"article__media\">\n<div class=\"article__media-img-container open-gallery\" data-index=\"9\"><img decoding=\"async\" alt=\"Venesuelos prezidentas Nicol\u00e1s Maduro ir vidaus reikal\u0173 ministras Diosdado Cabello renginyje.\" height=\"717\" width=\"960\" data-credit=\"AP\" data-img=\"https:\/\/www.thesun.co.uk\/wp-content\/uploads\/2025\/02\/8b762307-379b-4d76-b942-74746104d97b.jpg?strip=all&amp;w=960\" data-caption=\"Venezuela\u2019s President Nicolas Maduro at an event marking the anniversary of the 1992 failed coup\" sizes=\"auto, (max-width: 375px) 335px, (max-width: 520px) 480px, 620px\" srcset=\"https:\/\/www.thesun.co.uk\/wp-content\/uploads\/2025\/02\/8b762307-379b-4d76-b942-74746104d97b.jpg?w=335 335w, https:\/\/www.thesun.co.uk\/wp-content\/uploads\/2025\/02\/8b762307-379b-4d76-b942-74746104d97b.jpg?w=480 480w, https:\/\/www.thesun.co.uk\/wp-content\/uploads\/2025\/02\/8b762307-379b-4d76-b942-74746104d97b.jpg?w=620 620w, https:\/\/www.thesun.co.uk\/wp-content\/uploads\/2025\/02\/8b762307-379b-4d76-b942-74746104d97b.jpg?w=670 670w, https:\/\/www.thesun.co.uk\/wp-content\/uploads\/2025\/02\/8b762307-379b-4d76-b942-74746104d97b.jpg?w=960 960w, https:\/\/www.thesun.co.uk\/wp-content\/uploads\/2025\/02\/8b762307-379b-4d76-b942-74746104d97b.jpg?w=1240 1240w, https:\/\/www.thesun.co.uk\/wp-content\/uploads\/2025\/02\/8b762307-379b-4d76-b942-74746104d97b.jpg?w=1005 1005w, https:\/\/www.thesun.co.uk\/wp-content\/uploads\/2025\/02\/8b762307-379b-4d76-b942-74746104d97b.jpg?w=1440 1440w, https:\/\/www.thesun.co.uk\/wp-content\/uploads\/2025\/02\/8b762307-379b-4d76-b942-74746104d97b.jpg?w=1860 1860w, https:\/\/www.thesun.co.uk\/wp-content\/uploads\/2025\/02\/8b762307-379b-4d76-b942-74746104d97b.jpg?w=1340 1340w, https:\/\/www.thesun.co.uk\/wp-content\/uploads\/2025\/02\/8b762307-379b-4d76-b942-74746104d97b.jpg?w=1920 1920w, https:\/\/www.thesun.co.uk\/wp-content\/uploads\/2025\/02\/8b762307-379b-4d76-b942-74746104d97b.jpg?w=2480 2480w\" loading=\"lazy\" src=\"https:\/\/www.thesun.co.uk\/wp-content\/uploads\/2025\/02\/8b762307-379b-4d76-b942-74746104d97b.jpg?strip=all&amp;w=960\" role=\"img\"\/><\/p>\n<p><span class=\"article__gallery-count-value\">15<\/span><\/p>\n<\/div><figcaption class=\"article__media-caption\"><span class=\"article__media-span\">Venesuelos prezidentas Nicolas Maduro renginyje, kuriame minima 1992 m. Nepavykusio perversmo metin\u0117mis<\/span><span class=\"article__credit\">Kreditas: Ap<\/span><\/figcaption><\/figure>\n<p>Ji prid\u016br\u0117, kad vyriausybin\u0117 intervencija \u201ebaig\u0117si labai sud\u0117tinga smurto situacija ir susir\u016bpinimas d\u0117l \u017emogaus teisi\u0173 pa\u017eeidim\u0173\u201c.<\/p>\n<p>Kiti prane\u0161imai patvirtina teigin\u012f, kad Maduro, baig\u0119s \u201ePranato\u201c kal\u0117jim\u0173 er\u0105, daugiausia Tocoro, yra nepagr\u012fstas.<\/p>\n<p>Remiantis prane\u0161imais, per\u0117mimo metu buvo sulaikyti labai ma\u017eai, o tik sulaikytos varpos ministerijos pareig\u016bnai buvo sulaikyti.<\/p>\n<p>Tuo tarpu \u201eTren de Aragua\u201c pagrindinio lyderio Hectoro Rusthenfordo Guerrero Floreso, kitaip \u017einomo kaip Nino Guerrero, kuris buvo laikomas Tocorone, vieta, liko ne\u017einoma.<\/p>\n<p>Remiantis \u0161altiniais, kurie kalb\u0117jo apie \u201eInsight Crime\u201c, blogas gangsteris netgi der\u0117josi d\u0117l pab\u0117gimo su vyriausyb\u0117s dienomis prie\u0161 kal\u0117jimo reid\u0105.<\/p>\n<p>Valentina taip pat paai\u0161kino, kaip laikomos d\u0117l sunki\u0173 s\u0105lyg\u0173 \u012fkalint\u0173 vyr\u0173, moter\u0173 ir vaik\u0173, j\u0173 \u0161eimos turi pasitraukti, kad \u012fsitikint\u0173, jog jie yra gyvi. <\/p>\n<p>Valentina sak\u0117 \u201eThe Sun\u201c: \u201eIki pra\u0117jusi\u0173 met\u0173 rugs\u0117jo mes kalbame apie 184 procentus (kal\u0117jim\u0173), vir\u0161ijan\u010di\u0173 paj\u0117gum\u0105.<\/p>\n<p>\u201eValstyb\u0117 nepatenkina ir nepatenkina savo pagrindini\u0173 poreiki\u0173.<\/p>\n<p>\u201eA\u0161 kalbu apie maist\u0105, vanden\u012f ir vaistus ir net kaip jums reikalingas pagrindines prekes, pavyzd\u017eiui, lov\u0105 ar drabu\u017eius. <\/p>\n<p>\u201eTai yra bendra praktika &#8211; kai asmuo \u012fkalinamas, tada i\u0161 esm\u0117s taip pat raginamos patenkinti j\u0173 \u0161eimos poreikius.<\/p>\n<p>&#8222;Jie turi eiti, pavyzd\u017eiui, beveik kiekvien\u0105 dien\u0105, kad atne\u0161t\u0173 jiems maisto ar apr\u016bpint\u0173 vanden\u012f ir kiek savavali\u0161kumo, apie tai, kaip tai atsitiko ir kaip sistema veikia, yra visi\u0161kai \u017eala \u017emogaus teis\u0117ms.&#8221;<\/p>\n<figure class=\"article__media\">\n<div class=\"article__media-img-container open-gallery\" data-index=\"10\"><img decoding=\"async\" alt=\"Tren del Llano gaujos nariai, pozuojantys su \u0161aunamaisiais ginklais.\" height=\"960\" width=\"780\" data-credit=\"X\" data-img=\"https:\/\/www.thesun.co.uk\/wp-content\/uploads\/2025\/02\/tren-del-llano-gangs-969367771.jpg?strip=all&amp;w=780\" data-caption=\"Tren del Llano gang members\" sizes=\"auto, (max-width: 375px) 335px, (max-width: 520px) 480px, 620px\" srcset=\"https:\/\/www.thesun.co.uk\/wp-content\/uploads\/2025\/02\/tren-del-llano-gangs-969367771.jpg?w=335 335w, https:\/\/www.thesun.co.uk\/wp-content\/uploads\/2025\/02\/tren-del-llano-gangs-969367771.jpg?w=480 480w, https:\/\/www.thesun.co.uk\/wp-content\/uploads\/2025\/02\/tren-del-llano-gangs-969367771.jpg?w=620 620w, https:\/\/www.thesun.co.uk\/wp-content\/uploads\/2025\/02\/tren-del-llano-gangs-969367771.jpg?w=670 670w, https:\/\/www.thesun.co.uk\/wp-content\/uploads\/2025\/02\/tren-del-llano-gangs-969367771.jpg?w=960 960w, https:\/\/www.thesun.co.uk\/wp-content\/uploads\/2025\/02\/tren-del-llano-gangs-969367771.jpg?w=1240 1240w, https:\/\/www.thesun.co.uk\/wp-content\/uploads\/2025\/02\/tren-del-llano-gangs-969367771.jpg?w=1005 1005w, https:\/\/www.thesun.co.uk\/wp-content\/uploads\/2025\/02\/tren-del-llano-gangs-969367771.jpg?w=1440 1440w, https:\/\/www.thesun.co.uk\/wp-content\/uploads\/2025\/02\/tren-del-llano-gangs-969367771.jpg?w=1860 1860w, https:\/\/www.thesun.co.uk\/wp-content\/uploads\/2025\/02\/tren-del-llano-gangs-969367771.jpg?w=1340 1340w, https:\/\/www.thesun.co.uk\/wp-content\/uploads\/2025\/02\/tren-del-llano-gangs-969367771.jpg?w=1920 1920w, https:\/\/www.thesun.co.uk\/wp-content\/uploads\/2025\/02\/tren-del-llano-gangs-969367771.jpg?w=2480 2480w\" loading=\"lazy\" src=\"https:\/\/www.thesun.co.uk\/wp-content\/uploads\/2025\/02\/tren-del-llano-gangs-969367771.jpg?strip=all&amp;w=780\" role=\"img\"\/><\/p>\n<p><span class=\"article__gallery-count-value\">15<\/span><\/p>\n<\/div><figcaption class=\"article__media-caption\"><span class=\"article__media-span\">Tren del Llano gaujos nariai<\/span><span class=\"article__credit\">Kreditas: x<\/span><\/figcaption><\/figure>\n<figure class=\"article__media\">\n<div class=\"article__media-img-container open-gallery\" data-index=\"11\"><img decoding=\"async\" alt=\"Tren del Llano gaujos nariai su ginklu.\" height=\"235\" width=\"333\" data-credit=\"X\" data-img=\"https:\/\/www.thesun.co.uk\/wp-content\/uploads\/2025\/02\/tren-del-llano-gangs-969367770.jpg?strip=all&amp;w=333\" data-caption=\"Tren del Llano member holding a gun\" sizes=\"auto, (max-width: 375px) 335px, (max-width: 520px) 480px, 620px\" srcset=\"https:\/\/www.thesun.co.uk\/wp-content\/uploads\/2025\/02\/tren-del-llano-gangs-969367770.jpg?w=335 335w, https:\/\/www.thesun.co.uk\/wp-content\/uploads\/2025\/02\/tren-del-llano-gangs-969367770.jpg?w=480 480w, https:\/\/www.thesun.co.uk\/wp-content\/uploads\/2025\/02\/tren-del-llano-gangs-969367770.jpg?w=620 620w, https:\/\/www.thesun.co.uk\/wp-content\/uploads\/2025\/02\/tren-del-llano-gangs-969367770.jpg?w=670 670w, https:\/\/www.thesun.co.uk\/wp-content\/uploads\/2025\/02\/tren-del-llano-gangs-969367770.jpg?w=960 960w, https:\/\/www.thesun.co.uk\/wp-content\/uploads\/2025\/02\/tren-del-llano-gangs-969367770.jpg?w=1240 1240w, https:\/\/www.thesun.co.uk\/wp-content\/uploads\/2025\/02\/tren-del-llano-gangs-969367770.jpg?w=1005 1005w, https:\/\/www.thesun.co.uk\/wp-content\/uploads\/2025\/02\/tren-del-llano-gangs-969367770.jpg?w=1440 1440w, https:\/\/www.thesun.co.uk\/wp-content\/uploads\/2025\/02\/tren-del-llano-gangs-969367770.jpg?w=1860 1860w, https:\/\/www.thesun.co.uk\/wp-content\/uploads\/2025\/02\/tren-del-llano-gangs-969367770.jpg?w=1340 1340w, https:\/\/www.thesun.co.uk\/wp-content\/uploads\/2025\/02\/tren-del-llano-gangs-969367770.jpg?w=1920 1920w, https:\/\/www.thesun.co.uk\/wp-content\/uploads\/2025\/02\/tren-del-llano-gangs-969367770.jpg?w=2480 2480w\" loading=\"lazy\" src=\"https:\/\/www.thesun.co.uk\/wp-content\/uploads\/2025\/02\/tren-del-llano-gangs-969367770.jpg?strip=all&amp;w=333\" role=\"img\"\/><\/p>\n<p><span class=\"article__gallery-count-value\">15<\/span><\/p>\n<\/div><figcaption class=\"article__media-caption\"><span class=\"article__media-span\">Tren del Llano narys, laikantis ginkl\u0105<\/span><span class=\"article__credit\">Kreditas: x<\/span><\/figcaption><\/figure>\n<figure class=\"article__media\">\n<div class=\"article__media-img-container open-gallery\" data-index=\"12\"><img decoding=\"async\" alt=\"Grup\u0117 jaun\u0173 \u017emoni\u0173, pozuojan\u010di\u0173 nuotraukai.\" height=\"385\" width=\"616\" data-credit=\"Tiktok\" data-img=\"https:\/\/www.thesun.co.uk\/wp-content\/uploads\/2025\/02\/tren-de-aragua-gang-969368071.jpg?strip=all&amp;w=616\" data-caption=\"Tren de Aragua gangs dominated one of Venezuela's prisons\" sizes=\"auto, (max-width: 375px) 335px, (max-width: 520px) 480px, 620px\" srcset=\"https:\/\/www.thesun.co.uk\/wp-content\/uploads\/2025\/02\/tren-de-aragua-gang-969368071.jpg?w=335 335w, https:\/\/www.thesun.co.uk\/wp-content\/uploads\/2025\/02\/tren-de-aragua-gang-969368071.jpg?w=480 480w, https:\/\/www.thesun.co.uk\/wp-content\/uploads\/2025\/02\/tren-de-aragua-gang-969368071.jpg?w=620 620w, https:\/\/www.thesun.co.uk\/wp-content\/uploads\/2025\/02\/tren-de-aragua-gang-969368071.jpg?w=670 670w, https:\/\/www.thesun.co.uk\/wp-content\/uploads\/2025\/02\/tren-de-aragua-gang-969368071.jpg?w=960 960w, https:\/\/www.thesun.co.uk\/wp-content\/uploads\/2025\/02\/tren-de-aragua-gang-969368071.jpg?w=1240 1240w, https:\/\/www.thesun.co.uk\/wp-content\/uploads\/2025\/02\/tren-de-aragua-gang-969368071.jpg?w=1005 1005w, https:\/\/www.thesun.co.uk\/wp-content\/uploads\/2025\/02\/tren-de-aragua-gang-969368071.jpg?w=1440 1440w, https:\/\/www.thesun.co.uk\/wp-content\/uploads\/2025\/02\/tren-de-aragua-gang-969368071.jpg?w=1860 1860w, https:\/\/www.thesun.co.uk\/wp-content\/uploads\/2025\/02\/tren-de-aragua-gang-969368071.jpg?w=1340 1340w, https:\/\/www.thesun.co.uk\/wp-content\/uploads\/2025\/02\/tren-de-aragua-gang-969368071.jpg?w=1920 1920w, https:\/\/www.thesun.co.uk\/wp-content\/uploads\/2025\/02\/tren-de-aragua-gang-969368071.jpg?w=2480 2480w\" loading=\"lazy\" src=\"https:\/\/www.thesun.co.uk\/wp-content\/uploads\/2025\/02\/tren-de-aragua-gang-969368071.jpg?strip=all&amp;w=616\" role=\"img\"\/><\/p>\n<p><span class=\"article__gallery-count-value\">15<\/span><\/p>\n<\/div><figcaption class=\"article__media-caption\"><span class=\"article__media-span\">Tren de Aragua gaujos dominavo viename i\u0161 Venesuelos kal\u0117jim\u0173<\/span><span class=\"article__credit\">Kreditas: Tiktok<\/span><\/figcaption><\/figure>\n<figure class=\"article__media\">\n<div class=\"article__media-img-container open-gallery\" data-index=\"13\"><img decoding=\"async\" alt=\"Jaunas vyras, laikantis \u0161autuv\u0105 mi\u0161ke.\" height=\"300\" width=\"168\" data-credit=\"X\" data-img=\"https:\/\/www.thesun.co.uk\/wp-content\/uploads\/2025\/02\/tren-del-llano-gangs-969367768.jpg?strip=all&amp;w=168\" data-caption=\"Tren del Llano member holding a machine gun\" sizes=\"auto, (max-width: 375px) 335px, (max-width: 520px) 480px, 620px\" srcset=\"https:\/\/www.thesun.co.uk\/wp-content\/uploads\/2025\/02\/tren-del-llano-gangs-969367768.jpg?w=335 335w, https:\/\/www.thesun.co.uk\/wp-content\/uploads\/2025\/02\/tren-del-llano-gangs-969367768.jpg?w=480 480w, https:\/\/www.thesun.co.uk\/wp-content\/uploads\/2025\/02\/tren-del-llano-gangs-969367768.jpg?w=620 620w, https:\/\/www.thesun.co.uk\/wp-content\/uploads\/2025\/02\/tren-del-llano-gangs-969367768.jpg?w=670 670w, https:\/\/www.thesun.co.uk\/wp-content\/uploads\/2025\/02\/tren-del-llano-gangs-969367768.jpg?w=960 960w, https:\/\/www.thesun.co.uk\/wp-content\/uploads\/2025\/02\/tren-del-llano-gangs-969367768.jpg?w=1240 1240w, https:\/\/www.thesun.co.uk\/wp-content\/uploads\/2025\/02\/tren-del-llano-gangs-969367768.jpg?w=1005 1005w, https:\/\/www.thesun.co.uk\/wp-content\/uploads\/2025\/02\/tren-del-llano-gangs-969367768.jpg?w=1440 1440w, https:\/\/www.thesun.co.uk\/wp-content\/uploads\/2025\/02\/tren-del-llano-gangs-969367768.jpg?w=1860 1860w, https:\/\/www.thesun.co.uk\/wp-content\/uploads\/2025\/02\/tren-del-llano-gangs-969367768.jpg?w=1340 1340w, https:\/\/www.thesun.co.uk\/wp-content\/uploads\/2025\/02\/tren-del-llano-gangs-969367768.jpg?w=1920 1920w, https:\/\/www.thesun.co.uk\/wp-content\/uploads\/2025\/02\/tren-del-llano-gangs-969367768.jpg?w=2480 2480w\" loading=\"lazy\" src=\"https:\/\/www.thesun.co.uk\/wp-content\/uploads\/2025\/02\/tren-del-llano-gangs-969367768.jpg?strip=all&amp;w=168\" role=\"img\"\/><\/p>\n<p><span class=\"article__gallery-count-value\">15<\/span><\/p>\n<\/div><figcaption class=\"article__media-caption\"><span class=\"article__media-span\">Tren del Llano narys, turintis kulkosvaid\u012f<\/span><span class=\"article__credit\">Kreditas: x<\/span><\/figcaption><\/figure>\n<p>\u201eAmnesty International\u201c pateiktoje ataskaitoje nustatyta, kad buvo apie 129 vaikus sulaikymo s\u0105lygomis su suaugusiaisiais, kurie buvo kankinami.<\/p>\n<p>Valentina paai\u0161kino, kaip taip pat buvo \u012frodym\u0173, kad vaikai, turintys \u201emin\u010di\u0173 apie savi\u017eudyb\u0119\u201c d\u0117l to, kas jiems buvo padaryta su sulaikymo centruose, buvo \u201ekaip bausm\u0117s forma\u201c.<\/p>\n<p>Vaikai buvo sulaikyti u\u017e politinius protestus po pra\u0117jusi\u0173 met\u0173 gin\u010dijam\u0173 Maduro perrinkim\u0173.<\/p>\n<p>Kiti protestuotojai, kurie buvo sulaikyti po balsavimo suvyniojimo, netgi buvo \u012fmesti \u012f gaujos paleidim\u0105.<\/p>\n<p>Valentina sak\u0117: \u201eMes mat\u0117me per pastaruosius por\u0105 m\u0117nesi\u0173 vyriausyb\u0117 siun\u010dianti tuos, kuriems buvo sulaikyta po to, kai rinkimai buvo i\u0161si\u0173sti \u012f \u0161\u012f (Tocorono) kal\u0117jimo centr\u0105. <\/p>\n<p>&#8222;Taigi \u017emon\u0117ms, kurie, m\u016bs\u0173 manymu, yra savavali\u0161kai sulaikyti, rizikuojant ir grasinant tokiam smurto kiekiui.&#8221;<\/p>\n<p>Ji prid\u016br\u0117, kad \u201ekal\u0117jimo \u0161iais centruose gyvyb\u0117 ir vientisumas negarantuoja valstyb\u0117\u201c.<\/p>\n<p>Pra\u0117jusi\u0173 met\u0173 liepos 28 d <span id=\"28b4bbc4-634b-4970-b567-05fc1b7119d8\" class=\"suggested-link\">Kitas<\/span> Prezidentas &#8211; ta\u010diau netrukus po apklaus\u0173 u\u017edarymo Maduro laim\u0117toj\u0105 paskelb\u0117 rinkim\u0173 pareig\u016bnai.<\/p>\n<figure class=\"article__media\">\n<div class=\"article__media-img-container open-gallery\" data-index=\"14\"><img decoding=\"async\" alt=\"Asmuo virtuv\u0117je, laikantis ginkl\u0105.\" height=\"492\" width=\"686\" data-credit=\"LaCausa\/Capitolio\" data-img=\"https:\/\/www.thesun.co.uk\/wp-content\/uploads\/2025\/02\/image_882bdb.png?strip=all&amp;w=686\" data-caption=\"The prison is governed by criminal gangs led by a 'pran' (kingpin)\" sizes=\"auto, (max-width: 375px) 335px, (max-width: 520px) 480px, 620px\" srcset=\"https:\/\/www.thesun.co.uk\/wp-content\/uploads\/2025\/02\/image_882bdb.png?w=335 335w, https:\/\/www.thesun.co.uk\/wp-content\/uploads\/2025\/02\/image_882bdb.png?w=480 480w, https:\/\/www.thesun.co.uk\/wp-content\/uploads\/2025\/02\/image_882bdb.png?w=620 620w, https:\/\/www.thesun.co.uk\/wp-content\/uploads\/2025\/02\/image_882bdb.png?w=670 670w, https:\/\/www.thesun.co.uk\/wp-content\/uploads\/2025\/02\/image_882bdb.png?w=960 960w, https:\/\/www.thesun.co.uk\/wp-content\/uploads\/2025\/02\/image_882bdb.png?w=1240 1240w, https:\/\/www.thesun.co.uk\/wp-content\/uploads\/2025\/02\/image_882bdb.png?w=1005 1005w, https:\/\/www.thesun.co.uk\/wp-content\/uploads\/2025\/02\/image_882bdb.png?w=1440 1440w, https:\/\/www.thesun.co.uk\/wp-content\/uploads\/2025\/02\/image_882bdb.png?w=1860 1860w, https:\/\/www.thesun.co.uk\/wp-content\/uploads\/2025\/02\/image_882bdb.png?w=1340 1340w, https:\/\/www.thesun.co.uk\/wp-content\/uploads\/2025\/02\/image_882bdb.png?w=1920 1920w, https:\/\/www.thesun.co.uk\/wp-content\/uploads\/2025\/02\/image_882bdb.png?w=2480 2480w\" loading=\"lazy\" src=\"https:\/\/www.thesun.co.uk\/wp-content\/uploads\/2025\/02\/image_882bdb.png?strip=all&amp;w=686\" role=\"img\"\/><\/p>\n<p><span class=\"article__gallery-count-value\">15<\/span><\/p>\n<\/div><figcaption class=\"article__media-caption\"><span class=\"article__media-span\">Kal\u0117jim\u0105 reglamentuoja nusikalstamos gaujos, kurioms vadovauja \u201ePran\u201c (Kingpinas)<\/span><span class=\"article__credit\">Kreditas: \u201eLacausa\u201c\/\u201eCapitolio\u201c<\/span><\/figcaption><\/figure>\n<figure class=\"article__media\">\n<div class=\"article__media-img-container open-gallery\" data-index=\"15\"><img decoding=\"async\" alt=\"Kaliniai, pasiekiantys kal\u0117jimo kameros strypus.\" height=\"640\" width=\"960\" data-credit=\"LaCausa\/Capitolio\" data-img=\"https:\/\/www.thesun.co.uk\/wp-content\/uploads\/2025\/02\/image_754c0a.jpeg?strip=all&amp;w=960\" data-caption=\"The prison population in Venezuela has exploded in recent years\" sizes=\"auto, (max-width: 375px) 335px, (max-width: 520px) 480px, 620px\" srcset=\"https:\/\/www.thesun.co.uk\/wp-content\/uploads\/2025\/02\/image_754c0a.jpeg?w=335 335w, https:\/\/www.thesun.co.uk\/wp-content\/uploads\/2025\/02\/image_754c0a.jpeg?w=480 480w, https:\/\/www.thesun.co.uk\/wp-content\/uploads\/2025\/02\/image_754c0a.jpeg?w=620 620w, https:\/\/www.thesun.co.uk\/wp-content\/uploads\/2025\/02\/image_754c0a.jpeg?w=670 670w, https:\/\/www.thesun.co.uk\/wp-content\/uploads\/2025\/02\/image_754c0a.jpeg?w=960 960w, https:\/\/www.thesun.co.uk\/wp-content\/uploads\/2025\/02\/image_754c0a.jpeg?w=1240 1240w, https:\/\/www.thesun.co.uk\/wp-content\/uploads\/2025\/02\/image_754c0a.jpeg?w=1005 1005w, https:\/\/www.thesun.co.uk\/wp-content\/uploads\/2025\/02\/image_754c0a.jpeg?w=1440 1440w, https:\/\/www.thesun.co.uk\/wp-content\/uploads\/2025\/02\/image_754c0a.jpeg?w=1860 1860w, https:\/\/www.thesun.co.uk\/wp-content\/uploads\/2025\/02\/image_754c0a.jpeg?w=1340 1340w, https:\/\/www.thesun.co.uk\/wp-content\/uploads\/2025\/02\/image_754c0a.jpeg?w=1920 1920w, https:\/\/www.thesun.co.uk\/wp-content\/uploads\/2025\/02\/image_754c0a.jpeg?w=2480 2480w\" loading=\"lazy\" src=\"https:\/\/www.thesun.co.uk\/wp-content\/uploads\/2025\/02\/image_754c0a.jpeg?strip=all&amp;w=960\" role=\"img\"\/><\/p>\n<p><span class=\"article__gallery-count-value\">15<\/span><\/p>\n<\/div><figcaption class=\"article__media-caption\"><span class=\"article__media-span\">Pastaraisiais metais sprogo Venesuelos kal\u0117jim\u0173 gyventojai<\/span><span class=\"article__credit\">Kreditas: \u201eLacausa\u201c\/\u201eCapitolio\u201c<\/span><\/figcaption><\/figure>\n<p>Ta\u010diau rezultatas buvo paskelbtas nepa\u017eeid\u017eiant balsavimo statistikos, o opozicijos koalicija smog\u0117 Maduro ir apkaltino jo vyriausyb\u0119 d\u0117l pra\u017eangos.<\/p>\n<p>Tada ji i\u0161leido tai, kas, atrodo, buvo oficiali\u0173 balsavimo teritorij\u0173 kopijos, kurios parod\u0117, kad Maduro prarado pla\u010di\u0105 mar\u017e\u0105.<\/p>\n<p>T\u016bkstan\u010diai protestuotoj\u0173 buvo u\u017erakinti ir, kaip ir vaikai, buvo kankinami ir kiti politiniai kaliniai.<\/p>\n<p>Valentina sak\u0117: \u201eMes mat\u0117me, kad daugelis atvej\u0173, kai \u017emon\u0117s buvo paneigti d\u0117l vizit\u0173, arba jiems buvo paneigta j\u0173 vaistai ar netgi jie buvo paneigti <span id=\"50cb90f0-3fed-4ce6-aa88-7e1ef15e808a\" class=\"suggested-link\">sveikata<\/span> paslaugos.<\/p>\n<p>\u201eMes mat\u0117me, pavyzd\u017eiui, nuoseklius prane\u0161imus, kad sulaikymo centrai buvo u\u017edaryti ir jokie kaliniai nebuvo suteikiami vizit\u0173 ar jokios formos.<\/p>\n<p>\u201eKaip j\u0173 negal\u0117jo aplankyti \u0161eimos ar kaliniai. <\/p>\n<p>\u201eArba j\u0173 advokatai ir net jei j\u0173 \u0161eimos tiek\u0117 jiems maist\u0105, vaistus ar vanden\u012f, jie i\u0161laik\u0117 visas \u0161ias prekes ir veik\u0117 kaip kli\u016btis \u0161eimoms bandyti patekti \u012f savo artimuosius, kurie yra jaunesni sulaikymas \u201c.<\/p>\n<p>Vykdydama tre\u010di\u0105j\u0105 Maduro inauguracij\u0105 \u0161i\u0173 met\u0173 sausio 10 d., Vyriausyb\u0117 pasigirdo, kad ji i\u0161leido beveik 1 515 \u017emoni\u0173, u\u017efiksuot\u0173 po rinkim\u0173 smurto po rinkim\u0173.<\/p>\n<p>Nepaisant to, kad tai gerai <span id=\"6764ebd6-3de8-483c-ba0f-1656cc5cd37f\" class=\"suggested-link\">naujienos<\/span> I\u0161leista politini\u0173 kalini\u0173, kal\u0117jim\u0173 sistema Venesueloje i\u0161lieka skaud\u017eiai, prane\u0161a prane\u0161a, kad bevilti\u0161kai reikia reformos.<\/p>\n<div class=\"article-boxout\">\n<p><h3 class=\"article-boxout__headline t-s-border-color\">Salvadoro mego-kal\u0117jimas <\/h3>\n<\/p>\n<div class=\"article-boxout__content theme__background-color-rgba-20\">\n<div class=\"article-boxout__content-img\"><img decoding=\"async\" class=\"lazyload\" alt=\"\" src=\"https:\/\/www.thesun.co.uk\/wp-content\/uploads\/2025\/02\/5931a3e7-bfd2-4004-a36d-b2d65a96a605.webp?crop=2px%2C0px%2C617px%2C411px&amp;resize=620%2C413\"\/><\/div>\n<p class=\"article__content--intro\">Pateik\u0117 Annabel Bate, u\u017esienio naujien\u0173 reporteris<\/p>\n<div>\n<p><strong>Salvadore vienas telefono skambutis gali priversti jus u\u017erakinti ir supakuoti \u012f gele\u017eies baro kamer\u0105 su \u017eudiki\u0161kais gangsteriais.<\/strong><\/p>\n<p>\u0160alis istori\u0161kai buvo sugriauta ginkluoto smurto ir per pastaruosius dvejus metus prad\u0117jo agresyvi\u0105 politik\u0105, kad u\u017erakint\u0173 bet kokius \u012ftariamus gaujos narius vis\u0105 gyvenim\u0105.<\/p>\n<p>Ne\u012ftik\u0117tini vaizdai rodo t\u016bkstan\u010dius \u017eiauri\u0173 \u201eSkinhead\u201c gangsteri\u0173 i\u0161 pagrindini\u0173 \u0161alies gauj\u0173 \u201eMS-13\u201c ir \u201eBarrio 18\u201c, \u012ftraukti \u012f nei\u0161vengiam\u0105 megapris\u0105.<\/p>\n<p>Nuotraukose pavaizduotos kalini\u0173 eil\u0117s ir eil\u0117s, s\u0117din\u010dios rankomis u\u017e nusiskuto galvos auk\u0161t\u0173j\u0173 technologij\u0173 kal\u0117jime.<\/p>\n<p>Kiti vaizdai atskleid\u017eia, kad gaujos nariai buvo nusirengti iki pat balt\u0173 \u0161ort\u0173, einan\u010di\u0173 per \u012frengin\u012f.<\/p>\n<p>Tuo tarpu kaliniams saugo kal\u0117jimo pareig\u016bnai, ginkluoti u\u017epuolimo \u0161autuvais.<\/p>\n<p>\u201eAmnesty International\u201c \u201eIrene Cuellar\u201c kalb\u0117jo \u201eThe Sun\u201c apie Salvadoro ekstremali\u0105 situacij\u0105 ir masin\u012f \u012fkalinim\u0105.<\/p>\n<p>Ji sak\u0117: \u201e\u0160iuo metu mes turime auk\u0161\u010diausi\u0105 \u012fkalinimo lyg\u012f \u0161alyje &#8211; pasaulyje.<\/p>\n<p>&#8222;Salvadore beveik 2 procentai jo gyventoj\u0173 yra kal\u0117jime.&#8221;<\/p>\n<p>Ta\u010diau Irene paai\u0161kino, kaip nelaisv\u0117je yra tie, kurie susiduria su gyvenimu u\u017e grot\u0173 be joki\u0173 \u012frodym\u0173, kad jie buvo nusikaltimo dalis &#8211; d\u0117l anonimini\u0173 patarim\u0173.<\/p>\n<p>Ji t\u0119s\u0117: &#8222;Daugelis j\u0173 nebuvo pripa\u017einti kaltais. Jie vis dar turi \u0161\u012f teisin\u012f status\u0105, kuris yra ikiteisminis sulaikymas.&#8221;<\/p>\n<p>Salvadorie\u010diai gali bijoti bet koki\u0173 prie\u0161\u0173, kurie yra are\u0161tuoti ir mesti \u012f kal\u0117jim\u0105 per \u201ekriminalin\u0119 asociacij\u0105\u201c, tapo \u012fprasta praktika.<\/p>\n<\/div>\n<\/div>\n<\/div>\n<\/div>\n<p><br \/>\n<br \/><a href=\"https:\/\/www.thesun.co.uk\/news\/33202064\/inside-venezuelas-brutal-jails\/\">Source link <\/a><\/p>\n","protected":false},"excerpt":{"rendered":"<p>Venesuelos kal\u0117jimus kankina gaujos, kurios koridoriai, ginkluotus kulkosvaid\u017eiais, granatomis ir peiliais &#8211; terorizuodami kalinius ir sargybinius. Nepaisant prezidento Nicolas Maduro, vykdydamas susidorojim\u0105 po jo gin\u010dijamo perrinkimo pra\u0117jusiais metais, banditai vis dar veikia ratus aplink sargybinius. 15 Anks\u010diau g\u0117j\u0173 kaliniai buvo priversti gyventi ant l\u0105steli\u0173 blok\u0173 stog\u0173, laikom\u0173 \u201eRenegades\u201c 15 Kaliniai \u201eLa Planta\u201c kal\u0117jime Karakase, Venesueloje, [&hellip;]<\/p>\n","protected":false},"author":1,"featured_media":1959,"comment_status":"","ping_status":"","sticky":false,"template":"","format":"standard","meta":{"om_disable_all_campaigns":false,"_monsterinsights_skip_tracking":false,"_monsterinsights_sitenote_active":false,"_monsterinsights_sitenote_note":"","_monsterinsights_sitenote_category":0,"footnotes":""},"categories":[4],"tags":[3865,3867,3859,3861,3864,3869,3863,3860,3868,100,3866,3862,3857,56,3858],"class_list":["post-1958","post","type-post","status-publish","format-standard","has-post-thumbnail","hentry","category-pasaulio-naujienos","tag-daugeli","tag-esanciose","tag-kalejimuose","tag-kaliniai","tag-kalinius","tag-kamerose","tag-kulkosvaidzius","tag-kuriuose","tag-mazose","tag-metu","tag-narve","tag-nesiojasi","tag-venesuelos","tag-yra","tag-ziauriuose"],"aioseo_notices":[],"_links":{"self":[{"href":"https:\/\/sekmesreceptas.lt\/index.php\/wp-json\/wp\/v2\/posts\/1958","targetHints":{"allow":["GET"]}}],"collection":[{"href":"https:\/\/sekmesreceptas.lt\/index.php\/wp-json\/wp\/v2\/posts"}],"about":[{"href":"https:\/\/sekmesreceptas.lt\/index.php\/wp-json\/wp\/v2\/types\/post"}],"author":[{"embeddable":true,"href":"https:\/\/sekmesreceptas.lt\/index.php\/wp-json\/wp\/v2\/users\/1"}],"replies":[{"embeddable":true,"href":"https:\/\/sekmesreceptas.lt\/index.php\/wp-json\/wp\/v2\/comments?post=1958"}],"version-history":[{"count":0,"href":"https:\/\/sekmesreceptas.lt\/index.php\/wp-json\/wp\/v2\/posts\/1958\/revisions"}],"wp:featuredmedia":[{"embeddable":true,"href":"https:\/\/sekmesreceptas.lt\/index.php\/wp-json\/wp\/v2\/media\/1959"}],"wp:attachment":[{"href":"https:\/\/sekmesreceptas.lt\/index.php\/wp-json\/wp\/v2\/media?parent=1958"}],"wp:term":[{"taxonomy":"category","embeddable":true,"href":"https:\/\/sekmesreceptas.lt\/index.php\/wp-json\/wp\/v2\/categories?post=1958"},{"taxonomy":"post_tag","embeddable":true,"href":"https:\/\/sekmesreceptas.lt\/index.php\/wp-json\/wp\/v2\/tags?post=1958"}],"curies":[{"name":"wp","href":"https:\/\/api.w.org\/{rel}","templated":true}]}}