{"id":2058,"date":"2025-02-19T13:53:59","date_gmt":"2025-02-19T13:53:59","guid":{"rendered":"https:\/\/sekmesreceptas.lt\/index.php\/2025\/02\/19\/iranas-ruosiasi-ivykdyti-seniausia-kalini-rezimo-mirties-sarase-kaip-britu-pora-kalina-kalejime-del-netikru-snipu-kaltinimu-saule-saule\/"},"modified":"2025-02-19T13:53:59","modified_gmt":"2025-02-19T13:53:59","slug":"iranas-ruosiasi-ivykdyti-seniausia-kalini-rezimo-mirties-sarase-kaip-britu-pora-kalina-kalejime-del-netikru-snipu-kaltinimu-saule-saule","status":"publish","type":"post","link":"https:\/\/sekmesreceptas.lt\/index.php\/2025\/02\/19\/iranas-ruosiasi-ivykdyti-seniausia-kalini-rezimo-mirties-sarase-kaip-britu-pora-kalina-kalejime-del-netikru-snipu-kaltinimu-saule-saule\/","title":{"rendered":"Iranas ruo\u0161iasi \u012fvykdyti seniausi\u0105 kalin\u012f re\u017eimo mirties s\u0105ra\u0161e &#8211; kaip brit\u0173 pora kalina kal\u0117jime d\u0117l netikr\u0173 \u0161nip\u0173 kaltinim\u0173 &#8211; Saul\u0117 &#8211; saul\u0117"},"content":{"rendered":"<p> <br \/>\n<\/p>\n<div>\n<p>Bijau, kad vienas i\u0161 seniausi\u0173 Irano politini\u0173 kalini\u0173, praleidusi\u0173 daugiau nei 18 met\u0173 kal\u0117jime, bus j\u0173 barbari\u0161k\u0173 egzekucij\u0173 s\u0105ra\u0161e.<\/p>\n<p>72 met\u0173 Ali Moezi prievarta buvo perkeltas \u012f gars\u0173j\u012f Qezelhesserio kal\u0117jim\u0105 &#8211; kur \u017eiaur\u016bs pakabos yra paplitusios.<\/p>\n<figure class=\"article__media\">\n<div class=\"article__media-img-container open-gallery\" data-index=\"1\"><\/p>\n<p><span class=\"article__gallery-count-value\">7<\/span><\/p>\n<\/div><figcaption class=\"article__media-caption\"><span class=\"article__media-span\">72 met\u0173 Ali Moezi i\u0161 viso praleido daugiau nei 18 met\u0173 Irano kal\u0117jimuose<\/span><span class=\"article__credit\">Kreditas: Irano HRS<\/span><\/figcaption><\/figure>\n<figure class=\"article__media\">\n<div class=\"article__media-img-container open-gallery\" data-index=\"2\"><img decoding=\"async\" alt=\"Visuomen\u0117s vykdymas Shiraz mieste, Irane.\" height=\"654\" width=\"960\" data-credit=\"AFP\" data-img=\"https:\/\/www.thesun.co.uk\/wp-content\/uploads\/2025\/01\/2008-powerful-chief-future-approve-961951903_b11d38.jpg?strip=all&amp;w=960\" data-caption=\"Four Iranian convicts hanging after a public execution in 2007\" sizes=\"auto, (max-width: 375px) 335px, (max-width: 520px) 480px, 620px\" srcset=\"https:\/\/www.thesun.co.uk\/wp-content\/uploads\/2025\/01\/2008-powerful-chief-future-approve-961951903_b11d38.jpg?w=335 335w, https:\/\/www.thesun.co.uk\/wp-content\/uploads\/2025\/01\/2008-powerful-chief-future-approve-961951903_b11d38.jpg?w=480 480w, https:\/\/www.thesun.co.uk\/wp-content\/uploads\/2025\/01\/2008-powerful-chief-future-approve-961951903_b11d38.jpg?w=620 620w, https:\/\/www.thesun.co.uk\/wp-content\/uploads\/2025\/01\/2008-powerful-chief-future-approve-961951903_b11d38.jpg?w=670 670w, https:\/\/www.thesun.co.uk\/wp-content\/uploads\/2025\/01\/2008-powerful-chief-future-approve-961951903_b11d38.jpg?w=960 960w, https:\/\/www.thesun.co.uk\/wp-content\/uploads\/2025\/01\/2008-powerful-chief-future-approve-961951903_b11d38.jpg?w=1240 1240w, https:\/\/www.thesun.co.uk\/wp-content\/uploads\/2025\/01\/2008-powerful-chief-future-approve-961951903_b11d38.jpg?w=1005 1005w, https:\/\/www.thesun.co.uk\/wp-content\/uploads\/2025\/01\/2008-powerful-chief-future-approve-961951903_b11d38.jpg?w=1440 1440w, https:\/\/www.thesun.co.uk\/wp-content\/uploads\/2025\/01\/2008-powerful-chief-future-approve-961951903_b11d38.jpg?w=1860 1860w, https:\/\/www.thesun.co.uk\/wp-content\/uploads\/2025\/01\/2008-powerful-chief-future-approve-961951903_b11d38.jpg?w=1340 1340w, https:\/\/www.thesun.co.uk\/wp-content\/uploads\/2025\/01\/2008-powerful-chief-future-approve-961951903_b11d38.jpg?w=1920 1920w, https:\/\/www.thesun.co.uk\/wp-content\/uploads\/2025\/01\/2008-powerful-chief-future-approve-961951903_b11d38.jpg?w=2480 2480w\" loading=\"lazy\" src=\"https:\/\/www.thesun.co.uk\/wp-content\/uploads\/2025\/01\/2008-powerful-chief-future-approve-961951903_b11d38.jpg?strip=all&amp;w=960\" role=\"img\"\/><\/p>\n<p><span class=\"article__gallery-count-value\">7<\/span><\/p>\n<\/div><figcaption class=\"article__media-caption\"><span class=\"article__media-span\">Keturi Irano nuteistieji, kabantys po vie\u0161o mirties bausm\u0117s 2007 m.<\/span><span class=\"article__credit\">Kreditas: AFP<\/span><\/figcaption><\/figure>\n<figure class=\"article__media\">\n<div class=\"article__media-img-container open-gallery\" data-index=\"3\"><img decoding=\"async\" alt=\"Demonstracija Pary\u017eiuje prie\u0161 egzekucijas Irane.\" height=\"540\" width=\"960\" data-credit=\"NCRI\" data-img=\"https:\/\/www.thesun.co.uk\/wp-content\/uploads\/2025\/02\/thousands-held-mass-demonstration-paris-973257551.jpg?strip=all&amp;w=960\" data-caption=\"Thousands held a mass demonstration in Paris against executions in Iran this month\" sizes=\"auto, (max-width: 375px) 335px, (max-width: 520px) 480px, 620px\" srcset=\"https:\/\/www.thesun.co.uk\/wp-content\/uploads\/2025\/02\/thousands-held-mass-demonstration-paris-973257551.jpg?w=335 335w, https:\/\/www.thesun.co.uk\/wp-content\/uploads\/2025\/02\/thousands-held-mass-demonstration-paris-973257551.jpg?w=480 480w, https:\/\/www.thesun.co.uk\/wp-content\/uploads\/2025\/02\/thousands-held-mass-demonstration-paris-973257551.jpg?w=620 620w, https:\/\/www.thesun.co.uk\/wp-content\/uploads\/2025\/02\/thousands-held-mass-demonstration-paris-973257551.jpg?w=670 670w, https:\/\/www.thesun.co.uk\/wp-content\/uploads\/2025\/02\/thousands-held-mass-demonstration-paris-973257551.jpg?w=960 960w, https:\/\/www.thesun.co.uk\/wp-content\/uploads\/2025\/02\/thousands-held-mass-demonstration-paris-973257551.jpg?w=1240 1240w, https:\/\/www.thesun.co.uk\/wp-content\/uploads\/2025\/02\/thousands-held-mass-demonstration-paris-973257551.jpg?w=1005 1005w, https:\/\/www.thesun.co.uk\/wp-content\/uploads\/2025\/02\/thousands-held-mass-demonstration-paris-973257551.jpg?w=1440 1440w, https:\/\/www.thesun.co.uk\/wp-content\/uploads\/2025\/02\/thousands-held-mass-demonstration-paris-973257551.jpg?w=1860 1860w, https:\/\/www.thesun.co.uk\/wp-content\/uploads\/2025\/02\/thousands-held-mass-demonstration-paris-973257551.jpg?w=1340 1340w, https:\/\/www.thesun.co.uk\/wp-content\/uploads\/2025\/02\/thousands-held-mass-demonstration-paris-973257551.jpg?w=1920 1920w, https:\/\/www.thesun.co.uk\/wp-content\/uploads\/2025\/02\/thousands-held-mass-demonstration-paris-973257551.jpg?w=2480 2480w\" loading=\"lazy\" src=\"https:\/\/www.thesun.co.uk\/wp-content\/uploads\/2025\/02\/thousands-held-mass-demonstration-paris-973257551.jpg?strip=all&amp;w=960\" role=\"img\"\/><\/p>\n<p><span class=\"article__gallery-count-value\">7<\/span><\/p>\n<\/div><figcaption class=\"article__media-caption\"><span class=\"article__media-span\">\u0160\u012f m\u0117nes\u012f Pary\u017eiuje vyko t\u016bkstan\u010diai parodoje Pary\u017eiuje prie\u0161 egzekucijas<\/span><span class=\"article__credit\">Kreditas: NCRI<\/span><\/figcaption><\/figure>\n<p>Jo sielvartas atsiranda, kai brit\u0173 pora \u017elunga Irano kal\u0117jime po to, kai buvo u\u017epulta kaltinim\u0173 \u0161nipin\u0117jimu.<\/p>\n<p>Suprantama, kad Moezi, ken\u010diantis nuo daugelio sveikatos problem\u0173, buvo patirtas fizinio smurto, kai jis buvo perduotas.<\/p>\n<p>T\u0117tis buvo are\u0161tuotas keturis kartus devintajame, 200 -ajame, 2010 -aisiais ir visai neseniai 2022 m.<\/p>\n<p>I\u0161 viso \u017eiaurus Irano re\u017eimas i\u0161laik\u0117 Moezi daugiau nei 18 met\u0173 \u201eHellhole\u201c kal\u0117jimuose d\u0117l kaltinim\u0173.<\/p>\n<p>Gailestingi vadovai pastaraisiais m\u0117nesiais padidino egzekucij\u0105 kaip skaudin\u010di\u0105 taktik\u0105, skirt\u0105 mai\u0161tauti.<\/p>\n<p>Naujausias \u201eMoezi\u201c nuosprendis buvo u\u017e \u201esusirinkim\u0105 ir slapt\u0105 susitarim\u0105 prie\u0161 nacionalin\u012f saugum\u0105\u201c ir \u201epropagand\u0105 prie\u0161 re\u017eim\u0105\u201c, taip pat u\u017e tariamus ry\u0161ius su Irano Liaudies Mojahedino organizacija.<\/p>\n<p>Jis buvo i\u0161mestas u\u017e grot\u0173 visai neseniai 2022 m. Spalio m\u0117n., Kai saugumo paj\u0117gos sureng\u0117 reid\u0105.<\/p>\n<p>Moezi buvo paguldytas \u012f izoliacij\u0105 ir buvo tardomas prie\u0161 i\u0161ve\u017eant \u012f 8 palat\u0105 i\u0161 Evino kal\u0117jimo.<\/p>\n<p>Po \u0161e\u0161i\u0173 m\u0117nesi\u0173 jis v\u0117l buvo perkeltas \u012f izoliacij\u0105, o prie\u0161 tai buvo nuteistas \u0161e\u0161iems metams ir tris m\u0117nesius.<\/p>\n<p>Moezi serga prostatos v\u0117\u017eiu, o \u017eiaur\u016bs kal\u0117jimo vir\u0161ininkai neleido jam baigti gydymo. <\/p>\n<div id=\"bc-video-6367877625112\" class=\"brightcove\"><span class=\"article__bc_video-caption\">Du Irano kaliniai, kuriuos paskutinis \u012fvykdytas barbari\u0161ko re\u017eimo Hellbento, d\u0117l gniu\u017edymo nesutarim\u0173<\/span><\/div>\n<p>Medicinos prie\u017ei\u016bra Irano kal\u0117jimuose da\u017enai b\u016bna nepakankama.<\/p>\n<p>Jo b\u016bkl\u0117 pablog\u0117jo ir jis taip pat ken\u010dia nuo inkst\u0173 problem\u0173, klausos praradimo ir sunkaus kelio artrito.<\/p>\n<p>Irano Nacionalin\u0117s Nacionalin\u0117s pasiprie\u0161inimo tarybos direktoriaus pavaduotojas Hosseinas Abedini sak\u0117, kad \u201eSun\u201c jo perk\u0117limas yra \u201ere\u017eimo silpnumo ir neteis\u0117tumo, kuris gali i\u0161laikyti savo vald\u017ei\u0105 tik vykdant egzekucijas, kankinimus ir sukelian\u010di\u0105 baim\u0119\u201c, \u017eenklas \u201c. .<\/p>\n<p>Jis taip pat atkreip\u0117 d\u0117mes\u012f \u012f mirties bausmi\u0173 i\u0161leidim\u0105 de\u0161im\u010diai kit\u0173 politini\u0173 kalini\u0173, pasmerkt\u0173 u\u017e param\u0105 auk\u0161\u010diausia opozicijos partijai &#8211; Liaudies Mojahedino organizacijai Irane.<\/p>\n<p>Moezi staiga buvo perkeltas i\u0161 Evino kal\u0117jimo \u0161e\u0161tadien\u012f tuo pa\u010diu metu kaip ir kitas politinis kalinys Akbar Bagheri.<\/p>\n<p>Jis praleido \u0161e\u0161erius metus kal\u0117jime d\u0117l kaltinim\u0173 d\u0117l \u201esusirinkimo ir slapto susitarimo\u201c ir \u201epropagandos prie\u0161 re\u017eim\u0105\u201c, ta\u010diau jis buvo paleistas 2023 m.<\/p>\n<p>Tuomet Bagheri buvo sureguliuotas lapkrit\u012f ir buvo i\u0161si\u0173stas \u012f Evino kal\u0117jim\u0105, kur buvo kankinamas ir tardomas.<\/p>\n<p>Tai ateina, kai Irano manipuliacinis re\u017eimas dar labiau suprato tarptautin\u012f spaudim\u0105 ir atid\u0117jo dar dviej\u0173 politini\u0173 kalini\u0173 mirties bausmes &#8211; kol kas.<\/p>\n<p>69 met\u0173 Behrouz Ehsani ir 48 met\u0173 Mehdi Hassani buvo kalinami d\u0117l kaltinim\u0173 su kaltinimais ir pra\u0117jus\u012f m\u0117nes\u012f buvo priverstinai perkeltas \u012f Qezelhessar kal\u0117jim\u0105.<\/p>\n<p>Egzekut\u0117s yra \u017einomos u\u017e \u201eHellhole\u201c kal\u0117jime, ta\u010diau abi jos buvo gr\u0105\u017eintos \u012f Generalin\u0119 palat\u0105.<\/p>\n<p>Kol j\u0173 egzekucijos buvo atid\u0117tos, kampanijos dalyviai baiminasi Ehsani ir Hassani ir vis dar gresia pavojus b\u016bti nu\u017eudyti.<\/p>\n<div class=\"article-boxout\">\n<p><div id=\"ez-toc-container\" class=\"ez-toc-v2_0_82_2 counter-hierarchy ez-toc-counter ez-toc-grey ez-toc-container-direction\">\n<div class=\"ez-toc-title-container\">\n<p class=\"ez-toc-title\" style=\"cursor:inherit\">Turinys:<\/p>\n<span class=\"ez-toc-title-toggle\"><a href=\"#\" class=\"ez-toc-pull-right ez-toc-btn ez-toc-btn-xs ez-toc-btn-default ez-toc-toggle\" aria-label=\"Toggle Table of Content\"><span class=\"ez-toc-js-icon-con\"><span class=\"\"><span class=\"eztoc-hide\" style=\"display:none;\">Toggle<\/span><span class=\"ez-toc-icon-toggle-span\"><svg style=\"fill: #999;color:#999\" xmlns=\"http:\/\/www.w3.org\/2000\/svg\" class=\"list-377408\" width=\"20px\" height=\"20px\" viewBox=\"0 0 24 24\" fill=\"none\"><path d=\"M6 6H4v2h2V6zm14 0H8v2h12V6zM4 11h2v2H4v-2zm16 0H8v2h12v-2zM4 16h2v2H4v-2zm16 0H8v2h12v-2z\" fill=\"currentColor\"><\/path><\/svg><svg style=\"fill: #999;color:#999\" class=\"arrow-unsorted-368013\" xmlns=\"http:\/\/www.w3.org\/2000\/svg\" width=\"10px\" height=\"10px\" viewBox=\"0 0 24 24\" version=\"1.2\" baseProfile=\"tiny\"><path d=\"M18.2 9.3l-6.2-6.3-6.2 6.3c-.2.2-.3.4-.3.7s.1.5.3.7c.2.2.4.3.7.3h11c.3 0 .5-.1.7-.3.2-.2.3-.5.3-.7s-.1-.5-.3-.7zM5.8 14.7l6.2 6.3 6.2-6.3c.2-.2.3-.5.3-.7s-.1-.5-.3-.7c-.2-.2-.4-.3-.7-.3h-11c-.3 0-.5.1-.7.3-.2.2-.3.5-.3.7s.1.5.3.7z\"\/><\/svg><\/span><\/span><\/span><\/a><\/span><\/div>\n<nav><ul class='ez-toc-list ez-toc-list-level-1 ' ><li class='ez-toc-page-1 ez-toc-heading-level-3'><a class=\"ez-toc-link ez-toc-heading-1\" href=\"https:\/\/sekmesreceptas.lt\/index.php\/2025\/02\/19\/iranas-ruosiasi-ivykdyti-seniausia-kalini-rezimo-mirties-sarase-kaip-britu-pora-kalina-kalejime-del-netikru-snipu-kaltinimu-saule-saule\/#Iranas_padidina_egzekucijas\" >Iranas padidina egzekucijas<\/a><\/li><li class='ez-toc-page-1 ez-toc-heading-level-3'><a class=\"ez-toc-link ez-toc-heading-2\" href=\"https:\/\/sekmesreceptas.lt\/index.php\/2025\/02\/19\/iranas-ruosiasi-ivykdyti-seniausia-kalini-rezimo-mirties-sarase-kaip-britu-pora-kalina-kalejime-del-netikru-snipu-kaltinimu-saule-saule\/#Britu_pora_kaltinama_snipinejimu\" >Brit\u0173 pora, kaltinama \u0161nipin\u0117jimu<\/a><\/li><\/ul><\/nav><\/div>\n<h3 class=\"article-boxout__headline t-s-border-color\"><span class=\"ez-toc-section\" id=\"Iranas_padidina_egzekucijas\"><\/span>Iranas padidina egzekucijas<span class=\"ez-toc-section-end\"><\/span><\/h3>\n<\/p>\n<div class=\"article-boxout__content theme__background-color-rgba-20\">\n<div class=\"article-boxout__content-img\"><img decoding=\"async\" class=\"lazyload\" alt=\"\" src=\"https:\/\/www.thesun.co.uk\/wp-content\/uploads\/2025\/01\/2007-iran-today-hanged-public-961954489.jpg?strip=all&amp;w=620&amp;h=413&amp;crop=1\"\/><\/div>\n<div>\n<p>Autorius Katie Davis, vyriausioji u\u017esienio reporteris (skaitmeninis)<\/p>\n<p><strong>Paranoidiniai Irano lyderiai labai vertina represijas ant nam\u0173 vel\u0117nos, dramati\u0161kai siekdami panaikinti mai\u0161t\u0105, sako vie\u0161ai neatskleista informacija.<\/strong><\/p>\n<p>Tai ateina, nes Irano re\u017eimas buvo paliktas raudonos j\u0117gos d\u0117l Sirijos diktat\u016bros \u017elugimo ir sunki\u0173 savo teroro tarpini\u0173 prospekt\u0173 pralaim\u0117jim\u0173.<\/p>\n<p>Sakoma, kad egzekucijos vyksta kas por\u0105 valand\u0173, kai Iranas savo \u017emones skerd\u017eia \u201eprecedento neturin\u010diais skai\u010diais\u201c.<\/p>\n<p>Iranas turi vien\u0105 siaubingiausi\u0173 \u017emogaus teisi\u0173 rekord\u0173 pasaulyje, ir, pasak kampanijos dalyvi\u0173, taip pat turi did\u017eiausi\u0105 vykdymo procent\u0105.<\/p>\n<p>Anks\u010diau saul\u0117 atskleid\u0117, kaip de\u0161imtys \u017emoni\u0173 buvo nuteisti mirties bausmei, akmenimis tik d\u0117l nei\u0161tikimyb\u0117s.<\/p>\n<p>D\u0117l kankinan\u010di\u0173 Irano kankinan\u010di\u0173 kal\u0117jim\u0173 nutek\u0117j\u0119 \u012fra\u0161ai taip pat parod\u0117, kaip t\u016bkstan\u010diai \u017emoni\u0173 buvo u\u017eklupti mirties bausm\u0117s d\u0117l smulki\u0173 nusikaltim\u0173.<\/p>\n<p>2024 m. Irano re\u017eimas padidino savo \u017emoni\u0173, \u012fskaitant moteris, vaikus ir politinius kalinius, egzekucijas.<\/p>\n<p>Oficial\u016bs \u012fra\u0161ai rodo, kad pra\u0117jusi\u0173 met\u0173 egzekucij\u0173 skai\u010dius siek\u0117 1000 &#8211; did\u017eiausias skai\u010dius per 30 met\u0173 ir 16 procent\u0173 didesnis nei ankstesnis.<\/p>\n<p>I\u0161 j\u0173 34 buvo 34 moterys ir septynios buvo jaunesn\u0117s nei 18 met\u0173, kai j\u0173 vadinamieji nusikaltimai.<\/p>\n<p>Nacionalin\u0117 Irano pasiprie\u0161inimo taryba (NCRI) baiminasi, kad tikroji rinkliava yra daug didesn\u0117, nes daugelis mir\u010di\u0173 laikomos paslaptyje.<\/p>\n<p>Nuo \u0161i\u0173 met\u0173 prad\u017eios buvo u\u017efiksuota ma\u017eiausiai 82 mirties bausm\u0117s vykdymo veiksmai<\/p>\n<p>Did\u017eioji dalis kylan\u010di\u0173 egzekucij\u0173 yra kabinami, ta\u010diau yra ir kit\u0173 viduram\u017ei\u0173 kankinim\u0173 bausmi\u0173, \u012fskaitant visuomen\u0117s pli\u016bpsn\u012f, gal\u016bni\u0173 pa\u0161alinim\u0105 ir aki\u0173 \u017eyg\u012f.<\/p>\n<\/div>\n<\/div>\n<\/div>\n<p>Kamranas Daliras i\u0161 NCRI sak\u0117 \u201eThe Sun\u201c: \u201eRe\u017eimas neat\u0161auk\u0117 j\u0173 vykdymo \u012fsakymo ir jie vis dar yra Ghezelhesar kal\u0117jime. Vykdydami kelet\u0105 dien\u0173, jiems vis dar gresia pavojus. <\/p>\n<p>&#8222;Patirtis parod\u0117, kad re\u017eimas \u0161iek tiek suma\u017eins spaudim\u0105 ir po kurio laiko vyks egzekucijomis. Taigi, svarbu, kad gal\u0117tume i\u0161laikyti \u0161\u012f spaudim\u0105.&#8221;<\/p>\n<p>Anks\u010diau \u0161\u012f m\u0117nes\u012f daugiau nei 20 000 iranie\u010di\u0173 Pary\u017eiuje sureng\u0117 masines demonstracijas &#8211; reikalavo sustabdyti egzekucijas.<\/p>\n<p>Jie taip pat pasmerk\u0117 re\u017eim\u0105 u\u017e u\u017esienio pilie\u010di\u0173 sulaikym\u0105 ir pareikalavo j\u0173 nedelsiant paleisti.<\/p>\n<p>I\u0161rinktasis NCRI prezident\u0117 Maryam Rajavi miniai sak\u0117: \u201eAlid\u0117jos re\u017eimo lyderis Ali Khamenei sakydavo:\u201e Jei nekovosime Sirijoje, tur\u0117sime kovoti Teherane ir Isfahane \u201c. <\/p>\n<p>&#8222;Dabar, kai Sirija ir Libanas paslydo i\u0161 savo suvokimo, jie desperati\u0161kai griebiasi egzekucij\u0173 visame Teherane ir visuose Irane, tik\u0117damiesi i\u0161laikyti kontrol\u0119.&#8221;<\/p>\n<p>Irano tironi\u0161kas re\u017eimas buvo u\u017emu\u0161tas kampanijos dalyvi\u0173 u\u017e brit\u0173 poros sulaikym\u0105.<\/p>\n<figure class=\"article__media\">\n<div class=\"article__media-img-container open-gallery\" data-index=\"4\"><img decoding=\"async\" alt=\"Mehdi Hassani galvos apdangalas.\" height=\"556\" width=\"420\" data-credit=\"NCRI\" data-img=\"https:\/\/www.thesun.co.uk\/wp-content\/uploads\/2025\/01\/mehdi-hassani-967304003.jpg?strip=all&amp;w=420\" data-caption=\"Mehdi Hassani has been sentenced to death\" sizes=\"auto, (max-width: 375px) 335px, (max-width: 520px) 480px, 620px\" srcset=\"https:\/\/www.thesun.co.uk\/wp-content\/uploads\/2025\/01\/mehdi-hassani-967304003.jpg?w=335 335w, https:\/\/www.thesun.co.uk\/wp-content\/uploads\/2025\/01\/mehdi-hassani-967304003.jpg?w=480 480w, https:\/\/www.thesun.co.uk\/wp-content\/uploads\/2025\/01\/mehdi-hassani-967304003.jpg?w=620 620w, https:\/\/www.thesun.co.uk\/wp-content\/uploads\/2025\/01\/mehdi-hassani-967304003.jpg?w=670 670w, https:\/\/www.thesun.co.uk\/wp-content\/uploads\/2025\/01\/mehdi-hassani-967304003.jpg?w=960 960w, https:\/\/www.thesun.co.uk\/wp-content\/uploads\/2025\/01\/mehdi-hassani-967304003.jpg?w=1240 1240w, https:\/\/www.thesun.co.uk\/wp-content\/uploads\/2025\/01\/mehdi-hassani-967304003.jpg?w=1005 1005w, https:\/\/www.thesun.co.uk\/wp-content\/uploads\/2025\/01\/mehdi-hassani-967304003.jpg?w=1440 1440w, https:\/\/www.thesun.co.uk\/wp-content\/uploads\/2025\/01\/mehdi-hassani-967304003.jpg?w=1860 1860w, https:\/\/www.thesun.co.uk\/wp-content\/uploads\/2025\/01\/mehdi-hassani-967304003.jpg?w=1340 1340w, https:\/\/www.thesun.co.uk\/wp-content\/uploads\/2025\/01\/mehdi-hassani-967304003.jpg?w=1920 1920w, https:\/\/www.thesun.co.uk\/wp-content\/uploads\/2025\/01\/mehdi-hassani-967304003.jpg?w=2480 2480w\" loading=\"lazy\" src=\"https:\/\/www.thesun.co.uk\/wp-content\/uploads\/2025\/01\/mehdi-hassani-967304003.jpg?strip=all&amp;w=420\" role=\"img\"\/><\/p>\n<p><span class=\"article__gallery-count-value\">7<\/span><\/p>\n<\/div><figcaption class=\"article__media-caption\"><span class=\"article__media-span\">Mehdi Hassani buvo nuteistas mirties bausme<\/span><span class=\"article__credit\">Kreditas: NCRI<\/span><\/figcaption><\/figure>\n<figure class=\"article__media\">\n<div class=\"article__media-img-container open-gallery\" data-index=\"5\"><img decoding=\"async\" alt=\"Behrouz Ehsani portretas.\" height=\"554\" width=\"493\" data-credit=\"NCRI\" data-img=\"https:\/\/www.thesun.co.uk\/wp-content\/uploads\/2025\/01\/behrouz-ehsani-967303841.jpg?strip=all&amp;w=493\" data-caption=\"Behrouz Ehsani, 69, was tortured following his arrest in December 2022\" sizes=\"auto, (max-width: 375px) 335px, (max-width: 520px) 480px, 620px\" srcset=\"https:\/\/www.thesun.co.uk\/wp-content\/uploads\/2025\/01\/behrouz-ehsani-967303841.jpg?w=335 335w, https:\/\/www.thesun.co.uk\/wp-content\/uploads\/2025\/01\/behrouz-ehsani-967303841.jpg?w=480 480w, https:\/\/www.thesun.co.uk\/wp-content\/uploads\/2025\/01\/behrouz-ehsani-967303841.jpg?w=620 620w, https:\/\/www.thesun.co.uk\/wp-content\/uploads\/2025\/01\/behrouz-ehsani-967303841.jpg?w=670 670w, https:\/\/www.thesun.co.uk\/wp-content\/uploads\/2025\/01\/behrouz-ehsani-967303841.jpg?w=960 960w, https:\/\/www.thesun.co.uk\/wp-content\/uploads\/2025\/01\/behrouz-ehsani-967303841.jpg?w=1240 1240w, https:\/\/www.thesun.co.uk\/wp-content\/uploads\/2025\/01\/behrouz-ehsani-967303841.jpg?w=1005 1005w, https:\/\/www.thesun.co.uk\/wp-content\/uploads\/2025\/01\/behrouz-ehsani-967303841.jpg?w=1440 1440w, https:\/\/www.thesun.co.uk\/wp-content\/uploads\/2025\/01\/behrouz-ehsani-967303841.jpg?w=1860 1860w, https:\/\/www.thesun.co.uk\/wp-content\/uploads\/2025\/01\/behrouz-ehsani-967303841.jpg?w=1340 1340w, https:\/\/www.thesun.co.uk\/wp-content\/uploads\/2025\/01\/behrouz-ehsani-967303841.jpg?w=1920 1920w, https:\/\/www.thesun.co.uk\/wp-content\/uploads\/2025\/01\/behrouz-ehsani-967303841.jpg?w=2480 2480w\" loading=\"lazy\" src=\"https:\/\/www.thesun.co.uk\/wp-content\/uploads\/2025\/01\/behrouz-ehsani-967303841.jpg?strip=all&amp;w=493\" role=\"img\"\/><\/p>\n<p><span class=\"article__gallery-count-value\">7<\/span><\/p>\n<\/div><figcaption class=\"article__media-caption\"><span class=\"article__media-span\">69 met\u0173 Behrouz Ehsani buvo kankinamas po jo are\u0161to 2022 m. Gruod\u017eio m\u0117n.<\/span><span class=\"article__credit\">Kreditas: NCRI<\/span><\/figcaption><\/figure>\n<p>4 kanalo \u017evaig\u017ed\u0117s Craig ir Lindsay Foreman buvo are\u0161tuoti per motocikl\u0105 kelion\u0117je po pasaul\u012f.<\/p>\n<p>Jie ignoravo \u0161eimos ir u\u017esienio reikal\u0173 ministerijos patarimus nuvykti \u012f Iran\u0105 ir saus\u012f buvo paimti \u012f are\u0161tin\u0119 d\u0117l nepatikslint\u0173 saugumo kaltinim\u0173.<\/p>\n<p>Pora, kuri anks\u010diau pasirod\u0117 \u201eChannel 4\u201c naujame \u201eLife in the Sun\u201c, dabar kaltinami \u0161nipin\u0117jimu ir toliau laikoma kal\u0117jime.<\/p>\n<p>Irano re\u017eimas apkaltino juos \u201erinkti informacij\u0105 keliose \u0161alies provincijose\u201c, o \u201evadovaujant tyrimo ir tyrim\u0173 darbui\u201c.<\/p>\n<p>Ta\u010diau vie\u0161ai neatskleista informacija mano, kad negailestingi Irano lyderiai padar\u0117 \u201epagamint\u0105 byl\u0105\u201c, kad Craig ir Lindsay b\u016bt\u0173 naudojami kaip p\u0117stininkai savo ligoni\u0161kame \u017eaidime, kad Vakar\u0173 \u0161alys gal\u0117t\u0173 pasiduoti savo reikalavimams.<\/p>\n<p>Susivienij\u0119 su Branduolinio Irano (UANI) politikos direktoriumi Jasonu Brodsky, \u201eThe Sun\u201c, kol jie grei\u010diausiai nebus vykdomi, jie gali b\u016bti kalinami daugel\u012f met\u0173 ir kankinti.<\/p>\n<p>Jis sak\u0117: \u201eIranas naudoja \u012fkait\u0173 diplomatij\u0105 kaip priemon\u0119 i\u0161 Europos ir JAV i\u0161gauti nuolaidas. <\/p>\n<p>\u201e\u012ekaitai daugel\u012f met\u0173 atsiliko nuo grot\u0173 Irane. <\/p>\n<p>\u201eIrano re\u017eimas anks\u010diau vykd\u0117 dvejopas nacionalines \u012fmones arba tas, kurios turi Irano pilietyb\u0119, be Amerikos ar Europos pilietyb\u0117s. <\/p>\n<p>\u201eKadangi Foremanai neturi dvigubo valstyb\u0117s, vykdymas ma\u017eai tik\u0117tinas, ta\u010diau \u017ealos pavojus i\u0161lieka.<\/p>\n<p>&#8222;Irano re\u017eimas naudoja ir psichologinius, ir fizinius kankinimo metodus, atsi\u017evelgiant \u012f situacij\u0105.&#8221;<\/p>\n<div class=\"article-boxout\">\n<p><h3 class=\"article-boxout__headline t-s-border-color\"><span class=\"ez-toc-section\" id=\"Britu_pora_kaltinama_snipinejimu\"><\/span>Brit\u0173 pora, kaltinama \u0161nipin\u0117jimu<span class=\"ez-toc-section-end\"><\/span><\/h3>\n<\/p>\n<div class=\"article-boxout__content theme__background-color-rgba-20\">\n<p class=\"article__content--intro\">Caid ir Lindsay Foreman keliavo per Iran\u0105 \u012f kelion\u0119 \u012f pasaulin\u0119 kelion\u0119, kai jie buvo are\u0161tuoti.<\/p>\n<div>\n<p>Jie atvyko \u012f \u0161al\u012f i\u0161 Arm\u0117nijos gruod\u017eio 30 d. Ir planavo i\u0161vykti sausio 4 d. Nuvykti \u012f Australij\u0105.<\/p>\n<p>Kart\u0105 Irane jie aplank\u0117 Tabriz\u0105, Teheran\u0105 ir Isfahan\u0105, ta\u010diau nepavyko prisiregistruoti \u012f savo vie\u0161but\u012f Kermane.<\/p>\n<p>J\u0173 sulaikymas paai\u0161k\u0117jo tik pra\u0117jusi\u0105 savait\u0119 po to, kai Irano vald\u017eios institucijos paskelb\u0117 j\u0173 susitikimo su Britanijos ambasadoriumi Hugo Shorteriu \u012fvaizd\u012f.<\/p>\n<p>U\u017esienio reikal\u0173 ministerijos patarimai \u012fsp\u0117ja visas keliones \u012f Iran\u0105 &#8211; \u012fsp\u0117jamieji britai, kuriuos jie gali tiesiog sulaikyti d\u0117l savo tautyb\u0117s.<\/p>\n<p>Ta\u010diau pora nepais\u0117 \u0161eimos ir draug\u0173 rizikos ir r\u016bpes\u010di\u0173.<\/p>\n<p>T\u0105 pa\u010di\u0105 dien\u0105 pora atvyko \u012f Iran\u0105, jie g\u016b\u017e\u010diojo pe\u010diais.<\/p>\n<p>Jie ra\u0161\u0117: \u201eNepaisant draug\u0173, \u0161eimos ir FCDO patarim\u0173 (kurie labai pataria keliauti \u012f Iran\u0105 Britanijos pilie\u010diams), mes nusprend\u0117me toliau jud\u0117ti \u012f priek\u012f.<\/p>\n<p>\u201eKod\u0117l? Nes mes tikime, kad nesvarbu, kur esate pasaulyje, dauguma \u017emoni\u0173 yra geri, malon\u016bs \u017emon\u0117s, siekiantys prasmingo gyvenimo. Taip, mes \u017einome apie rizik\u0105.<\/p>\n<p>\u201eMes taip pat \u017einome atlyg\u012f, kai bus sutikti ne\u012ftik\u0117tini \u017emon\u0117s, i\u0161girsti j\u0173 istorijas ir pamatyti kvap\u0105 gniau\u017eian\u010dius \u0161i\u0173 region\u0173 peiza\u017eus, kurie gal\u0117t\u0173 \u017eymiai vir\u0161yti baim\u0119\u201c.<\/p>\n<p>Po j\u0173 are\u0161to u\u017esienio reikal\u0173 ministerijos atstovas teig\u0117, kad jie yra \u201evieningi m\u016bs\u0173 pasiry\u017e\u0119 u\u017etikrinti saug\u0173 gr\u0105\u017e\u0105\u201c &#8211; sakydamas, kad j\u0173 sulaikymas \u201esuk\u0117l\u0117 didel\u012f susir\u016bpinim\u0105\u201c.<\/p>\n<p>\u0160i\u0105 savait\u0119 jie buvo kaltinami \u0161nipin\u0117jimu ir, pasak valstybin\u0117s \u017einiasklaidos, yra laikomi pietrytiniame Kermano mieste.<\/p>\n<\/div>\n<\/div>\n<\/div>\n<figure class=\"article__media\">\n<div class=\"article__media-img-container open-gallery\" data-index=\"6\"><img decoding=\"async\" alt=\"Craig ir Lindsay Foreman, Britanijos pora, sulaikyta Irane.\" height=\"540\" width=\"960\" data-credit=\"Rex\" data-img=\"https:\/\/www.thesun.co.uk\/wp-content\/uploads\/2025\/02\/craig-lindsay-foreman-aged-52-972848828.jpg?strip=all&amp;w=960\" data-caption=\"Lindsay and Craig Foreman have been charged with espionage in Iran\" sizes=\"auto, (max-width: 375px) 335px, (max-width: 520px) 480px, 620px\" srcset=\"https:\/\/www.thesun.co.uk\/wp-content\/uploads\/2025\/02\/craig-lindsay-foreman-aged-52-972848828.jpg?w=335 335w, https:\/\/www.thesun.co.uk\/wp-content\/uploads\/2025\/02\/craig-lindsay-foreman-aged-52-972848828.jpg?w=480 480w, https:\/\/www.thesun.co.uk\/wp-content\/uploads\/2025\/02\/craig-lindsay-foreman-aged-52-972848828.jpg?w=620 620w, https:\/\/www.thesun.co.uk\/wp-content\/uploads\/2025\/02\/craig-lindsay-foreman-aged-52-972848828.jpg?w=670 670w, https:\/\/www.thesun.co.uk\/wp-content\/uploads\/2025\/02\/craig-lindsay-foreman-aged-52-972848828.jpg?w=960 960w, https:\/\/www.thesun.co.uk\/wp-content\/uploads\/2025\/02\/craig-lindsay-foreman-aged-52-972848828.jpg?w=1240 1240w, https:\/\/www.thesun.co.uk\/wp-content\/uploads\/2025\/02\/craig-lindsay-foreman-aged-52-972848828.jpg?w=1005 1005w, https:\/\/www.thesun.co.uk\/wp-content\/uploads\/2025\/02\/craig-lindsay-foreman-aged-52-972848828.jpg?w=1440 1440w, https:\/\/www.thesun.co.uk\/wp-content\/uploads\/2025\/02\/craig-lindsay-foreman-aged-52-972848828.jpg?w=1860 1860w, https:\/\/www.thesun.co.uk\/wp-content\/uploads\/2025\/02\/craig-lindsay-foreman-aged-52-972848828.jpg?w=1340 1340w, https:\/\/www.thesun.co.uk\/wp-content\/uploads\/2025\/02\/craig-lindsay-foreman-aged-52-972848828.jpg?w=1920 1920w, https:\/\/www.thesun.co.uk\/wp-content\/uploads\/2025\/02\/craig-lindsay-foreman-aged-52-972848828.jpg?w=2480 2480w\" loading=\"lazy\" src=\"https:\/\/www.thesun.co.uk\/wp-content\/uploads\/2025\/02\/craig-lindsay-foreman-aged-52-972848828.jpg?strip=all&amp;w=960\" role=\"img\"\/><\/p>\n<p><span class=\"article__gallery-count-value\">7<\/span><\/p>\n<\/div><figcaption class=\"article__media-caption\"><span class=\"article__media-span\">Lindsay ir Craig Foreman buvo apkaltinti \u0161nipin\u0117jimu Irane<\/span><span class=\"article__credit\">Kreditas: REX<\/span><\/figcaption><\/figure>\n<figure class=\"article__media\">\n<div class=\"article__media-img-container open-gallery\" data-index=\"7\"><img decoding=\"async\" alt=\"U\u017esiver\u017eiantis vyras, kur\u012f ketina pakabinti, turi teis\u0117saugos pareig\u016bnai; Aukos \u0161eima jam atleido.\" height=\"525\" width=\"800\" data-credit=\"\" data-img=\"https:\/\/www.thesun.co.uk\/wp-content\/uploads\/2021\/10\/d7e6d900-805b-4cdc-aa76-b122116fd518.jpg?strip=all&amp;w=800\" data-caption=\"Pictures show a man named Balal who was led to the gallows by his victim's family\" sizes=\"auto, (max-width: 375px) 335px, (max-width: 520px) 480px, 620px\" srcset=\"https:\/\/www.thesun.co.uk\/wp-content\/uploads\/2021\/10\/d7e6d900-805b-4cdc-aa76-b122116fd518.jpg?w=335 335w, https:\/\/www.thesun.co.uk\/wp-content\/uploads\/2021\/10\/d7e6d900-805b-4cdc-aa76-b122116fd518.jpg?w=480 480w, https:\/\/www.thesun.co.uk\/wp-content\/uploads\/2021\/10\/d7e6d900-805b-4cdc-aa76-b122116fd518.jpg?w=620 620w, https:\/\/www.thesun.co.uk\/wp-content\/uploads\/2021\/10\/d7e6d900-805b-4cdc-aa76-b122116fd518.jpg?w=670 670w, https:\/\/www.thesun.co.uk\/wp-content\/uploads\/2021\/10\/d7e6d900-805b-4cdc-aa76-b122116fd518.jpg?w=960 960w, https:\/\/www.thesun.co.uk\/wp-content\/uploads\/2021\/10\/d7e6d900-805b-4cdc-aa76-b122116fd518.jpg?w=1240 1240w, https:\/\/www.thesun.co.uk\/wp-content\/uploads\/2021\/10\/d7e6d900-805b-4cdc-aa76-b122116fd518.jpg?w=1005 1005w, https:\/\/www.thesun.co.uk\/wp-content\/uploads\/2021\/10\/d7e6d900-805b-4cdc-aa76-b122116fd518.jpg?w=1440 1440w, https:\/\/www.thesun.co.uk\/wp-content\/uploads\/2021\/10\/d7e6d900-805b-4cdc-aa76-b122116fd518.jpg?w=1860 1860w, https:\/\/www.thesun.co.uk\/wp-content\/uploads\/2021\/10\/d7e6d900-805b-4cdc-aa76-b122116fd518.jpg?w=1340 1340w, https:\/\/www.thesun.co.uk\/wp-content\/uploads\/2021\/10\/d7e6d900-805b-4cdc-aa76-b122116fd518.jpg?w=1920 1920w, https:\/\/www.thesun.co.uk\/wp-content\/uploads\/2021\/10\/d7e6d900-805b-4cdc-aa76-b122116fd518.jpg?w=2480 2480w\" loading=\"lazy\" src=\"https:\/\/www.thesun.co.uk\/wp-content\/uploads\/2021\/10\/d7e6d900-805b-4cdc-aa76-b122116fd518.jpg?strip=all&amp;w=800\" role=\"img\"\/><\/p>\n<p><span class=\"article__gallery-count-value\">7<\/span><\/p>\n<\/div><figcaption class=\"article__media-caption\"><span class=\"article__media-span\">Paveiksl\u0117liai rodo vyr\u0105, vardu Balal, kur\u012f aukos \u0161eima ved\u0117 \u012f gal\u016bnes<\/span><\/figcaption><\/figure>\n<\/div>\n<p><br \/>\n<br \/><a href=\"https:\/\/www.thesun.co.uk\/news\/33449059\/iran-execute-oldest-prisoner-brit-couple-jail\/\">Source link <\/a><\/p>\n","protected":false},"excerpt":{"rendered":"<p>Bijau, kad vienas i\u0161 seniausi\u0173 Irano politini\u0173 kalini\u0173, praleidusi\u0173 daugiau nei 18 met\u0173 kal\u0117jime, bus j\u0173 barbari\u0161k\u0173 egzekucij\u0173 s\u0105ra\u0161e. 72 met\u0173 Ali Moezi prievarta buvo perkeltas \u012f gars\u0173j\u012f Qezelhesserio kal\u0117jim\u0105 &#8211; kur \u017eiaur\u016bs pakabos yra paplitusios. 7 72 met\u0173 Ali Moezi i\u0161 viso praleido daugiau nei 18 met\u0173 Irano kal\u0117jimuoseKreditas: Irano HRS 7 Keturi Irano [&hellip;]<\/p>\n","protected":false},"author":1,"featured_media":2059,"comment_status":"","ping_status":"","sticky":false,"template":"","format":"standard","meta":{"om_disable_all_campaigns":false,"_monsterinsights_skip_tracking":false,"_monsterinsights_sitenote_active":false,"_monsterinsights_sitenote_note":"","_monsterinsights_sitenote_category":0,"footnotes":""},"categories":[4],"tags":[374,185,865,4038,27,4041,4040,2686,4044,1537,4042,3920,3289,613,4039,4045,3790,4043],"class_list":["post-2058","post","type-post","status-publish","format-standard","has-post-thumbnail","hentry","category-pasaulio-naujienos","tag-britu","tag-del","tag-iranas","tag-ivykdyti","tag-kaip","tag-kalejime","tag-kalina","tag-kalini","tag-kaltinimu","tag-mirties","tag-netikru","tag-pora","tag-rezimo","tag-ruosiasi","tag-sarase","tag-saule","tag-seniausia","tag-snipu"],"aioseo_notices":[],"_links":{"self":[{"href":"https:\/\/sekmesreceptas.lt\/index.php\/wp-json\/wp\/v2\/posts\/2058","targetHints":{"allow":["GET"]}}],"collection":[{"href":"https:\/\/sekmesreceptas.lt\/index.php\/wp-json\/wp\/v2\/posts"}],"about":[{"href":"https:\/\/sekmesreceptas.lt\/index.php\/wp-json\/wp\/v2\/types\/post"}],"author":[{"embeddable":true,"href":"https:\/\/sekmesreceptas.lt\/index.php\/wp-json\/wp\/v2\/users\/1"}],"replies":[{"embeddable":true,"href":"https:\/\/sekmesreceptas.lt\/index.php\/wp-json\/wp\/v2\/comments?post=2058"}],"version-history":[{"count":0,"href":"https:\/\/sekmesreceptas.lt\/index.php\/wp-json\/wp\/v2\/posts\/2058\/revisions"}],"wp:featuredmedia":[{"embeddable":true,"href":"https:\/\/sekmesreceptas.lt\/index.php\/wp-json\/wp\/v2\/media\/2059"}],"wp:attachment":[{"href":"https:\/\/sekmesreceptas.lt\/index.php\/wp-json\/wp\/v2\/media?parent=2058"}],"wp:term":[{"taxonomy":"category","embeddable":true,"href":"https:\/\/sekmesreceptas.lt\/index.php\/wp-json\/wp\/v2\/categories?post=2058"},{"taxonomy":"post_tag","embeddable":true,"href":"https:\/\/sekmesreceptas.lt\/index.php\/wp-json\/wp\/v2\/tags?post=2058"}],"curies":[{"name":"wp","href":"https:\/\/api.w.org\/{rel}","templated":true}]}}