{"id":2326,"date":"2025-12-18T15:25:34","date_gmt":"2025-12-18T15:25:34","guid":{"rendered":"https:\/\/sekmesreceptas.lt\/index.php\/2025\/12\/18\/22-metu-grozio-karaliene-zuvo-per-siaubo-automobilio-avarija-kai-per-kaledas-kartu-su-dviem-kitais-ligonineje-nuejo-pirkti-zaislu-vaikams\/"},"modified":"2025-12-18T15:25:34","modified_gmt":"2025-12-18T15:25:34","slug":"22-metu-grozio-karaliene-zuvo-per-siaubo-automobilio-avarija-kai-per-kaledas-kartu-su-dviem-kitais-ligonineje-nuejo-pirkti-zaislu-vaikams","status":"publish","type":"post","link":"https:\/\/sekmesreceptas.lt\/index.php\/2025\/12\/18\/22-metu-grozio-karaliene-zuvo-per-siaubo-automobilio-avarija-kai-per-kaledas-kartu-su-dviem-kitais-ligonineje-nuejo-pirkti-zaislu-vaikams\/","title":{"rendered":"22 met\u0173 gro\u017eio karalien\u0117 \u017euvo per siaubo automobilio avarij\u0105, kai per Kal\u0117das kartu su dviem kitais ligonin\u0117je nu\u0117jo pirkti \u017eaisl\u0173 vaikams."},"content":{"rendered":"<p><\/p>\n<div>\n<p>JAUNA gro\u017eio karalien\u0117 \u017euvo per tragi\u0161k\u0105 automobilio avarij\u0105, keliaudama per Kal\u0117das pirkti \u017eaisl\u0173 pa\u017eeid\u017eiamiems vaikams.<\/p>\n<p>Lucero Ram\u00edrez \u017euvo po to, kai jos pilkas d\u017eipas nul\u0117k\u0117 nuo kelio ir apvirto.<\/p>\n<div class=\"single__inline-module inline-module inline-module--newsletter aligncenter inline-module--thesun wp-block-nypost-editor-newsletter\" data-source-unit=\"Inline Newsletter Module \">\n<div class=\"inline-module__inner\">\n<div class=\"inline-module__title-wrapper\">\n<div id=\"ez-toc-container\" class=\"ez-toc-v2_0_82_2 counter-hierarchy ez-toc-counter ez-toc-grey ez-toc-container-direction\">\n<div class=\"ez-toc-title-container\">\n<p class=\"ez-toc-title\" style=\"cursor:inherit\">Turinys:<\/p>\n<span class=\"ez-toc-title-toggle\"><a href=\"#\" class=\"ez-toc-pull-right ez-toc-btn ez-toc-btn-xs ez-toc-btn-default ez-toc-toggle\" aria-label=\"Toggle Table of Content\"><span class=\"ez-toc-js-icon-con\"><span class=\"\"><span class=\"eztoc-hide\" style=\"display:none;\">Toggle<\/span><span class=\"ez-toc-icon-toggle-span\"><svg style=\"fill: #999;color:#999\" xmlns=\"http:\/\/www.w3.org\/2000\/svg\" class=\"list-377408\" width=\"20px\" height=\"20px\" viewBox=\"0 0 24 24\" fill=\"none\"><path d=\"M6 6H4v2h2V6zm14 0H8v2h12V6zM4 11h2v2H4v-2zm16 0H8v2h12v-2zM4 16h2v2H4v-2zm16 0H8v2h12v-2z\" fill=\"currentColor\"><\/path><\/svg><svg style=\"fill: #999;color:#999\" class=\"arrow-unsorted-368013\" xmlns=\"http:\/\/www.w3.org\/2000\/svg\" width=\"10px\" height=\"10px\" viewBox=\"0 0 24 24\" version=\"1.2\" baseProfile=\"tiny\"><path d=\"M18.2 9.3l-6.2-6.3-6.2 6.3c-.2.2-.3.4-.3.7s.1.5.3.7c.2.2.4.3.7.3h11c.3 0 .5-.1.7-.3.2-.2.3-.5.3-.7s-.1-.5-.3-.7zM5.8 14.7l6.2 6.3 6.2-6.3c.2-.2.3-.5.3-.7s-.1-.5-.3-.7c-.2-.2-.4-.3-.7-.3h-11c-.3 0-.5.1-.7.3-.2.2-.3.5-.3.7s.1.5.3.7z\"\/><\/svg><\/span><\/span><\/span><\/a><\/span><\/div>\n<nav><ul class='ez-toc-list ez-toc-list-level-1 ' ><li class='ez-toc-page-1 ez-toc-heading-level-3'><a class=\"ez-toc-link ez-toc-heading-1\" href=\"https:\/\/sekmesreceptas.lt\/index.php\/2025\/12\/18\/22-metu-grozio-karaliene-zuvo-per-siaubo-automobilio-avarija-kai-per-kaledas-kartu-su-dviem-kitais-ligonineje-nuejo-pirkti-zaislu-vaikams\/#Uzsiregistruoti_Saule_naujienlaiskis\" >U\u017esiregistruoti Saul\u0117 naujienlai\u0161kis<\/a><\/li><li class='ez-toc-page-1 ez-toc-heading-level-3'><a class=\"ez-toc-link ez-toc-heading-2\" href=\"https:\/\/sekmesreceptas.lt\/index.php\/2025\/12\/18\/22-metu-grozio-karaliene-zuvo-per-siaubo-automobilio-avarija-kai-per-kaledas-kartu-su-dviem-kitais-ligonineje-nuejo-pirkti-zaislu-vaikams\/#Aciu\" >A\u010di\u016b!<\/a><\/li><\/ul><\/nav><\/div>\n<h3 class=\"inline-module__title headline headline--combo-sm-md\"><span class=\"ez-toc-section\" id=\"Uzsiregistruoti_Saule_naujienlaiskis\"><\/span>\n<p>\t\t\t\t\t\t\tU\u017esiregistruoti <span class=\"newsletter-name theme-main\">Saul\u0117<\/span> naujienlai\u0161kis\t\t\t\t\t\t<span class=\"ez-toc-section-end\"><\/span><\/h3>\n<\/p>\n<h3 class=\"inline-module__title headline headline--combo-sm-md\"><span class=\"ez-toc-section\" id=\"Aciu\"><\/span>\n<p>\t\t\t\t\t\tA\u010di\u016b!\t\t\t\t\t<span class=\"ez-toc-section-end\"><\/span><\/h3>\n<\/p><\/div>\n<\/p><\/div>\n<\/div>\n<figure id=\"attachment_37678644\" class=\"nyp-slideshow-modal-image wp-caption alignnone aligncenter\"><figcaption class=\"wp-caption-text\"><span>Lucero Ram\u00edrezas prie\u0161 mirtin\u0105 avarij\u0105 studijavo teis\u0119 Verakruzanos universitete<\/span><span class=\"credit\">Kreditas: Jam Press<\/span><\/figcaption><\/figure>\n<figure id=\"attachment_37678646\" class=\"nyp-slideshow-modal-image wp-caption alignnone aligncenter\"><figcaption class=\"wp-caption-text\"><span>Lucero buvo kar\u016bnuota Flor de Mayo savo gimtajame mieste Oteapan 2023 m<\/span><span class=\"credit\">Kreditas: Jam Press<\/span><\/figcaption><\/figure>\n<figure id=\"attachment_37678647\" class=\"nyp-slideshow-modal-image wp-caption alignnone aligncenter\"><figcaption class=\"wp-caption-text\"><span>Jauna maneken\u0117 k\u0105 tik paskelb\u0117 apie savo \u017eingsn\u012f \u012f politik\u0105 kartu su Pilie\u010di\u0173 jud\u0117jimo partija<\/span><span class=\"credit\">Kreditas: Jam Press<\/span><\/figcaption><\/figure>\n<p>Greitosios pagalbos medikai patvirtino, kad 22 met\u0173 modelis mir\u0117 \u012fvykio vietoje.<\/p>\n<p>Du giminai\u010diai, 29 met\u0173 Carlosas Danielis Ramirezas ir 50 met\u0173 Naria de Jesus Ramirez Antonio, sunkios b\u016bkl\u0117s buvo nuve\u017eti \u012f ligonin\u0119.<\/p>\n<p>Jie keliavo \u012f Meksik\u0105, <span id=\"da7d0bc0-40c9-45fd-8900-a221bc9cf0a2\" class=\"suggested-link\">Meksika<\/span>pirkti \u017eaislus ir saldumynus, kuriuos paaukoti pa\u017eeid\u017eiam\u0173 bendruomeni\u0173 ma\u017eiems vaikams.<\/p>\n<p>Vakar j\u0173 variklis apsivert\u0117 Federaliniame greitkelyje 150D netoli Kordobos miesto.<\/p>\n<div class=\"article-readmore\">\n<div class=\"article-readmore__content-wrapper article-readmore__content-wrapper--multi\">\n<div class=\"article-readmore__content\">\n<div class=\"article-readmore__content-img\">\n\t\t\t\t\t\t\t\t\t\t\t\t\t\t\t\t\t<\/div>\n<div class=\"article-readmore__text\">\n<div class=\"article-readmore__text-wrapper\">\n<p class=\"article-readmore__text-kicker\">KELIO Siaubas<\/p>\n<p class=\"article-readmore__text-headline\">Paaugl\u0117 gro\u017eio karalien\u0117, 15 met\u0173, partrenkta ir nu\u017eudyta dideliu grei\u010diu lekian\u010dio pikapo<\/p>\n<\/p><\/div>\n<\/p><\/div>\n<\/p><\/div>\n<div class=\"article-readmore__content\">\n<div class=\"article-readmore__content-img\">\n\t\t\t\t\t\t\t\t\t<img loading=\"lazy\" decoding=\"async\" height=\"240\" width=\"360\" src=\"https:\/\/www.thesun.co.uk\/wp-content\/uploads\/2025\/11\/newspress-collage-fndxbn98w-1762869773786.jpg?quality=90&amp;strip=all&amp;1762870162&amp;w=360&amp;h=240&amp;crop=1\"\/>\t\t\t\t\t\t\t\t<\/div>\n<div class=\"article-readmore__text\">\n<div class=\"article-readmore__text-wrapper\">\n<p class=\"article-readmore__text-kicker\">LORRY SMASH <\/p>\n<p class=\"article-readmore__text-headline\">21 met\u0173 gro\u017eio karalien\u0117 \u017euvo susid\u016brus su sunkve\u017eimiu, pra\u0117jus kelioms dienoms po to, kai laim\u0117jo kar\u016bn\u0105<\/p>\n<\/p><\/div>\n<\/p><\/div>\n<\/p><\/div>\n<\/p><\/div>\n<\/p><\/div>\n<p>Pareig\u016bnai bando nustatyti, ar d\u017eipas nesugedo mechaniniu b\u016bdu, ar neveik\u0117 i\u0161oriniai veiksniai.<\/p>\n<p>Vietos \u017einiasklaida PERI\u00d3DICO SupreMo prane\u0161\u0117, kad sprogo jos automobilio padanga, d\u0117l kurios ji prarado kontrol\u0119.<\/p>\n<p>Lucero gro\u017eio konkursuose prad\u0117jo dalyvauti 2023 m.<\/p>\n<p>Tais metais ji buvo kar\u016bnuota Flor de Mayo gimtajame mieste Oteapan, pietin\u0117je Verakruso valstijoje.<\/p>\n<p>V\u0117liau ji atstovavo savo gimtajai valstybei konkursuose \u201eMis Nepriklausomyb\u0117\u201c ir \u201eMis turizmas\u201c visoje \u0161alyje.<\/p>\n<p>Be modelio, Lucero \u012fsitrauk\u0117 \u012f politik\u0105.<\/p>\n<p>Ji visai neseniai paskelb\u0117, kad kandidatuos \u012f centro kairiosios Pilie\u010di\u0173 jud\u0117jimo partijos Akajukano 27 apygardos tarybos nar\u0119.<\/p>\n<p>The <span id=\"518a56aa-338f-488c-8640-c8339f3b7aea\" class=\"suggested-link\">naujienos<\/span> jos tragi\u0161ka mirtis sukr\u0117t\u0117 region\u0105, nes socialin\u0119 \u017einiasklaid\u0105 u\u017epl\u016bdo duokli\u0173 srautas.<\/p>\n<p>Partijos pirmininkas Dante Alfonso Delgado sak\u0117: \u201eTie i\u0161 m\u016bs\u0173, kurie tur\u0117jo galimyb\u0119 j\u0105 pa\u017einti, \u017eino, kad ji visada elg\u0117si su pagarba ir ai\u0161kus pa\u0161aukimas tarnauti ir dalyvauti pilietin\u0117je veikloje.<\/p>\n<p>\u201eJai <span id=\"d3f7a773-198c-4bc7-a731-d40f216afe3a\" class=\"suggested-link\">\u0161eima<\/span>draugai ir pa\u017e\u012fstami, siun\u010diu nuo\u0161ird\u0173 apkabinim\u0105 ir giliausi\u0105 u\u017euojaut\u0105.<\/p>\n<p>\t\t<!-- Start of Brightcove Player --><\/p>\n<p>\t\t\t\t\t\t<!-- End of Brightcove Player --><\/p>\n<p>\u201eN\u0117ra \u017eod\u017ei\u0173, kurie palengvint\u0173 toki\u0105 netekt\u012f, bet nuo\u0161ird\u017eiai tikiuosi, kad jie ras stipryb\u0117s ir paguodos meil\u0117je, kuri\u0105 ji parod\u0117 per savo gyvenim\u0105.<\/p>\n<p>Kita koleg\u0117 Letty Hern\u00e1ndez Miranda, Valstyb\u0117s tarybos techninis sekretoriatas, sak\u0117, kad ji liko be \u017eado. <span id=\"dd5a051f-0ac0-4dd0-858d-e599d8d98902\" class=\"suggested-link\">naujienos<\/span>.<\/p>\n<p>\u012era\u0161e X ji ra\u0161\u0117: \u201e\u0160iandien Movimiento Ciudadano pabudome su li\u016bdna \u017einia, viena i\u0161 t\u0173, kurios suvirpina tavo \u0161ird\u012f ir palieka be \u017eado. <\/p>\n<p>\u201eSu\u017einojimas apie vienos i\u0161 m\u016bs\u0173 jaun\u0173 moter\u0173 pasitraukim\u0105 i\u0161 jud\u0117jimo pripildo mus skausmo ir mums tampa sunku tai suprasti.<\/p>\n<p>Lucero taip pat mok\u0117si <span id=\"212f37a2-9848-4fee-847b-a01e00a55d88\" class=\"suggested-link\">Teis\u0117<\/span> Verakruzanos universitete jos mirties metu.<\/p>\n<p>Nelaim\u0117s tyrimas t\u0119siamas.<\/p>\n<p>Tai \u012fvyko i\u0161kart po to, kai Meksikos Jalostotitl\u00e1n-Teocaltiche greitkelyje siaubo avarijoje kartu su savo draugu \u017euvo 21 met\u0173 gro\u017eio karalien\u0117.<\/p>\n<p>Alison Monta\u00f1o Guerrero, kuri vos prie\u0161 savait\u0119 buvo kar\u016bnuota Mis Teocaltiche, buvo \u012fstrigusi transporto priemon\u0117je po kaktos susid\u016brimo su sunkve\u017eimiu.<\/p>\n<p>Greitosios pagalbos tarnybos konstatavo jos ir jos vaikino Jes\u00fas Eduardo Severiano Garc\u00eda mirt\u012f \u012fvykio vietoje.<\/p>\n<p>Jaunoji gro\u017eio karalien\u0117 studijavo <span id=\"925bea8b-b34f-4559-9932-876f48464f4e\" class=\"suggested-link\">Psichologija<\/span> ir i\u0161silavinimas Gvadalacharos universitete.<\/p>\n<p>Vietos \u017einiasklaida j\u0105 apib\u016bdino kaip atsidavusi\u0105 student\u0119.<\/p>\n<p>Teocaltiche vald\u017eia pagerb\u0117 \u201etikr\u0105j\u012f pasidid\u017eiavimo \u0161altin\u012f\u201c, sakydama: \u201eJi \u017eav\u0117jo ne tik savo gro\u017eiu \u2013 ji taip pat pasirod\u0117 esanti i\u0161skirtin\u0117 jauna moteris, turinti tvirtas vertybes.<\/p>\n<p>\u201eJos palikimas palieka ilgalaik\u012f d\u017eiaugsmo, gerumo ir atsidavimo \u017eenkl\u0105\u201c.<\/p>\n<p>Jalisco valstijos prokurat\u016bra prad\u0117jo tyrim\u0105, kad nustatyt\u0173 tiksli\u0105 nelaim\u0117s prie\u017east\u012f.<\/p>\n<figure id=\"attachment_37678648\" class=\"nyp-slideshow-modal-image wp-caption alignnone aligncenter\"><figcaption class=\"wp-caption-text\"><span>Lucero atstovavo savo gimtajai valstybei \u201eMiss Tourism\u201c konkursuose visoje \u0161alyje<\/span><span class=\"credit\">Kreditas: Jam Press<\/span><\/figcaption><\/figure>\n<figure id=\"attachment_37678649\" class=\"nyp-slideshow-modal-image wp-caption alignnone aligncenter\"><figcaption class=\"wp-caption-text\"><span>Lucero Ram\u00edrez mir\u0117 eidamas per Kal\u0117das pirkti \u017eaisl\u0173 pa\u017eeid\u017eiamiems vaikams<\/span><span class=\"credit\">Kreditas: Jam Press<\/span><\/figcaption><\/figure>\n<\/p><\/div>\n<p><a href=\"https:\/\/www.thesun.co.uk\/news\/37678650\/beauty-queen-dies-buying-toys-vulnerable-children-christmas\/\"> Nuoroda \u012f informacijos \u0161altin\u012f <\/a><\/p>\n","protected":false},"excerpt":{"rendered":"<p>JAUNA gro\u017eio karalien\u0117 \u017euvo per tragi\u0161k\u0105 automobilio avarij\u0105, keliaudama per Kal\u0117das pirkti \u017eaisl\u0173 pa\u017eeid\u017eiamiems vaikams. Lucero Ram\u00edrez \u017euvo po to, kai jos pilkas d\u017eipas nul\u0117k\u0117 nuo kelio ir apvirto. U\u017esiregistruoti Saul\u0117 naujienlai\u0161kis A\u010di\u016b! Lucero Ram\u00edrezas prie\u0161 mirtin\u0105 avarij\u0105 studijavo teis\u0119 Verakruzanos universiteteKreditas: Jam Press Lucero buvo kar\u016bnuota Flor de Mayo savo gimtajame mieste Oteapan 2023 [&hellip;]<\/p>\n","protected":false},"author":1,"featured_media":2327,"comment_status":"","ping_status":"","sticky":false,"template":"","format":"standard","meta":{"om_disable_all_campaigns":false,"_monsterinsights_skip_tracking":false,"_monsterinsights_sitenote_active":false,"_monsterinsights_sitenote_note":"","_monsterinsights_sitenote_category":0,"footnotes":""},"categories":[4],"tags":[2416,1295,703,143,49,4536,1294,859,4537,4538,100,4539,2616,479,4541,4540,508],"class_list":["post-2326","post","type-post","status-publish","format-standard","has-post-thumbnail","hentry","category-pasaulio-naujienos","tag-automobilio","tag-avarija","tag-dviem","tag-grozio","tag-kai","tag-kaledas","tag-karaliene","tag-kartu","tag-kitais","tag-ligonineje","tag-metu","tag-nuejo","tag-pirkti","tag-siaubo","tag-vaikams","tag-zaislu","tag-zuvo"],"aioseo_notices":[],"_links":{"self":[{"href":"https:\/\/sekmesreceptas.lt\/index.php\/wp-json\/wp\/v2\/posts\/2326","targetHints":{"allow":["GET"]}}],"collection":[{"href":"https:\/\/sekmesreceptas.lt\/index.php\/wp-json\/wp\/v2\/posts"}],"about":[{"href":"https:\/\/sekmesreceptas.lt\/index.php\/wp-json\/wp\/v2\/types\/post"}],"author":[{"embeddable":true,"href":"https:\/\/sekmesreceptas.lt\/index.php\/wp-json\/wp\/v2\/users\/1"}],"replies":[{"embeddable":true,"href":"https:\/\/sekmesreceptas.lt\/index.php\/wp-json\/wp\/v2\/comments?post=2326"}],"version-history":[{"count":0,"href":"https:\/\/sekmesreceptas.lt\/index.php\/wp-json\/wp\/v2\/posts\/2326\/revisions"}],"wp:featuredmedia":[{"embeddable":true,"href":"https:\/\/sekmesreceptas.lt\/index.php\/wp-json\/wp\/v2\/media\/2327"}],"wp:attachment":[{"href":"https:\/\/sekmesreceptas.lt\/index.php\/wp-json\/wp\/v2\/media?parent=2326"}],"wp:term":[{"taxonomy":"category","embeddable":true,"href":"https:\/\/sekmesreceptas.lt\/index.php\/wp-json\/wp\/v2\/categories?post=2326"},{"taxonomy":"post_tag","embeddable":true,"href":"https:\/\/sekmesreceptas.lt\/index.php\/wp-json\/wp\/v2\/tags?post=2326"}],"curies":[{"name":"wp","href":"https:\/\/api.w.org\/{rel}","templated":true}]}}