{"id":256,"date":"2024-08-16T10:42:55","date_gmt":"2024-08-16T10:42:55","guid":{"rendered":"https:\/\/sekmesreceptas.lt\/index.php\/2024\/08\/16\/isiutes-putinas-pradeda-kremliaus-valyma-per-kursko-invazijos-nelaime-ant-bloko-dingusia-vyriausiojo-generolo-galva\/"},"modified":"2024-08-16T10:42:55","modified_gmt":"2024-08-16T10:42:55","slug":"isiutes-putinas-pradeda-kremliaus-valyma-per-kursko-invazijos-nelaime-ant-bloko-dingusia-vyriausiojo-generolo-galva","status":"publish","type":"post","link":"https:\/\/sekmesreceptas.lt\/index.php\/2024\/08\/16\/isiutes-putinas-pradeda-kremliaus-valyma-per-kursko-invazijos-nelaime-ant-bloko-dingusia-vyriausiojo-generolo-galva\/","title":{"rendered":"\u012esiut\u0119s Putinas \u201epradeda Kremliaus VALym\u0105\u201c per Kursko invazijos nelaim\u0119, ant bloko \u201edingusia\u201c vyriausiojo generolo galva"},"content":{"rendered":"<p> <br \/>\n<\/p>\n<div>\n<p>\u012esiut\u0119s Vladimiras Putinas ruo\u0161iasi si\u016bbuoti kirviu, nes Rusijos gynybos ministerija svyruoja per Ukrainos audr\u0105.<\/p>\n<p>Teigiama, kad Kremliaus armijos vadai atsid\u016br\u0117 ugnies linijoje d\u0117l nesugeb\u0117jimo atsiriboti <a href=\"https:\/\/www.thesun.co.uk\/news\/29842859\/animation-ukraine-invasion-russia\/\">siau\u010dian\u010dios Kijevo paj\u0117gos<\/a> Kurske, d\u0117l ko buvo prarasta 400 kvadratini\u0173 myli\u0173 nam\u0173 \u017eem\u0117s.<\/p>\n<figure class=\"article__media\">\n<div class=\"article__media-img-container open-gallery\" data-index=\"1\"><a href=\"#\"><img alt=\"Putinas \u017ei\u016bri \u012f Rusijos ginkluot\u0173j\u0173 paj\u0117g\u0173 generalinio \u0161tabo vir\u0161inink\u0105 Valerij\u0173 Gerasimov\u0105, kuris, kaip teigiama, yra \u012fsiut\u0119s.\" height=\"960\" width=\"759\" data-credit=\"Sputnik\/Gavriil Grigorov\/Kremlin via REUTERS\" data-sizes=\"(max-width: 375px) 335px, (max-width: 520px) 480px, 620px\" data-img=\"https:\/\/www.thesun.co.uk\/wp-content\/uploads\/2024\/08\/RTRMADP_UKRAINE-CRISIS-RUSSIA-KURSK-PUTIN_615521605_RC2DE9AXMEX7_2024-08-12T135330Zjpg-JS924819545.jpg?strip=all&amp;w=759\" srcset=\"https:\/\/www.thesun.co.uk\/wp-content\/uploads\/2024\/08\/RTRMADP_UKRAINE-CRISIS-RUSSIA-KURSK-PUTIN_615521605_RC2DE9AXMEX7_2024-08-12T135330Zjpg-JS924819545.jpg?w=335 335w, https:\/\/www.thesun.co.uk\/wp-content\/uploads\/2024\/08\/RTRMADP_UKRAINE-CRISIS-RUSSIA-KURSK-PUTIN_615521605_RC2DE9AXMEX7_2024-08-12T135330Zjpg-JS924819545.jpg?w=480 480w, https:\/\/www.thesun.co.uk\/wp-content\/uploads\/2024\/08\/RTRMADP_UKRAINE-CRISIS-RUSSIA-KURSK-PUTIN_615521605_RC2DE9AXMEX7_2024-08-12T135330Zjpg-JS924819545.jpg?w=620 620w, https:\/\/www.thesun.co.uk\/wp-content\/uploads\/2024\/08\/RTRMADP_UKRAINE-CRISIS-RUSSIA-KURSK-PUTIN_615521605_RC2DE9AXMEX7_2024-08-12T135330Zjpg-JS924819545.jpg?w=670 670w, https:\/\/www.thesun.co.uk\/wp-content\/uploads\/2024\/08\/RTRMADP_UKRAINE-CRISIS-RUSSIA-KURSK-PUTIN_615521605_RC2DE9AXMEX7_2024-08-12T135330Zjpg-JS924819545.jpg?w=960 960w, https:\/\/www.thesun.co.uk\/wp-content\/uploads\/2024\/08\/RTRMADP_UKRAINE-CRISIS-RUSSIA-KURSK-PUTIN_615521605_RC2DE9AXMEX7_2024-08-12T135330Zjpg-JS924819545.jpg?w=1240 1240w, https:\/\/www.thesun.co.uk\/wp-content\/uploads\/2024\/08\/RTRMADP_UKRAINE-CRISIS-RUSSIA-KURSK-PUTIN_615521605_RC2DE9AXMEX7_2024-08-12T135330Zjpg-JS924819545.jpg?w=1005 1005w, https:\/\/www.thesun.co.uk\/wp-content\/uploads\/2024\/08\/RTRMADP_UKRAINE-CRISIS-RUSSIA-KURSK-PUTIN_615521605_RC2DE9AXMEX7_2024-08-12T135330Zjpg-JS924819545.jpg?w=1440 1440w, https:\/\/www.thesun.co.uk\/wp-content\/uploads\/2024\/08\/RTRMADP_UKRAINE-CRISIS-RUSSIA-KURSK-PUTIN_615521605_RC2DE9AXMEX7_2024-08-12T135330Zjpg-JS924819545.jpg?w=1860 1860w, https:\/\/www.thesun.co.uk\/wp-content\/uploads\/2024\/08\/RTRMADP_UKRAINE-CRISIS-RUSSIA-KURSK-PUTIN_615521605_RC2DE9AXMEX7_2024-08-12T135330Zjpg-JS924819545.jpg?w=1340 1340w, https:\/\/www.thesun.co.uk\/wp-content\/uploads\/2024\/08\/RTRMADP_UKRAINE-CRISIS-RUSSIA-KURSK-PUTIN_615521605_RC2DE9AXMEX7_2024-08-12T135330Zjpg-JS924819545.jpg?w=1920 1920w, https:\/\/www.thesun.co.uk\/wp-content\/uploads\/2024\/08\/RTRMADP_UKRAINE-CRISIS-RUSSIA-KURSK-PUTIN_615521605_RC2DE9AXMEX7_2024-08-12T135330Zjpg-JS924819545.jpg?w=2480 2480w\" loading=\"lazy\" role=\"img\"\/><\/a><\/p>\n<p><span class=\"article__gallery-count-value\">9<\/span><\/p>\n<\/div><figcaption class=\"article__media-caption\"><span class=\"article__media-span\">Putinas \u017ei\u016bri \u012f Rusijos ginkluot\u0173j\u0173 paj\u0117g\u0173 generalinio \u0161tabo vir\u0161inink\u0105 Valerij\u0173 Gerasimov\u0105, kuris, kaip teigiama, yra \u012fsiut\u0119s.<\/span><span class=\"article__credit\">Kreditas: Sputnik \/ Gavriil Grigorov \/ Kremlius per REUTERS<\/span><\/figcaption><\/figure>\n<figure class=\"article__media\">\n<div class=\"article__media-img-container open-gallery\" data-index=\"2\"><a href=\"#\"><img alt=\"Kariuomen\u0117s vadas kaltinamas \u017einoj\u0119s apie art\u0117jan\u010di\u0105 ugning\u0105 invazij\u0105\" height=\"653\" width=\"960\" data-credit=\"Reuters\" data-sizes=\"(max-width: 375px) 335px, (max-width: 520px) 480px, 620px\" data-img=\"https:\/\/www.thesun.co.uk\/wp-content\/uploads\/2024\/08\/firefighter-works-site-russian-missile-898896676.jpg?strip=all&amp;w=960\" srcset=\"https:\/\/www.thesun.co.uk\/wp-content\/uploads\/2024\/08\/firefighter-works-site-russian-missile-898896676.jpg?w=335 335w, https:\/\/www.thesun.co.uk\/wp-content\/uploads\/2024\/08\/firefighter-works-site-russian-missile-898896676.jpg?w=480 480w, https:\/\/www.thesun.co.uk\/wp-content\/uploads\/2024\/08\/firefighter-works-site-russian-missile-898896676.jpg?w=620 620w, https:\/\/www.thesun.co.uk\/wp-content\/uploads\/2024\/08\/firefighter-works-site-russian-missile-898896676.jpg?w=670 670w, https:\/\/www.thesun.co.uk\/wp-content\/uploads\/2024\/08\/firefighter-works-site-russian-missile-898896676.jpg?w=960 960w, https:\/\/www.thesun.co.uk\/wp-content\/uploads\/2024\/08\/firefighter-works-site-russian-missile-898896676.jpg?w=1240 1240w, https:\/\/www.thesun.co.uk\/wp-content\/uploads\/2024\/08\/firefighter-works-site-russian-missile-898896676.jpg?w=1005 1005w, https:\/\/www.thesun.co.uk\/wp-content\/uploads\/2024\/08\/firefighter-works-site-russian-missile-898896676.jpg?w=1440 1440w, https:\/\/www.thesun.co.uk\/wp-content\/uploads\/2024\/08\/firefighter-works-site-russian-missile-898896676.jpg?w=1860 1860w, https:\/\/www.thesun.co.uk\/wp-content\/uploads\/2024\/08\/firefighter-works-site-russian-missile-898896676.jpg?w=1340 1340w, https:\/\/www.thesun.co.uk\/wp-content\/uploads\/2024\/08\/firefighter-works-site-russian-missile-898896676.jpg?w=1920 1920w, https:\/\/www.thesun.co.uk\/wp-content\/uploads\/2024\/08\/firefighter-works-site-russian-missile-898896676.jpg?w=2480 2480w\" loading=\"lazy\" role=\"img\"\/><\/a><\/p>\n<p><span class=\"article__gallery-count-value\">9<\/span><\/p>\n<\/div><figcaption class=\"article__media-caption\"><span class=\"article__media-span\">Kariuomen\u0117s vadas kaltinamas \u017einoj\u0119s apie art\u0117jan\u010di\u0105 ugning\u0105 invazij\u0105<\/span><span class=\"article__credit\">Kreditas: Reuters<\/span><\/figcaption><\/figure>\n<figure class=\"article__media\">\n<div class=\"article__media-img-container open-gallery\" data-index=\"3\"><a href=\"#\"><img alt=\"Ukrainos netik\u0117tumas buvo niokojantis, kai Kursko gyventojas sureagavo \u012f sm\u016bg\u012f\" height=\"640\" width=\"960\" data-credit=\"Kommersant Photo\/Anatoliy Zhdanov via REUTERS RUSSIA\" data-sizes=\"(max-width: 375px) 335px, (max-width: 520px) 480px, 620px\" data-img=\"https:\/\/www.thesun.co.uk\/wp-content\/uploads\/2024\/08\/RTRMADP_UKRAINE-CRISIS-RUSSIA-KURSK_266602705_RC2GD9AVS05I_2024-08-12T132320Zjpg-JS924815916.jpg?strip=all&amp;w=960\" srcset=\"https:\/\/www.thesun.co.uk\/wp-content\/uploads\/2024\/08\/RTRMADP_UKRAINE-CRISIS-RUSSIA-KURSK_266602705_RC2GD9AVS05I_2024-08-12T132320Zjpg-JS924815916.jpg?w=335 335w, https:\/\/www.thesun.co.uk\/wp-content\/uploads\/2024\/08\/RTRMADP_UKRAINE-CRISIS-RUSSIA-KURSK_266602705_RC2GD9AVS05I_2024-08-12T132320Zjpg-JS924815916.jpg?w=480 480w, https:\/\/www.thesun.co.uk\/wp-content\/uploads\/2024\/08\/RTRMADP_UKRAINE-CRISIS-RUSSIA-KURSK_266602705_RC2GD9AVS05I_2024-08-12T132320Zjpg-JS924815916.jpg?w=620 620w, https:\/\/www.thesun.co.uk\/wp-content\/uploads\/2024\/08\/RTRMADP_UKRAINE-CRISIS-RUSSIA-KURSK_266602705_RC2GD9AVS05I_2024-08-12T132320Zjpg-JS924815916.jpg?w=670 670w, https:\/\/www.thesun.co.uk\/wp-content\/uploads\/2024\/08\/RTRMADP_UKRAINE-CRISIS-RUSSIA-KURSK_266602705_RC2GD9AVS05I_2024-08-12T132320Zjpg-JS924815916.jpg?w=960 960w, https:\/\/www.thesun.co.uk\/wp-content\/uploads\/2024\/08\/RTRMADP_UKRAINE-CRISIS-RUSSIA-KURSK_266602705_RC2GD9AVS05I_2024-08-12T132320Zjpg-JS924815916.jpg?w=1240 1240w, https:\/\/www.thesun.co.uk\/wp-content\/uploads\/2024\/08\/RTRMADP_UKRAINE-CRISIS-RUSSIA-KURSK_266602705_RC2GD9AVS05I_2024-08-12T132320Zjpg-JS924815916.jpg?w=1005 1005w, https:\/\/www.thesun.co.uk\/wp-content\/uploads\/2024\/08\/RTRMADP_UKRAINE-CRISIS-RUSSIA-KURSK_266602705_RC2GD9AVS05I_2024-08-12T132320Zjpg-JS924815916.jpg?w=1440 1440w, https:\/\/www.thesun.co.uk\/wp-content\/uploads\/2024\/08\/RTRMADP_UKRAINE-CRISIS-RUSSIA-KURSK_266602705_RC2GD9AVS05I_2024-08-12T132320Zjpg-JS924815916.jpg?w=1860 1860w, https:\/\/www.thesun.co.uk\/wp-content\/uploads\/2024\/08\/RTRMADP_UKRAINE-CRISIS-RUSSIA-KURSK_266602705_RC2GD9AVS05I_2024-08-12T132320Zjpg-JS924815916.jpg?w=1340 1340w, https:\/\/www.thesun.co.uk\/wp-content\/uploads\/2024\/08\/RTRMADP_UKRAINE-CRISIS-RUSSIA-KURSK_266602705_RC2GD9AVS05I_2024-08-12T132320Zjpg-JS924815916.jpg?w=1920 1920w, https:\/\/www.thesun.co.uk\/wp-content\/uploads\/2024\/08\/RTRMADP_UKRAINE-CRISIS-RUSSIA-KURSK_266602705_RC2GD9AVS05I_2024-08-12T132320Zjpg-JS924815916.jpg?w=2480 2480w\" loading=\"lazy\" role=\"img\"\/><\/a><\/p>\n<p><span class=\"article__gallery-count-value\">9<\/span><\/p>\n<\/div><figcaption class=\"article__media-caption\"><span class=\"article__media-span\">Ukrainos netik\u0117tumas buvo niokojantis, kai Kursko gyventojas sureagavo \u012f sm\u016bg\u012f<\/span><span class=\"article__credit\">Kreditas: Kommersant Photo \/ Anatolijus \u017ddanovas per REUTERS RUSSIA<\/span><\/figcaption><\/figure>\n<figure class=\"article__media\">\n<div class=\"article__media-img-container open-gallery\" data-index=\"4\"><a href=\"#\"><img alt=\"Rusijai nepavykus apginti savo sienos, \u012fsiver\u017e\u0117 Ukrainos tankai\" height=\"651\" width=\"960\" data-credit=\"Reuters\" data-sizes=\"(max-width: 375px) 335px, (max-width: 520px) 480px, 620px\" data-img=\"https:\/\/www.thesun.co.uk\/wp-content\/uploads\/2024\/08\/ukrainian-servicemen-ride-tank-amid-924270863.jpg?strip=all&amp;w=960\" srcset=\"https:\/\/www.thesun.co.uk\/wp-content\/uploads\/2024\/08\/ukrainian-servicemen-ride-tank-amid-924270863.jpg?w=335 335w, https:\/\/www.thesun.co.uk\/wp-content\/uploads\/2024\/08\/ukrainian-servicemen-ride-tank-amid-924270863.jpg?w=480 480w, https:\/\/www.thesun.co.uk\/wp-content\/uploads\/2024\/08\/ukrainian-servicemen-ride-tank-amid-924270863.jpg?w=620 620w, https:\/\/www.thesun.co.uk\/wp-content\/uploads\/2024\/08\/ukrainian-servicemen-ride-tank-amid-924270863.jpg?w=670 670w, https:\/\/www.thesun.co.uk\/wp-content\/uploads\/2024\/08\/ukrainian-servicemen-ride-tank-amid-924270863.jpg?w=960 960w, https:\/\/www.thesun.co.uk\/wp-content\/uploads\/2024\/08\/ukrainian-servicemen-ride-tank-amid-924270863.jpg?w=1240 1240w, https:\/\/www.thesun.co.uk\/wp-content\/uploads\/2024\/08\/ukrainian-servicemen-ride-tank-amid-924270863.jpg?w=1005 1005w, https:\/\/www.thesun.co.uk\/wp-content\/uploads\/2024\/08\/ukrainian-servicemen-ride-tank-amid-924270863.jpg?w=1440 1440w, https:\/\/www.thesun.co.uk\/wp-content\/uploads\/2024\/08\/ukrainian-servicemen-ride-tank-amid-924270863.jpg?w=1860 1860w, https:\/\/www.thesun.co.uk\/wp-content\/uploads\/2024\/08\/ukrainian-servicemen-ride-tank-amid-924270863.jpg?w=1340 1340w, https:\/\/www.thesun.co.uk\/wp-content\/uploads\/2024\/08\/ukrainian-servicemen-ride-tank-amid-924270863.jpg?w=1920 1920w, https:\/\/www.thesun.co.uk\/wp-content\/uploads\/2024\/08\/ukrainian-servicemen-ride-tank-amid-924270863.jpg?w=2480 2480w\" loading=\"lazy\" role=\"img\"\/><\/a><\/p>\n<p><span class=\"article__gallery-count-value\">9<\/span><\/p>\n<\/div><figcaption class=\"article__media-caption\"><span class=\"article__media-span\">Rusijai nepavykus apginti savo sienos, \u012fsiver\u017e\u0117 Ukrainos tankai<\/span><span class=\"article__credit\">Kreditas: Reuters<\/span><\/figcaption><\/figure>\n<figure class=\"article__media\">\n<div class=\"article__media-img-container open-gallery\" data-index=\"5\"><a href=\"#\"><img height=\"960\" width=\"954\" class=\"alignnone size-thesun-article-image wp-image-29909329\" data-credit=\"\" data-sizes=\"(max-width: 375px) 335px, (max-width: 520px) 480px, 620px\" data-img=\"https:\/\/www.thesun.co.uk\/wp-content\/uploads\/2024\/08\/KH_14_08_MAP_UKRAINE_AMBUSH-v4_ed2825.jpg?strip=all&amp;w=954\" srcset=\"https:\/\/www.thesun.co.uk\/wp-content\/uploads\/2024\/08\/KH_14_08_MAP_UKRAINE_AMBUSH-v4_ed2825.jpg?w=335 335w, https:\/\/www.thesun.co.uk\/wp-content\/uploads\/2024\/08\/KH_14_08_MAP_UKRAINE_AMBUSH-v4_ed2825.jpg?w=480 480w, https:\/\/www.thesun.co.uk\/wp-content\/uploads\/2024\/08\/KH_14_08_MAP_UKRAINE_AMBUSH-v4_ed2825.jpg?w=620 620w, https:\/\/www.thesun.co.uk\/wp-content\/uploads\/2024\/08\/KH_14_08_MAP_UKRAINE_AMBUSH-v4_ed2825.jpg?w=670 670w, https:\/\/www.thesun.co.uk\/wp-content\/uploads\/2024\/08\/KH_14_08_MAP_UKRAINE_AMBUSH-v4_ed2825.jpg?w=960 960w, https:\/\/www.thesun.co.uk\/wp-content\/uploads\/2024\/08\/KH_14_08_MAP_UKRAINE_AMBUSH-v4_ed2825.jpg?w=1240 1240w, https:\/\/www.thesun.co.uk\/wp-content\/uploads\/2024\/08\/KH_14_08_MAP_UKRAINE_AMBUSH-v4_ed2825.jpg?w=1005 1005w, https:\/\/www.thesun.co.uk\/wp-content\/uploads\/2024\/08\/KH_14_08_MAP_UKRAINE_AMBUSH-v4_ed2825.jpg?w=1440 1440w, https:\/\/www.thesun.co.uk\/wp-content\/uploads\/2024\/08\/KH_14_08_MAP_UKRAINE_AMBUSH-v4_ed2825.jpg?w=1860 1860w, https:\/\/www.thesun.co.uk\/wp-content\/uploads\/2024\/08\/KH_14_08_MAP_UKRAINE_AMBUSH-v4_ed2825.jpg?w=1340 1340w, https:\/\/www.thesun.co.uk\/wp-content\/uploads\/2024\/08\/KH_14_08_MAP_UKRAINE_AMBUSH-v4_ed2825.jpg?w=1920 1920w, https:\/\/www.thesun.co.uk\/wp-content\/uploads\/2024\/08\/KH_14_08_MAP_UKRAINE_AMBUSH-v4_ed2825.jpg?w=2480 2480w\" loading=\"lazy\" role=\"img\"\/><\/a><\/p>\n<p><span class=\"article__gallery-count-value\">9<\/span><\/p>\n<\/div>\n<\/figure>\n<p>Buv\u0119s Ukrainos patar\u0117jas Antonas Gera\u0161\u010denka tvirtina, kad \u201eRusijos \u0161altiniai\u201c nurod\u0117, kad \u201erengiamos baud\u017eiamosios bylos\u201c d\u0117l auk\u0161\u010diausios karin\u0117s galios.<\/p>\n<p>\u0160altiniai teigia, kad Vladas kunkuliuoja Generalinio \u0161tabo vir\u0161ininku <a href=\"https:\/\/www.thesun.co.uk\/news\/25255241\/putin-ukraine-russia-war-general-rumours-gerasimov\/\">Valerijus Gerasimovas<\/a>kurio keistai tr\u016bko <a href=\"https:\/\/www.thesun.co.uk\/where\/moscow\/\">Maskva<\/a>Pra\u0117jus\u012f penktadien\u012f vykusiame Saugumo tarybos pos\u0117dyje.<\/p>\n<p><span style=\"font-family:Roboto, sans-serif\">Gerasimovas, 68 m<\/span>buvo apkaltintas tai \u017einoj\u0119s <a href=\"https:\/\/www.thesun.co.uk\/news\/29870843\/ukraine-seizes-land-russia-putin-troops-kursk\/\">Ukrainos invazija \u012f Kursk\u0105<\/a> buvo nei\u0161vengiamas, bet nusprend\u0117 nepasakoti Rusijos hierarchijos.<\/p>\n<p>\u201eBloomberg\u201c prane\u0161\u0117, kad Kremliaus pareig\u016bnai pyk\u010dioja prie\u0161 daug niekinam\u0105 kariuomen\u0117s bos\u0105.<\/p>\n<p>Prorusi\u0161ki \u201eTelegram\u201c kanalai taip pat pasteb\u0117jo, kad jis nedalyvavo nepaprastajame pos\u0117dyje, kai Ukrainos paj\u0117gos ver\u017e\u0117si gilyn \u012f Rusij\u0105.<\/p>\n<p>Politjoystic sak\u0117: \u201eSteb\u0117kite, kas \u010dia yra, o kas ne\u201c.<\/p>\n<p>Senas Vlado draugas Sergejus \u0160oigu \u2013 kas <a href=\"https:\/\/www.thesun.co.uk\/news\/10082690\/vladimir-putin-hilarious-pics-siberian-forest\/\">kart\u0105 \u0117jo grybauti<\/a> su prezidentu \u2013 gegu\u017e\u0119 buvo atleistas i\u0161 gynybos ministro pareig\u0173, tapo Saugumo Tarybos sekretoriumi per pertvark\u0105.<\/p>\n<p>Tai \u012fvyko po to, kai vienas i\u0161 jo pavaduotoj\u0173 buvo are\u0161tuotas apkaltintas korupcija.<\/p>\n<p>Bet jis vis tiek atlaik\u0117 kvietim\u0105 <a href=\"https:\/\/www.thesun.co.uk\/news\/29834440\/putin-body-language-ukraine-invasion\/\">Panikos kupinas Putino susitikimas<\/a>kuriame taip pat yra vyriausiasis saugumo patar\u0117jas Nikolajus Patru\u0161evas.<\/p>\n<p>Gerasimovas apie galim\u0105 \u012fsiver\u017eim\u0105 \u012f Kursk\u0105 buvo \u012fsp\u0117tas likus dviem savait\u0117ms iki to \u012fvykio, ra\u0161o kitas Rusijos \u201eTelegram\u201c kanalas.<\/p>\n<div id=\"bc-video-6360468211112\" class=\"brightcove\"><span class=\"article__bc_video-caption\">Putinas pa\u017eemintas kaip did\u017eiausias Rusijos miestas, paimtas nuo Antrojo pasaulinio karo KRISTUS Ukrainai, kariams i\u0161k\u0117lus pergal\u0117s v\u0117liav\u0105<\/span><\/div>\n<p>Viename \u012fra\u0161e sakoma: \u201eGerasimovas ragino Aba\u010diov\u0105 \u201enekelti panikos\u201c ir \u201enepasiduoti prie\u0161o dezinformacijai\u201c.<\/p>\n<p>Prane\u0161ama, kad Vladas <a href=\"https:\/\/www.thesun.co.uk\/news\/29850162\/putin-ex-bodyguard-kursk-russia\/\">pasikviet\u0117 savo buvus\u012f asmens sargybin\u012f<\/a> vadovauti Kursko gynybai, o tai rei\u0161kia, kad smunka pasitik\u0117jimas tais, kurie vykdo klaidinimo operacij\u0105.<\/p>\n<p><a href=\"https:\/\/www.thesun.co.uk\/news\/27911387\/putin-chosen-successor-promotes-ex-bodyguard-purge\/#\">Aleksejus Diuminas<\/a>Teigiama, kad 51 m. dabar koordinuoja Gynybos ministerijos, saugumo agent\u016br\u0173 ir regionini\u0173 vald\u017eios institucij\u0173 veikl\u0105, siekiant gelb\u0117ti Rusijos regionus nuo Kijevo paj\u0117g\u0173.<\/p>\n<p>Jis yra ilgametis Putino draugas, ka\u017ekada j\u012f i\u0161gelb\u0117j\u0119s lokiui.<\/p>\n<p>Dyumino pad\u0117tis yra tokia, kad apie j\u012f net buvo kalbama kaip apie galim\u0105 prezidento \u012fp\u0117din\u012f.<\/p>\n<p>Tuo tarpu Baltarusijos diktatorius <a href=\"https:\/\/www.thesun.co.uk\/news\/29904010\/ukraine-russia-war-vladimir-putin-belarus-lukashenko-humiliation\/\">Aleksandras Luka\u0161enka<strong> <\/strong>paragino Vladas<\/a> u\u017ebaigti Ukrainos kar\u0105.<\/p>\n<p>Kalb\u0117damas su Rusijos valstybine televizija Luka\u0161enka sak\u0117, kad \u201eauk\u0161to rango amerikie\u010di\u0173 kilm\u0117s \u017emon\u0117s\u201c nori, kad karas t\u0119st\u0173si, kad Ukraina ir Rusija \u201esunaikint\u0173 viena kit\u0105\u201c.<\/p>\n<p>Bet jis maldavo i\u0161prot\u0117jusio Vlado: \u201eS\u0117skim prie deryb\u0173 stalo ir baigkime \u0161it\u0105 pe\u0161tynes\u201c.<\/p>\n<p>Dalis V. Putino 2022 m. invazijos \u012f Ukrain\u0105 buvo prad\u0117ta i\u0161 Baltarusijos, o A. Luka\u0161enka ilg\u0105 laik\u0105 atgaivino Maskvos antivakar\u0173 karo propagand\u0105.<\/p>\n<p>Jis anks\u010diau ragino Kijev\u0105 <a href=\"https:\/\/www.thesun.co.uk\/news\/21900216\/putins-puppet-lukashenko-warns-nuclear-world-war\/\">pasiduoti d\u0117l paliaub\u0173<\/a>sakydamas, kad Rusija b\u016bt\u0173 priversta panaudoti \u201ebaisiausi\u0105 ginkl\u0105\u201c, jei jaust\u0173 gr\u0117sm\u0119.<\/p>\n<p>Senstantis tironas netgi persp\u0117jo, kad gali paleisti branduolinius ginklus su draugu Putinu, sakydamas: \u201eJei reik\u0117s, mes su Putinu nuspr\u0119sime ir \u012fne\u0161ime strategini\u0173 ginkl\u0173\u201c.<\/p>\n<div class=\"article-boxout\">\n<p><h3 class=\"article-boxout__headline t-s-border-color\">Kod\u0117l Ukrainos invazija \u012f Rusij\u0105 buvo tokia s\u0117kminga?<\/h3>\n<\/p>\n<div class=\"article-boxout__content theme__background-color-rgba-20\">\n<div class=\"article-boxout__content-img\"><img decoding=\"async\" class=\"lazyload\" alt=\"\" src=\"https:\/\/www.thesun.co.uk\/wp-content\/uploads\/2024\/08\/ukrainian-servicemen-ride-bmp-1-924271425_ee34cd.jpg?strip=all&amp;w=620&amp;h=413&amp;crop=1\"\/><\/div>\n<div>\n<p>Dr\u0105sus Ukrainos kariuomen\u0117s ver\u017eimasis \u012f Rusijos Kursko srit\u012f tapo did\u017eiausia i\u0161puoliu prie\u0161 \u0161al\u012f nuo Antrojo pasaulinio karo.<\/p>\n<p>Kijevo paj\u0117gos u\u017egrob\u0117 daugyb\u0119 kaim\u0173, pa\u0117m\u0117 \u0161imtus belaisvi\u0173 ir privert\u0117 evakuoti de\u0161imtis t\u016bkstan\u010di\u0173 civili\u0173.<\/p>\n<p>Po daugiau nei savait\u0119 trukusi\u0173 kov\u0173 Rusijos kariai vis dar stengiasi i\u0161vyti u\u017epuolikus.<\/p>\n<p>Kod\u0117l Rusijos kari\u0161kiai buvo sugauti tokie nepasiruo\u0161\u0119?<\/p>\n<p><strong>Ilga neapginta siena<\/strong><\/p>\n<p>Rusijos Kursko, Briansko ir Belgorodo regionai turi 720 myli\u0173 sien\u0105 su Ukraina, \u012fskaitant 152 myli\u0173 atkarp\u0105 Kursko srityje.<\/p>\n<p>Ir jis tur\u0117jo tik simbolin\u0119 apsaug\u0105 prie\u0161 Maskvai \u012fsiver\u017eus \u012f Ukrain\u0105 2022 m.<\/p>\n<p>Nuo tada jis buvo sustiprintas kontroliniais punktais pagrindiniuose keliuose ir vietomis lauko \u012ftvirtinimais, bet to nepakanka, kad atremt\u0173 ukrainie\u010di\u0173 puolim\u0105.<\/p>\n<p>Paj\u0117giausi Rusijos daliniai kovoja Ryt\u0173 Ukrainoje, tod\u0117l siena yra pa\u017eeid\u017eiama atakoms.<\/p>\n<p><strong>Staigmenos elementas<\/strong><\/p>\n<p>Prane\u0161ama, kad \u012fsiver\u017eime dalyvaujantiems Ukrainos kariams apie savo misij\u0105 buvo prane\u0161ta tik dien\u0105 prie\u0161 jos prad\u017ei\u0105.<\/p>\n<p>Slaptumas kontrastavo su pra\u0117jusi\u0173 met\u0173 kontrpuolimu \u2013 kai Ukraina atvirai paskelb\u0117 apie savo tiksl\u0105 nukirsti sausumos koridori\u0173 su aneksuotu Krymu.<\/p>\n<p>Ukraina patyr\u0117 nes\u0117km\u0119, kai kariai ver\u017e\u0117si per Rusijos min\u0173 laukus ir buvo dau\u017eomi artilerijos ir bepilo\u010di\u0173 orlaivi\u0173.<\/p>\n<p>Ta\u010diau Kurske Ukrainos kariai nesusid\u016br\u0117 su n\u0117 viena i\u0161 \u0161i\u0173 kli\u016b\u010di\u0173.<\/p>\n<p>M\u016b\u0161yje u\u017egr\u016bdinti daliniai nesunkiai \u012fveik\u0117 Rusijos pasienie\u010dius ir nedidelius p\u0117stinink\u0173 dalinius, sudarytus i\u0161 nepatyrusi\u0173 \u0161auktini\u0173.<\/p>\n<p>Ukrainie\u010diai va\u017eiavo gilyn \u012f region\u0105 keliomis kryptimis \u2013 susid\u016br\u0117 su nedideliu pasiprie\u0161inimu ir s\u0117jo chaos\u0105 bei panik\u0105.<\/p>\n<p><strong>L\u0117tas Rusijos atsakas<\/strong><\/p>\n<p>Rusijos karin\u0117 vadovyb\u0117 i\u0161 prad\u017ei\u0173 pasikliov\u0117 karo l\u0117ktuvais ir skeltuvais, siekdama sustabdyti puolim\u0105.<\/p>\n<p>Ma\u017eiausiai vienas Rusijos sraigtasparnis buvo numu\u0161tas, o kitas apgadintas.<\/p>\n<p>Maskva prad\u0117jo traukti pastiprinim\u0105, sugeb\u0117jusi sul\u0117tinti Ukrainos ver\u017eim\u0105si, bet nesugeb\u0117jo visi\u0161kai blokuoti kari\u0173.<\/p>\n<\/div>\n<\/div>\n<\/div>\n<p>Paskutiniame interviu, nufilmuotame pra\u0117jus\u012f savaitgal\u012f po Kursko invazijos, Luka\u0161enka vietoj to pasak\u0117: \u201eNei ukrainie\u010diams, nei rusams, nei baltarusiams to nereikia. Jiems (Vakarams) to reikia\u201c. <\/p>\n<p>Pra\u0117jus\u012f antradien\u012f Ukrainos pasalos metu buvo u\u017egrobti did\u017eiuliai Rusijos teritorijos gabalai, o prezidentas Volodymyras Zelenskis teig\u0117, kad buvo u\u017egrobta daugiau nei 70 miest\u0173 ir kaim\u0173.<\/p>\n<p>Nepriklausomi mokslininkai \u0161\u012f skai\u010di\u0173 apskai\u010diavo ar\u010diau 50, ta\u010diau \u0161is skai\u010dius buvo s\u0117kmingas <a href=\"https:\/\/www.thesun.co.uk\/news\/29896045\/putin-russian-town-ukraine\/\">dabar apima ir trof\u0117j\u0173<\/a> strategi\u0161kai svarbaus Sud\u017eos miesto.<\/p>\n<p>Prie\u0161karyje gyveno apie 5000 gyventoj\u0173, tai kol kas did\u017eiausias perversmas Kijeve.<\/p>\n<p>Tai taip pat rei\u0161kia, kad tai yra did\u017eiausias Rusijos miestas, patek\u0119s \u012f svetimas rankas po naci\u0173 paj\u0117g\u0173 \u012fsiver\u017eimo \u012f \u0161al\u012f Antrojo pasaulinio karo metu.<\/p>\n<p>Miestas turi papildom\u0105 reik\u0161m\u0119, nes dujos i\u0161 Vakar\u0173 Sibiro teka vamzd\u017eiais Sud\u017eoje, o v\u0117liau patenka \u012f Ukrain\u0105 ir \u012f Europ\u0105.<\/p>\n<p>Per miest\u0105 2023 metais keliavo net pus\u0117 \u012f Europ\u0105 siun\u010diam\u0173 Rusijos gamtini\u0173 duj\u0173 ir sudaro nuo trij\u0173 iki penki\u0173 procent\u0173. <a href=\"https:\/\/www.thesun.co.uk\/topic\/european-union\/\">ES<\/a> vartojimo.<\/p>\n<p>Tai buvo paskelbta po to, kai Ukrainos naujien\u0173 kanalas perdav\u0117 filmuot\u0105 med\u017eiag\u0105, kurioje matyti, kaip kariai nupl\u0117\u0161ia Rusijos v\u0117liavas nuo pastato Sud\u017eoje.<\/p>\n<p>Jie \u0161aukia: \u201e\u0160lov\u0117 Ukrainai, \u0161lov\u0117 didvyriams\u201c.<\/p>\n<figure class=\"article__media\">\n<div class=\"article__media-img-container open-gallery\" data-index=\"6\"><a href=\"#\"><img alt=\"Anot Kremliaus gand\u0173 mal\u016bno, Gerasimovas yra ant Vlado kapojimo bloko\" height=\"624\" width=\"960\" data-credit=\"Sputnik\/Gavriil Grigorov\/Kremlin via REUTERS\" data-sizes=\"(max-width: 375px) 335px, (max-width: 520px) 480px, 620px\" data-img=\"https:\/\/www.thesun.co.uk\/wp-content\/uploads\/2024\/08\/RTRMADP_UKRAINE-CRISIS-RUSSIA-KURSK-PUTIN_1708531443_RC2EE9AT62X1_2024-08-12T150222Zjpg-JS924827966.jpg?strip=all&amp;w=960\" srcset=\"https:\/\/www.thesun.co.uk\/wp-content\/uploads\/2024\/08\/RTRMADP_UKRAINE-CRISIS-RUSSIA-KURSK-PUTIN_1708531443_RC2EE9AT62X1_2024-08-12T150222Zjpg-JS924827966.jpg?w=335 335w, https:\/\/www.thesun.co.uk\/wp-content\/uploads\/2024\/08\/RTRMADP_UKRAINE-CRISIS-RUSSIA-KURSK-PUTIN_1708531443_RC2EE9AT62X1_2024-08-12T150222Zjpg-JS924827966.jpg?w=480 480w, https:\/\/www.thesun.co.uk\/wp-content\/uploads\/2024\/08\/RTRMADP_UKRAINE-CRISIS-RUSSIA-KURSK-PUTIN_1708531443_RC2EE9AT62X1_2024-08-12T150222Zjpg-JS924827966.jpg?w=620 620w, https:\/\/www.thesun.co.uk\/wp-content\/uploads\/2024\/08\/RTRMADP_UKRAINE-CRISIS-RUSSIA-KURSK-PUTIN_1708531443_RC2EE9AT62X1_2024-08-12T150222Zjpg-JS924827966.jpg?w=670 670w, https:\/\/www.thesun.co.uk\/wp-content\/uploads\/2024\/08\/RTRMADP_UKRAINE-CRISIS-RUSSIA-KURSK-PUTIN_1708531443_RC2EE9AT62X1_2024-08-12T150222Zjpg-JS924827966.jpg?w=960 960w, https:\/\/www.thesun.co.uk\/wp-content\/uploads\/2024\/08\/RTRMADP_UKRAINE-CRISIS-RUSSIA-KURSK-PUTIN_1708531443_RC2EE9AT62X1_2024-08-12T150222Zjpg-JS924827966.jpg?w=1240 1240w, https:\/\/www.thesun.co.uk\/wp-content\/uploads\/2024\/08\/RTRMADP_UKRAINE-CRISIS-RUSSIA-KURSK-PUTIN_1708531443_RC2EE9AT62X1_2024-08-12T150222Zjpg-JS924827966.jpg?w=1005 1005w, https:\/\/www.thesun.co.uk\/wp-content\/uploads\/2024\/08\/RTRMADP_UKRAINE-CRISIS-RUSSIA-KURSK-PUTIN_1708531443_RC2EE9AT62X1_2024-08-12T150222Zjpg-JS924827966.jpg?w=1440 1440w, https:\/\/www.thesun.co.uk\/wp-content\/uploads\/2024\/08\/RTRMADP_UKRAINE-CRISIS-RUSSIA-KURSK-PUTIN_1708531443_RC2EE9AT62X1_2024-08-12T150222Zjpg-JS924827966.jpg?w=1860 1860w, https:\/\/www.thesun.co.uk\/wp-content\/uploads\/2024\/08\/RTRMADP_UKRAINE-CRISIS-RUSSIA-KURSK-PUTIN_1708531443_RC2EE9AT62X1_2024-08-12T150222Zjpg-JS924827966.jpg?w=1340 1340w, https:\/\/www.thesun.co.uk\/wp-content\/uploads\/2024\/08\/RTRMADP_UKRAINE-CRISIS-RUSSIA-KURSK-PUTIN_1708531443_RC2EE9AT62X1_2024-08-12T150222Zjpg-JS924827966.jpg?w=1920 1920w, https:\/\/www.thesun.co.uk\/wp-content\/uploads\/2024\/08\/RTRMADP_UKRAINE-CRISIS-RUSSIA-KURSK-PUTIN_1708531443_RC2EE9AT62X1_2024-08-12T150222Zjpg-JS924827966.jpg?w=2480 2480w\" loading=\"lazy\" role=\"img\"\/><\/a><\/p>\n<p><span class=\"article__gallery-count-value\">9<\/span><\/p>\n<\/div><figcaption class=\"article__media-caption\"><span class=\"article__media-span\">Anot Kremliaus gand\u0173 mal\u016bno, Gerasimovas yra ant Vlado kapojimo bloko<\/span><span class=\"article__credit\">Kreditas: Sputnik \/ Gavriil Grigorov \/ Kremlius per REUTERS<\/span><\/figcaption><\/figure>\n<figure class=\"article__media\">\n<div class=\"article__media-img-container open-gallery\" data-index=\"7\"><a href=\"#\"><img alt=\"Teigiama, kad vos per pusantros savait\u0117s pasidav\u0117 t\u016bkstan\u010diai Rusijos kari\u0173\" height=\"960\" width=\"803\" data-credit=\"\" data-sizes=\"(max-width: 375px) 335px, (max-width: 520px) 480px, 620px\" data-img=\"https:\/\/www.thesun.co.uk\/wp-content\/uploads\/2024\/08\/454103fb-91b1-407e-841a-5793184a7b13.jpg?strip=all&amp;w=803\" srcset=\"https:\/\/www.thesun.co.uk\/wp-content\/uploads\/2024\/08\/454103fb-91b1-407e-841a-5793184a7b13.jpg?w=335 335w, https:\/\/www.thesun.co.uk\/wp-content\/uploads\/2024\/08\/454103fb-91b1-407e-841a-5793184a7b13.jpg?w=480 480w, https:\/\/www.thesun.co.uk\/wp-content\/uploads\/2024\/08\/454103fb-91b1-407e-841a-5793184a7b13.jpg?w=620 620w, https:\/\/www.thesun.co.uk\/wp-content\/uploads\/2024\/08\/454103fb-91b1-407e-841a-5793184a7b13.jpg?w=670 670w, https:\/\/www.thesun.co.uk\/wp-content\/uploads\/2024\/08\/454103fb-91b1-407e-841a-5793184a7b13.jpg?w=960 960w, https:\/\/www.thesun.co.uk\/wp-content\/uploads\/2024\/08\/454103fb-91b1-407e-841a-5793184a7b13.jpg?w=1240 1240w, https:\/\/www.thesun.co.uk\/wp-content\/uploads\/2024\/08\/454103fb-91b1-407e-841a-5793184a7b13.jpg?w=1005 1005w, https:\/\/www.thesun.co.uk\/wp-content\/uploads\/2024\/08\/454103fb-91b1-407e-841a-5793184a7b13.jpg?w=1440 1440w, https:\/\/www.thesun.co.uk\/wp-content\/uploads\/2024\/08\/454103fb-91b1-407e-841a-5793184a7b13.jpg?w=1860 1860w, https:\/\/www.thesun.co.uk\/wp-content\/uploads\/2024\/08\/454103fb-91b1-407e-841a-5793184a7b13.jpg?w=1340 1340w, https:\/\/www.thesun.co.uk\/wp-content\/uploads\/2024\/08\/454103fb-91b1-407e-841a-5793184a7b13.jpg?w=1920 1920w, https:\/\/www.thesun.co.uk\/wp-content\/uploads\/2024\/08\/454103fb-91b1-407e-841a-5793184a7b13.jpg?w=2480 2480w\" loading=\"lazy\" role=\"img\"\/><\/a><\/p>\n<p><span class=\"article__gallery-count-value\">9<\/span><\/p>\n<\/div><figcaption class=\"article__media-caption\"><span class=\"article__media-span\">Teigiama, kad vos per pusantros savait\u0117s pasidav\u0117 t\u016bkstan\u010diai Rusijos kari\u0173<\/span><\/figcaption><\/figure>\n<figure class=\"article__media\">\n<div class=\"article__media-img-container open-gallery\" data-index=\"8\"><a href=\"#\"><img alt=\"Ukrainos kariai, pasteb\u0117ti \u201eGazprom\u201c duj\u0173 gamykloje svarbiame Rusijos mieste Sud\u017eos mieste\" height=\"539\" width=\"960\" data-credit=\"\" data-sizes=\"(max-width: 375px) 335px, (max-width: 520px) 480px, 620px\" data-img=\"https:\/\/www.thesun.co.uk\/wp-content\/uploads\/2024\/08\/a95cd410-5709-11ef-ad53-8bb9381a8e3dpngjpg-JS924263879.jpg?strip=all&amp;w=960\" srcset=\"https:\/\/www.thesun.co.uk\/wp-content\/uploads\/2024\/08\/a95cd410-5709-11ef-ad53-8bb9381a8e3dpngjpg-JS924263879.jpg?w=335 335w, https:\/\/www.thesun.co.uk\/wp-content\/uploads\/2024\/08\/a95cd410-5709-11ef-ad53-8bb9381a8e3dpngjpg-JS924263879.jpg?w=480 480w, https:\/\/www.thesun.co.uk\/wp-content\/uploads\/2024\/08\/a95cd410-5709-11ef-ad53-8bb9381a8e3dpngjpg-JS924263879.jpg?w=620 620w, https:\/\/www.thesun.co.uk\/wp-content\/uploads\/2024\/08\/a95cd410-5709-11ef-ad53-8bb9381a8e3dpngjpg-JS924263879.jpg?w=670 670w, https:\/\/www.thesun.co.uk\/wp-content\/uploads\/2024\/08\/a95cd410-5709-11ef-ad53-8bb9381a8e3dpngjpg-JS924263879.jpg?w=960 960w, https:\/\/www.thesun.co.uk\/wp-content\/uploads\/2024\/08\/a95cd410-5709-11ef-ad53-8bb9381a8e3dpngjpg-JS924263879.jpg?w=1240 1240w, https:\/\/www.thesun.co.uk\/wp-content\/uploads\/2024\/08\/a95cd410-5709-11ef-ad53-8bb9381a8e3dpngjpg-JS924263879.jpg?w=1005 1005w, https:\/\/www.thesun.co.uk\/wp-content\/uploads\/2024\/08\/a95cd410-5709-11ef-ad53-8bb9381a8e3dpngjpg-JS924263879.jpg?w=1440 1440w, https:\/\/www.thesun.co.uk\/wp-content\/uploads\/2024\/08\/a95cd410-5709-11ef-ad53-8bb9381a8e3dpngjpg-JS924263879.jpg?w=1860 1860w, https:\/\/www.thesun.co.uk\/wp-content\/uploads\/2024\/08\/a95cd410-5709-11ef-ad53-8bb9381a8e3dpngjpg-JS924263879.jpg?w=1340 1340w, https:\/\/www.thesun.co.uk\/wp-content\/uploads\/2024\/08\/a95cd410-5709-11ef-ad53-8bb9381a8e3dpngjpg-JS924263879.jpg?w=1920 1920w, https:\/\/www.thesun.co.uk\/wp-content\/uploads\/2024\/08\/a95cd410-5709-11ef-ad53-8bb9381a8e3dpngjpg-JS924263879.jpg?w=2480 2480w\" loading=\"lazy\" role=\"img\"\/><\/a><\/p>\n<p><span class=\"article__gallery-count-value\">9<\/span><\/p>\n<\/div><figcaption class=\"article__media-caption\"><span class=\"article__media-span\">Ukrainos kariai, pasteb\u0117ti \u201eGazprom\u201c duj\u0173 gamykloje svarbiame Rusijos mieste Sud\u017eos mieste<\/span><\/figcaption><\/figure>\n<figure class=\"article__media\">\n<div class=\"article__media-img-container open-gallery\" data-index=\"9\"><a href=\"#\"><img alt=\"\u012enirtinga kova d\u0117l Sud\u017eos baig\u0117si Ukrainos triumfu\" height=\"540\" width=\"960\" data-credit=\"Reuters\" data-sizes=\"(max-width: 375px) 335px, (max-width: 520px) 480px, 620px\" data-img=\"https:\/\/www.thesun.co.uk\/wp-content\/uploads\/2024\/08\/view-shows-building-fire-town-923676548.jpg?strip=all&amp;w=960\" srcset=\"https:\/\/www.thesun.co.uk\/wp-content\/uploads\/2024\/08\/view-shows-building-fire-town-923676548.jpg?w=335 335w, https:\/\/www.thesun.co.uk\/wp-content\/uploads\/2024\/08\/view-shows-building-fire-town-923676548.jpg?w=480 480w, https:\/\/www.thesun.co.uk\/wp-content\/uploads\/2024\/08\/view-shows-building-fire-town-923676548.jpg?w=620 620w, https:\/\/www.thesun.co.uk\/wp-content\/uploads\/2024\/08\/view-shows-building-fire-town-923676548.jpg?w=670 670w, https:\/\/www.thesun.co.uk\/wp-content\/uploads\/2024\/08\/view-shows-building-fire-town-923676548.jpg?w=960 960w, https:\/\/www.thesun.co.uk\/wp-content\/uploads\/2024\/08\/view-shows-building-fire-town-923676548.jpg?w=1240 1240w, https:\/\/www.thesun.co.uk\/wp-content\/uploads\/2024\/08\/view-shows-building-fire-town-923676548.jpg?w=1005 1005w, https:\/\/www.thesun.co.uk\/wp-content\/uploads\/2024\/08\/view-shows-building-fire-town-923676548.jpg?w=1440 1440w, https:\/\/www.thesun.co.uk\/wp-content\/uploads\/2024\/08\/view-shows-building-fire-town-923676548.jpg?w=1860 1860w, https:\/\/www.thesun.co.uk\/wp-content\/uploads\/2024\/08\/view-shows-building-fire-town-923676548.jpg?w=1340 1340w, https:\/\/www.thesun.co.uk\/wp-content\/uploads\/2024\/08\/view-shows-building-fire-town-923676548.jpg?w=1920 1920w, https:\/\/www.thesun.co.uk\/wp-content\/uploads\/2024\/08\/view-shows-building-fire-town-923676548.jpg?w=2480 2480w\" loading=\"lazy\" role=\"img\"\/><\/a><\/p>\n<p><span class=\"article__gallery-count-value\">9<\/span><\/p>\n<\/div><figcaption class=\"article__media-caption\"><span class=\"article__media-span\">\u012enirtinga kova d\u0117l Sud\u017eos baig\u0117si Ukrainos triumfu<\/span><span class=\"article__credit\">Kreditas: Reuters<\/span><\/figcaption><\/figure>\n<\/div>\n<p><br \/>\n<br \/><a href=\"https:\/\/www.thesun.co.uk\/news\/29905329\/furious-putin-top-generals-kursk\/\">Source link <\/a><\/p>\n","protected":false},"excerpt":{"rendered":"<p>\u012esiut\u0119s Vladimiras Putinas ruo\u0161iasi si\u016bbuoti kirviu, nes Rusijos gynybos ministerija svyruoja per Ukrainos audr\u0105. Teigiama, kad Kremliaus armijos vadai atsid\u016br\u0117 ugnies linijoje d\u0117l nesugeb\u0117jimo atsiriboti siau\u010dian\u010dios Kijevo paj\u0117gos Kurske, d\u0117l ko buvo prarasta 400 kvadratini\u0173 myli\u0173 nam\u0173 \u017eem\u0117s. 9 Putinas \u017ei\u016bri \u012f Rusijos ginkluot\u0173j\u0173 paj\u0117g\u0173 generalinio \u0161tabo vir\u0161inink\u0105 Valerij\u0173 Gerasimov\u0105, kuris, kaip teigiama, yra \u012fsiut\u0119s.Kreditas: [&hellip;]<\/p>\n","protected":false},"author":1,"featured_media":257,"comment_status":"open","ping_status":"open","sticky":false,"template":"","format":"standard","meta":{"om_disable_all_campaigns":false,"_monsterinsights_skip_tracking":false,"_monsterinsights_sitenote_active":false,"_monsterinsights_sitenote_note":"","_monsterinsights_sitenote_category":0,"footnotes":""},"categories":[4],"tags":[],"class_list":["post-256","post","type-post","status-publish","format-standard","has-post-thumbnail","hentry","category-pasaulio-naujienos"],"aioseo_notices":[],"_links":{"self":[{"href":"https:\/\/sekmesreceptas.lt\/index.php\/wp-json\/wp\/v2\/posts\/256","targetHints":{"allow":["GET"]}}],"collection":[{"href":"https:\/\/sekmesreceptas.lt\/index.php\/wp-json\/wp\/v2\/posts"}],"about":[{"href":"https:\/\/sekmesreceptas.lt\/index.php\/wp-json\/wp\/v2\/types\/post"}],"author":[{"embeddable":true,"href":"https:\/\/sekmesreceptas.lt\/index.php\/wp-json\/wp\/v2\/users\/1"}],"replies":[{"embeddable":true,"href":"https:\/\/sekmesreceptas.lt\/index.php\/wp-json\/wp\/v2\/comments?post=256"}],"version-history":[{"count":0,"href":"https:\/\/sekmesreceptas.lt\/index.php\/wp-json\/wp\/v2\/posts\/256\/revisions"}],"wp:featuredmedia":[{"embeddable":true,"href":"https:\/\/sekmesreceptas.lt\/index.php\/wp-json\/wp\/v2\/media\/257"}],"wp:attachment":[{"href":"https:\/\/sekmesreceptas.lt\/index.php\/wp-json\/wp\/v2\/media?parent=256"}],"wp:term":[{"taxonomy":"category","embeddable":true,"href":"https:\/\/sekmesreceptas.lt\/index.php\/wp-json\/wp\/v2\/categories?post=256"},{"taxonomy":"post_tag","embeddable":true,"href":"https:\/\/sekmesreceptas.lt\/index.php\/wp-json\/wp\/v2\/tags?post=256"}],"curies":[{"name":"wp","href":"https:\/\/api.w.org\/{rel}","templated":true}]}}