{"id":592,"date":"2024-10-01T04:05:21","date_gmt":"2024-10-01T04:05:21","guid":{"rendered":"https:\/\/sekmesreceptas.lt\/index.php\/2024\/10\/01\/izraelis-isiverzia-i-libana-po-kelias-savaites-trukusiu-niokojanciu-oro-antskrydziu-siekdamas-sunaikinti-irano-remiama-teroristine-grupuote-hezbollah\/"},"modified":"2024-10-01T04:05:21","modified_gmt":"2024-10-01T04:05:21","slug":"izraelis-isiverzia-i-libana-po-kelias-savaites-trukusiu-niokojanciu-oro-antskrydziu-siekdamas-sunaikinti-irano-remiama-teroristine-grupuote-hezbollah","status":"publish","type":"post","link":"https:\/\/sekmesreceptas.lt\/index.php\/2024\/10\/01\/izraelis-isiverzia-i-libana-po-kelias-savaites-trukusiu-niokojanciu-oro-antskrydziu-siekdamas-sunaikinti-irano-remiama-teroristine-grupuote-hezbollah\/","title":{"rendered":"Izraelis \u012fsiver\u017eia \u012f Liban\u0105 po kelias savaites trukusi\u0173 niokojan\u010di\u0173 oro antskryd\u017ei\u0173, siekdamas sunaikinti Irano remiam\u0105 teroristin\u0119 grupuot\u0119 \u201eHezbollah\u201c"},"content":{"rendered":"<p> <br \/>\n<\/p>\n<div>\n<p>IZRAELAS \u012fsiver\u017e\u0117 \u012f Liban\u0105 po kelias savaites trukusi\u0173 \u017eiauri\u0173 antskryd\u017ei\u0173, siekdamas su\u017elugdyti teroristin\u0119 grupuot\u0119 \u201eHezbollah\u201c.<\/p>\n<p>Kariai ir tankai pra\u0117jusi\u0105 nakt\u012f \u0161turmavo sien\u0105 pra\u0117jus kelioms valandoms po to, kai Izraelis atskleid\u0117, kad specialiosios paj\u0117gos jau atakavo gynybinius tunelius \u0161alies viduje.<\/p>\n<figure class=\"article__media\">\n<div class=\"article__media-img-container open-gallery\" data-index=\"1\"><\/p>\n<p><span class=\"article__gallery-count-value\">18<\/span><\/p>\n<\/div><figcaption class=\"article__media-caption\"><span class=\"article__media-span\">I\u0161 Izraelio antskryd\u017eio Beirutui kyla d\u016bm\u0173<\/span><span class=\"article__credit\">Kreditas: GETTY<\/span><\/figcaption><\/figure>\n<figure class=\"article__media\">\n<div class=\"article__media-img-container open-gallery\" data-index=\"2\"><img decoding=\"async\" alt=\"Prie\u0161 invazij\u0105 netoli sienos telk\u0117si Izraelio tankai\" height=\"640\" width=\"960\" data-credit=\"AP\" data-img=\"https:\/\/www.thesun.co.uk\/wp-content\/uploads\/2024\/10\/israeli-tank-manoeuvres-northern-israel-937316764.jpg?strip=all&amp;w=960\" sizes=\"auto, (max-width: 375px) 335px, (max-width: 520px) 480px, 620px\" srcset=\"https:\/\/www.thesun.co.uk\/wp-content\/uploads\/2024\/10\/israeli-tank-manoeuvres-northern-israel-937316764.jpg?w=335 335w, https:\/\/www.thesun.co.uk\/wp-content\/uploads\/2024\/10\/israeli-tank-manoeuvres-northern-israel-937316764.jpg?w=480 480w, https:\/\/www.thesun.co.uk\/wp-content\/uploads\/2024\/10\/israeli-tank-manoeuvres-northern-israel-937316764.jpg?w=620 620w, https:\/\/www.thesun.co.uk\/wp-content\/uploads\/2024\/10\/israeli-tank-manoeuvres-northern-israel-937316764.jpg?w=670 670w, https:\/\/www.thesun.co.uk\/wp-content\/uploads\/2024\/10\/israeli-tank-manoeuvres-northern-israel-937316764.jpg?w=960 960w, https:\/\/www.thesun.co.uk\/wp-content\/uploads\/2024\/10\/israeli-tank-manoeuvres-northern-israel-937316764.jpg?w=1240 1240w, https:\/\/www.thesun.co.uk\/wp-content\/uploads\/2024\/10\/israeli-tank-manoeuvres-northern-israel-937316764.jpg?w=1005 1005w, https:\/\/www.thesun.co.uk\/wp-content\/uploads\/2024\/10\/israeli-tank-manoeuvres-northern-israel-937316764.jpg?w=1440 1440w, https:\/\/www.thesun.co.uk\/wp-content\/uploads\/2024\/10\/israeli-tank-manoeuvres-northern-israel-937316764.jpg?w=1860 1860w, https:\/\/www.thesun.co.uk\/wp-content\/uploads\/2024\/10\/israeli-tank-manoeuvres-northern-israel-937316764.jpg?w=1340 1340w, https:\/\/www.thesun.co.uk\/wp-content\/uploads\/2024\/10\/israeli-tank-manoeuvres-northern-israel-937316764.jpg?w=1920 1920w, https:\/\/www.thesun.co.uk\/wp-content\/uploads\/2024\/10\/israeli-tank-manoeuvres-northern-israel-937316764.jpg?w=2480 2480w\" loading=\"lazy\" src=\"https:\/\/www.thesun.co.uk\/wp-content\/uploads\/2024\/10\/israeli-tank-manoeuvres-northern-israel-937316764.jpg?strip=all&amp;w=960\" role=\"img\"\/><\/p>\n<p><span class=\"article__gallery-count-value\">18<\/span><\/p>\n<\/div><figcaption class=\"article__media-caption\"><span class=\"article__media-span\">Prie\u0161 invazij\u0105 netoli sienos telk\u0117si Izraelio tankai<\/span><span class=\"article__credit\">Kreditas: AP<\/span><\/figcaption><\/figure>\n<figure class=\"article__media\">\n<div class=\"article__media-img-container open-gallery\" data-index=\"3\"><img decoding=\"async\" alt=\"Izraelis bombardavo Beirut\u0105 prie\u0161 prad\u0117damas invazij\u0105 \u012f Liban\u0105 pietuose\" height=\"633\" width=\"960\" data-credit=\"AFP\" data-img=\"https:\/\/www.thesun.co.uk\/wp-content\/uploads\/2024\/10\/2024-shows-fire-following-israeli-937327282.jpg?strip=all&amp;w=960\" sizes=\"auto, (max-width: 375px) 335px, (max-width: 520px) 480px, 620px\" srcset=\"https:\/\/www.thesun.co.uk\/wp-content\/uploads\/2024\/10\/2024-shows-fire-following-israeli-937327282.jpg?w=335 335w, https:\/\/www.thesun.co.uk\/wp-content\/uploads\/2024\/10\/2024-shows-fire-following-israeli-937327282.jpg?w=480 480w, https:\/\/www.thesun.co.uk\/wp-content\/uploads\/2024\/10\/2024-shows-fire-following-israeli-937327282.jpg?w=620 620w, https:\/\/www.thesun.co.uk\/wp-content\/uploads\/2024\/10\/2024-shows-fire-following-israeli-937327282.jpg?w=670 670w, https:\/\/www.thesun.co.uk\/wp-content\/uploads\/2024\/10\/2024-shows-fire-following-israeli-937327282.jpg?w=960 960w, https:\/\/www.thesun.co.uk\/wp-content\/uploads\/2024\/10\/2024-shows-fire-following-israeli-937327282.jpg?w=1240 1240w, https:\/\/www.thesun.co.uk\/wp-content\/uploads\/2024\/10\/2024-shows-fire-following-israeli-937327282.jpg?w=1005 1005w, https:\/\/www.thesun.co.uk\/wp-content\/uploads\/2024\/10\/2024-shows-fire-following-israeli-937327282.jpg?w=1440 1440w, https:\/\/www.thesun.co.uk\/wp-content\/uploads\/2024\/10\/2024-shows-fire-following-israeli-937327282.jpg?w=1860 1860w, https:\/\/www.thesun.co.uk\/wp-content\/uploads\/2024\/10\/2024-shows-fire-following-israeli-937327282.jpg?w=1340 1340w, https:\/\/www.thesun.co.uk\/wp-content\/uploads\/2024\/10\/2024-shows-fire-following-israeli-937327282.jpg?w=1920 1920w, https:\/\/www.thesun.co.uk\/wp-content\/uploads\/2024\/10\/2024-shows-fire-following-israeli-937327282.jpg?w=2480 2480w\" loading=\"lazy\" src=\"https:\/\/www.thesun.co.uk\/wp-content\/uploads\/2024\/10\/2024-shows-fire-following-israeli-937327282.jpg?strip=all&amp;w=960\" role=\"img\"\/><\/p>\n<p><span class=\"article__gallery-count-value\">18<\/span><\/p>\n<\/div><figcaption class=\"article__media-caption\"><span class=\"article__media-span\">Izraelis bombardavo Beirut\u0105 prie\u0161 prad\u0117damas invazij\u0105 \u012f Liban\u0105 pietuose<\/span><span class=\"article__credit\">Kreditas: AFP<\/span><\/figcaption><\/figure>\n<figure class=\"article__media\">\n<div class=\"article__media-img-container open-gallery\" data-index=\"4\"><img decoding=\"async\" alt=\"Izraelio artilerija per sien\u0105 ap\u0161aud\u0117 pradin\u0119 invazijos salv\u0119\" height=\"640\" width=\"960\" data-credit=\"AP\" data-img=\"https:\/\/www.thesun.co.uk\/wp-content\/uploads\/2024\/09\/israeli-mobile-artillery-unit-fires-937297560.jpg?strip=all&amp;w=960\" sizes=\"auto, (max-width: 375px) 335px, (max-width: 520px) 480px, 620px\" srcset=\"https:\/\/www.thesun.co.uk\/wp-content\/uploads\/2024\/09\/israeli-mobile-artillery-unit-fires-937297560.jpg?w=335 335w, https:\/\/www.thesun.co.uk\/wp-content\/uploads\/2024\/09\/israeli-mobile-artillery-unit-fires-937297560.jpg?w=480 480w, https:\/\/www.thesun.co.uk\/wp-content\/uploads\/2024\/09\/israeli-mobile-artillery-unit-fires-937297560.jpg?w=620 620w, https:\/\/www.thesun.co.uk\/wp-content\/uploads\/2024\/09\/israeli-mobile-artillery-unit-fires-937297560.jpg?w=670 670w, https:\/\/www.thesun.co.uk\/wp-content\/uploads\/2024\/09\/israeli-mobile-artillery-unit-fires-937297560.jpg?w=960 960w, https:\/\/www.thesun.co.uk\/wp-content\/uploads\/2024\/09\/israeli-mobile-artillery-unit-fires-937297560.jpg?w=1240 1240w, https:\/\/www.thesun.co.uk\/wp-content\/uploads\/2024\/09\/israeli-mobile-artillery-unit-fires-937297560.jpg?w=1005 1005w, https:\/\/www.thesun.co.uk\/wp-content\/uploads\/2024\/09\/israeli-mobile-artillery-unit-fires-937297560.jpg?w=1440 1440w, https:\/\/www.thesun.co.uk\/wp-content\/uploads\/2024\/09\/israeli-mobile-artillery-unit-fires-937297560.jpg?w=1860 1860w, https:\/\/www.thesun.co.uk\/wp-content\/uploads\/2024\/09\/israeli-mobile-artillery-unit-fires-937297560.jpg?w=1340 1340w, https:\/\/www.thesun.co.uk\/wp-content\/uploads\/2024\/09\/israeli-mobile-artillery-unit-fires-937297560.jpg?w=1920 1920w, https:\/\/www.thesun.co.uk\/wp-content\/uploads\/2024\/09\/israeli-mobile-artillery-unit-fires-937297560.jpg?w=2480 2480w\" loading=\"lazy\" src=\"https:\/\/www.thesun.co.uk\/wp-content\/uploads\/2024\/09\/israeli-mobile-artillery-unit-fires-937297560.jpg?strip=all&amp;w=960\" role=\"img\"\/><\/p>\n<p><span class=\"article__gallery-count-value\">18<\/span><\/p>\n<\/div><figcaption class=\"article__media-caption\"><span class=\"article__media-span\">Izraelio artilerija per sien\u0105 ap\u0161aud\u0117 pradin\u0119 invazijos salv\u0119<\/span><span class=\"article__credit\">Kreditas: AP<\/span><\/figcaption><\/figure>\n<figure class=\"article__media\">\n<div class=\"article__media-img-container open-gallery\" data-index=\"5\"><img decoding=\"async\" alt=\"Izraelio artilerijos sviediniai pirmadien\u012f pataik\u0117 \u012f teritorijas netoli kaim\u0173 piet\u0173 Libane\" height=\"640\" width=\"960\" data-credit=\"EPA\" data-img=\"https:\/\/www.thesun.co.uk\/wp-content\/uploads\/2024\/09\/2024-israels-military-stated-strengthening-937316868.jpg?strip=all&amp;w=960\" sizes=\"auto, (max-width: 375px) 335px, (max-width: 520px) 480px, 620px\" srcset=\"https:\/\/www.thesun.co.uk\/wp-content\/uploads\/2024\/09\/2024-israels-military-stated-strengthening-937316868.jpg?w=335 335w, https:\/\/www.thesun.co.uk\/wp-content\/uploads\/2024\/09\/2024-israels-military-stated-strengthening-937316868.jpg?w=480 480w, https:\/\/www.thesun.co.uk\/wp-content\/uploads\/2024\/09\/2024-israels-military-stated-strengthening-937316868.jpg?w=620 620w, https:\/\/www.thesun.co.uk\/wp-content\/uploads\/2024\/09\/2024-israels-military-stated-strengthening-937316868.jpg?w=670 670w, https:\/\/www.thesun.co.uk\/wp-content\/uploads\/2024\/09\/2024-israels-military-stated-strengthening-937316868.jpg?w=960 960w, https:\/\/www.thesun.co.uk\/wp-content\/uploads\/2024\/09\/2024-israels-military-stated-strengthening-937316868.jpg?w=1240 1240w, https:\/\/www.thesun.co.uk\/wp-content\/uploads\/2024\/09\/2024-israels-military-stated-strengthening-937316868.jpg?w=1005 1005w, https:\/\/www.thesun.co.uk\/wp-content\/uploads\/2024\/09\/2024-israels-military-stated-strengthening-937316868.jpg?w=1440 1440w, https:\/\/www.thesun.co.uk\/wp-content\/uploads\/2024\/09\/2024-israels-military-stated-strengthening-937316868.jpg?w=1860 1860w, https:\/\/www.thesun.co.uk\/wp-content\/uploads\/2024\/09\/2024-israels-military-stated-strengthening-937316868.jpg?w=1340 1340w, https:\/\/www.thesun.co.uk\/wp-content\/uploads\/2024\/09\/2024-israels-military-stated-strengthening-937316868.jpg?w=1920 1920w, https:\/\/www.thesun.co.uk\/wp-content\/uploads\/2024\/09\/2024-israels-military-stated-strengthening-937316868.jpg?w=2480 2480w\" loading=\"lazy\" src=\"https:\/\/www.thesun.co.uk\/wp-content\/uploads\/2024\/09\/2024-israels-military-stated-strengthening-937316868.jpg?strip=all&amp;w=960\" role=\"img\"\/><\/p>\n<p><span class=\"article__gallery-count-value\">18<\/span><\/p>\n<\/div><figcaption class=\"article__media-caption\"><span class=\"article__media-span\">Izraelio artilerijos sviediniai pirmadien\u012f pataik\u0117 \u012f teritorijas netoli kaim\u0173 piet\u0173 Libane<\/span><span class=\"article__credit\">Kreditas: EPA<\/span><\/figcaption><\/figure>\n<figure class=\"article__media\">\n<div class=\"article__media-img-container open-gallery\" data-index=\"6\"><img decoding=\"async\" alt=\"Izraelio naikintuvai smog\u0117 vietoms, kurias naudojo \u201eHezbollah\u201c ankstesn\u0117mis savait\u0117mis\" height=\"641\" width=\"960\" data-credit=\"Reuters\" data-img=\"https:\/\/www.thesun.co.uk\/wp-content\/uploads\/2024\/09\/israeli-fighter-jet-takes-off-934318418.jpg?strip=all&amp;w=960\" sizes=\"auto, (max-width: 375px) 335px, (max-width: 520px) 480px, 620px\" srcset=\"https:\/\/www.thesun.co.uk\/wp-content\/uploads\/2024\/09\/israeli-fighter-jet-takes-off-934318418.jpg?w=335 335w, https:\/\/www.thesun.co.uk\/wp-content\/uploads\/2024\/09\/israeli-fighter-jet-takes-off-934318418.jpg?w=480 480w, https:\/\/www.thesun.co.uk\/wp-content\/uploads\/2024\/09\/israeli-fighter-jet-takes-off-934318418.jpg?w=620 620w, https:\/\/www.thesun.co.uk\/wp-content\/uploads\/2024\/09\/israeli-fighter-jet-takes-off-934318418.jpg?w=670 670w, https:\/\/www.thesun.co.uk\/wp-content\/uploads\/2024\/09\/israeli-fighter-jet-takes-off-934318418.jpg?w=960 960w, https:\/\/www.thesun.co.uk\/wp-content\/uploads\/2024\/09\/israeli-fighter-jet-takes-off-934318418.jpg?w=1240 1240w, https:\/\/www.thesun.co.uk\/wp-content\/uploads\/2024\/09\/israeli-fighter-jet-takes-off-934318418.jpg?w=1005 1005w, https:\/\/www.thesun.co.uk\/wp-content\/uploads\/2024\/09\/israeli-fighter-jet-takes-off-934318418.jpg?w=1440 1440w, https:\/\/www.thesun.co.uk\/wp-content\/uploads\/2024\/09\/israeli-fighter-jet-takes-off-934318418.jpg?w=1860 1860w, https:\/\/www.thesun.co.uk\/wp-content\/uploads\/2024\/09\/israeli-fighter-jet-takes-off-934318418.jpg?w=1340 1340w, https:\/\/www.thesun.co.uk\/wp-content\/uploads\/2024\/09\/israeli-fighter-jet-takes-off-934318418.jpg?w=1920 1920w, https:\/\/www.thesun.co.uk\/wp-content\/uploads\/2024\/09\/israeli-fighter-jet-takes-off-934318418.jpg?w=2480 2480w\" loading=\"lazy\" src=\"https:\/\/www.thesun.co.uk\/wp-content\/uploads\/2024\/09\/israeli-fighter-jet-takes-off-934318418.jpg?strip=all&amp;w=960\" role=\"img\"\/><\/p>\n<p><span class=\"article__gallery-count-value\">18<\/span><\/p>\n<\/div><figcaption class=\"article__media-caption\"><span class=\"article__media-span\">Izraelio naikintuvai smog\u0117 vietoms, kurias naudojo \u201eHezbollah\u201c ankstesn\u0117mis savait\u0117mis<\/span><span class=\"article__credit\">Kreditas: Reuters<\/span><\/figcaption><\/figure>\n<figure class=\"article__media\">\n<div class=\"article__media-img-container open-gallery\" data-index=\"7\"><img decoding=\"async\" height=\"960\" width=\"960\" class=\"alignnone size-thesun-article-image wp-image-30775992\" data-credit=\"\" data-img=\"https:\/\/www.thesun.co.uk\/wp-content\/uploads\/2024\/10\/GM_30-09_LEBANON-INVASION_MAP.jpg?strip=all&amp;w=960\" sizes=\"auto, (max-width: 375px) 335px, (max-width: 520px) 480px, 620px\" srcset=\"https:\/\/www.thesun.co.uk\/wp-content\/uploads\/2024\/10\/GM_30-09_LEBANON-INVASION_MAP.jpg?w=335 335w, https:\/\/www.thesun.co.uk\/wp-content\/uploads\/2024\/10\/GM_30-09_LEBANON-INVASION_MAP.jpg?w=480 480w, https:\/\/www.thesun.co.uk\/wp-content\/uploads\/2024\/10\/GM_30-09_LEBANON-INVASION_MAP.jpg?w=620 620w, https:\/\/www.thesun.co.uk\/wp-content\/uploads\/2024\/10\/GM_30-09_LEBANON-INVASION_MAP.jpg?w=670 670w, https:\/\/www.thesun.co.uk\/wp-content\/uploads\/2024\/10\/GM_30-09_LEBANON-INVASION_MAP.jpg?w=960 960w, https:\/\/www.thesun.co.uk\/wp-content\/uploads\/2024\/10\/GM_30-09_LEBANON-INVASION_MAP.jpg?w=1240 1240w, https:\/\/www.thesun.co.uk\/wp-content\/uploads\/2024\/10\/GM_30-09_LEBANON-INVASION_MAP.jpg?w=1005 1005w, https:\/\/www.thesun.co.uk\/wp-content\/uploads\/2024\/10\/GM_30-09_LEBANON-INVASION_MAP.jpg?w=1440 1440w, https:\/\/www.thesun.co.uk\/wp-content\/uploads\/2024\/10\/GM_30-09_LEBANON-INVASION_MAP.jpg?w=1860 1860w, https:\/\/www.thesun.co.uk\/wp-content\/uploads\/2024\/10\/GM_30-09_LEBANON-INVASION_MAP.jpg?w=1340 1340w, https:\/\/www.thesun.co.uk\/wp-content\/uploads\/2024\/10\/GM_30-09_LEBANON-INVASION_MAP.jpg?w=1920 1920w, https:\/\/www.thesun.co.uk\/wp-content\/uploads\/2024\/10\/GM_30-09_LEBANON-INVASION_MAP.jpg?w=2480 2480w\" loading=\"lazy\" src=\"https:\/\/www.thesun.co.uk\/wp-content\/uploads\/2024\/10\/GM_30-09_LEBANON-INVASION_MAP.jpg?strip=all&amp;w=960\" role=\"img\"\/><\/p>\n<p><span class=\"article__gallery-count-value\">18<\/span><\/p>\n<\/div>\n<\/figure>\n<p>Prie\u0161 pat pirmadienio vidurnakt\u012f JK laiku paskelbtame parei\u0161kime IDF nurod\u0117, kad jos batus ant \u017eem\u0117s remia artilerija ir oro paj\u0117gos.<\/p>\n<p>Operacija \u201e\u0160iaur\u0117s str\u0117l\u0117s\u201c ji pavadino dr\u0105s\u0173 gambit\u0105 prie\u0161 Irano \u012fgaliot\u0105j\u0105 armij\u0105, kuri beveik metus lyd\u0117 raketomis \u012f Izraelio namus.<\/p>\n<p>Paj\u0117gos apib\u016bdino invazij\u0105 kaip \u201eribotus\u201c ir \u201elokalius\u201c ant\u017eeminius reidus prie\u0161 \u201eHezbollah\u201c terorist\u0173 taikinius Piet\u0173 Libane, kelian\u010dius gr\u0117sm\u0119 Izraeliui.<\/p>\n<p>IDF atskleid\u0117, kad planavimas vyksta kelis m\u0117nesius ir buvo prad\u0117tas tik gavus politini\u0173 lyderi\u0173 patvirtinim\u0105.<\/p>\n<p>Jie sak\u0117: \u201ePrie\u0161 kelias valandas IDF prad\u0117jo tikslin\u0119 ir demarkacin\u0119 sausumos operacij\u0105 piet\u0173 Libane prie\u0161 terorist\u0173 taikinius ir teroristin\u0117s organizacijos \u201eHezbollah\u201c infrastrukt\u016br\u0105\u201c.<\/p>\n<p>Izraelio armija susidurs su iki 50 000 \u201eHezbollah\u201c naikintuv\u0173, naudojan\u010di\u0173 tuneli\u0173 tinkl\u0105 su pab\u016bklais ir amunicija bei 100 000 raket\u0173, kad apsigint\u0173 nuo technologi\u0161kai pa\u017eangaus prie\u0161o.<\/p>\n<p>Daugelis sukarintos grup\u0117s kari\u0173 po kov\u0173 Sirijos pilietiniame kare yra u\u017egr\u016bdinti, ta\u010diau pastaruoju metu did\u017eioji j\u0173 vadovavimo dalis buvo panaikinta.<\/p>\n<p>Izraelis smog\u0117 Damaskui Sirijoje, surengdamas oro antskryd\u017eius prie\u0161 karin\u012f oro uost\u0105, netrukus po prane\u0161imo parei\u0161k\u0117 vietos \u017einiasklaida.<\/p>\n<p>JK suplanavo komercin\u012f skryd\u012f, kad pad\u0117t\u0173 Did\u017eiosios Britanijos pilie\u010diams ir j\u0173 \u0161eimoms pab\u0117gti i\u0161 \u0161alies \u2013 skrydis prasid\u0117s tre\u010diadien\u012f.<\/p>\n<p>Libano kariai jau atsitrauk\u0117 penkis kilometrus savo \u0161alies viduje, prane\u0161a \u201eReuters\u201c.<\/p>\n<div id=\"bc-video-6362681056112\" class=\"brightcove\"><span class=\"article__bc_video-caption\">Izraelio specialiosios paj\u0117gos \u201e\u0161turmavo \u201eHezbollah\u201c tunelius Libano viduje\u201c, o Netanyahu persp\u0117ja, kad \u201en\u0117ra niekur nepasiekiam\u0173 viet\u0173\u201c<\/span><\/div>\n<p>Atrod\u0117, kad toks \u017eingsnis rod\u0117, kad Libanas pasitraukia \u012f \u0161al\u012f, kad gal\u0117t\u0173 prasid\u0117ti pagrindini\u0173 prie\u0161\u0173 susir\u0117mimas.<\/p>\n<p>Prie\u0161 kelias valandas Izraelis pasienyje \u012fved\u0117 karin\u0119 draud\u017eiam\u0105j\u0105 zon\u0105 ir u\u017edraud\u0117 civiliams \u012f j\u0105 patekti. <\/p>\n<p>Netrukus po to, kai kurios Piet\u0173 Libano dalys buvo ap\u0161audytos nuo tank\u0173 ir artilerijos ugnies.<\/p>\n<p>Ruo\u0161damasis sm\u016bgiui, Izraelis prie savo \u0161iaurin\u0117s sienos su Libanu sub\u016br\u0117 tankus, kareivius ir 13 000 rezervist\u0173.<\/p>\n<figure class=\"article__media\">\n<div class=\"article__media-img-container open-gallery\" data-index=\"8\"><img decoding=\"async\" alt=\"IDF invazijai ruo\u0161\u0117si kelis m\u0117nesius, sakoma parei\u0161kime\" height=\"640\" width=\"960\" data-credit=\"Getty\" data-img=\"https:\/\/www.thesun.co.uk\/wp-content\/uploads\/2024\/09\/2024-northern-israel-israel-hezbollahs-936118569.jpg?strip=all&amp;w=960\" sizes=\"auto, (max-width: 375px) 335px, (max-width: 520px) 480px, 620px\" srcset=\"https:\/\/www.thesun.co.uk\/wp-content\/uploads\/2024\/09\/2024-northern-israel-israel-hezbollahs-936118569.jpg?w=335 335w, https:\/\/www.thesun.co.uk\/wp-content\/uploads\/2024\/09\/2024-northern-israel-israel-hezbollahs-936118569.jpg?w=480 480w, https:\/\/www.thesun.co.uk\/wp-content\/uploads\/2024\/09\/2024-northern-israel-israel-hezbollahs-936118569.jpg?w=620 620w, https:\/\/www.thesun.co.uk\/wp-content\/uploads\/2024\/09\/2024-northern-israel-israel-hezbollahs-936118569.jpg?w=670 670w, https:\/\/www.thesun.co.uk\/wp-content\/uploads\/2024\/09\/2024-northern-israel-israel-hezbollahs-936118569.jpg?w=960 960w, https:\/\/www.thesun.co.uk\/wp-content\/uploads\/2024\/09\/2024-northern-israel-israel-hezbollahs-936118569.jpg?w=1240 1240w, https:\/\/www.thesun.co.uk\/wp-content\/uploads\/2024\/09\/2024-northern-israel-israel-hezbollahs-936118569.jpg?w=1005 1005w, https:\/\/www.thesun.co.uk\/wp-content\/uploads\/2024\/09\/2024-northern-israel-israel-hezbollahs-936118569.jpg?w=1440 1440w, https:\/\/www.thesun.co.uk\/wp-content\/uploads\/2024\/09\/2024-northern-israel-israel-hezbollahs-936118569.jpg?w=1860 1860w, https:\/\/www.thesun.co.uk\/wp-content\/uploads\/2024\/09\/2024-northern-israel-israel-hezbollahs-936118569.jpg?w=1340 1340w, https:\/\/www.thesun.co.uk\/wp-content\/uploads\/2024\/09\/2024-northern-israel-israel-hezbollahs-936118569.jpg?w=1920 1920w, https:\/\/www.thesun.co.uk\/wp-content\/uploads\/2024\/09\/2024-northern-israel-israel-hezbollahs-936118569.jpg?w=2480 2480w\" loading=\"lazy\" src=\"https:\/\/www.thesun.co.uk\/wp-content\/uploads\/2024\/09\/2024-northern-israel-israel-hezbollahs-936118569.jpg?strip=all&amp;w=960\" role=\"img\"\/><\/p>\n<p><span class=\"article__gallery-count-value\">18<\/span><\/p>\n<\/div><figcaption class=\"article__media-caption\"><span class=\"article__media-span\">IDF invazijai ruo\u0161\u0117si m\u0117nesius, sakoma parei\u0161kime<\/span><span class=\"article__credit\">Kreditas: Getty<\/span><\/figcaption><\/figure>\n<figure class=\"article__media\">\n<div class=\"article__media-img-container\" data-index=\"8\"><img decoding=\"async\" class=\"alignnone wp-image-30679434\" data-credit=\"\" data-img=\"https:\/\/www.thesun.co.uk\/wp-content\/uploads\/2024\/09\/AP-26-09-Hezbollah-Attacks.jpg?strip=all&amp;w=960\" sizes=\"(max-width: 375px) 335px, (max-width: 520px) 480px, 620px\" srcset=\"https:\/\/www.thesun.co.uk\/wp-content\/uploads\/2024\/09\/AP-26-09-Hezbollah-Attacks.jpg?w=335 335w, https:\/\/www.thesun.co.uk\/wp-content\/uploads\/2024\/09\/AP-26-09-Hezbollah-Attacks.jpg?w=480 480w, https:\/\/www.thesun.co.uk\/wp-content\/uploads\/2024\/09\/AP-26-09-Hezbollah-Attacks.jpg?w=620 620w, https:\/\/www.thesun.co.uk\/wp-content\/uploads\/2024\/09\/AP-26-09-Hezbollah-Attacks.jpg?w=670 670w, https:\/\/www.thesun.co.uk\/wp-content\/uploads\/2024\/09\/AP-26-09-Hezbollah-Attacks.jpg?w=960 960w, https:\/\/www.thesun.co.uk\/wp-content\/uploads\/2024\/09\/AP-26-09-Hezbollah-Attacks.jpg?w=1240 1240w, https:\/\/www.thesun.co.uk\/wp-content\/uploads\/2024\/09\/AP-26-09-Hezbollah-Attacks.jpg?w=1005 1005w, https:\/\/www.thesun.co.uk\/wp-content\/uploads\/2024\/09\/AP-26-09-Hezbollah-Attacks.jpg?w=1440 1440w, https:\/\/www.thesun.co.uk\/wp-content\/uploads\/2024\/09\/AP-26-09-Hezbollah-Attacks.jpg?w=1860 1860w, https:\/\/www.thesun.co.uk\/wp-content\/uploads\/2024\/09\/AP-26-09-Hezbollah-Attacks.jpg?w=1340 1340w, https:\/\/www.thesun.co.uk\/wp-content\/uploads\/2024\/09\/AP-26-09-Hezbollah-Attacks.jpg?w=1920 1920w, https:\/\/www.thesun.co.uk\/wp-content\/uploads\/2024\/09\/AP-26-09-Hezbollah-Attacks.jpg?w=2480 2480w\" loading=\"lazy\" src=\"https:\/\/www.thesun.co.uk\/wp-content\/uploads\/2024\/09\/AP-26-09-Hezbollah-Attacks.jpg?strip=all&amp;w=960\" role=\"img\"\/><\/div>\n<\/figure>\n<p>\u012esiver\u017eimas \u012fvyko pra\u0117jus 11 m\u0117nesi\u0173 po spalio 7 d. \u012fvykdyto \u201eHamas\u201c teroro i\u0161puolio, per kur\u012f Izraelyje \u017euvo 1 200 \u017emoni\u0173.<\/p>\n<p>Vakar\u0173 s\u0105jungininkai per pastar\u0105sias kelias dienas steng\u0117si sudaryti laikin\u0105sias paliaubas tarp teroristin\u0117s grupuot\u0117s \u201eHizbollah\u201c ir Izraelio, vadindami smurto eskalavim\u0105 \u201enetoleruotinu\u201c.<\/p>\n<p>Ta\u010diau ministras pirmininkas Benjaminas Netanyahu j\u012f atmet\u0117 ir pa\u017ead\u0117jo \u201evisomis j\u0117gomis\u201c susilpninti \u201eHezbollah\u201c.<\/p>\n<p>Izraelio gynybos paj\u0117gos (IDF) pa\u017ead\u0117jo kovoti su Irano remiama sukarinta grupe \u201eiki pergal\u0117s\u201c.<\/p>\n<p>Izraelio gynybos ministras Yoavas Gallantas prie \u0161iaurin\u0117s \u0161alies sienos dislokuotiems kariams sak\u0117: \u201eNaudosime visas paj\u0117gas i\u0161 oro, j\u016bros ir sausumos\u201c.<\/p>\n<p>\u201eHezbollah\u201c vado pavaduotojas Naimas Qassemas \u0161iandien tvirtino, kad terorist\u0173 grupuot\u0117 yra pasirengusi bet kokiai Izraelio sausumos puolimui.<\/p>\n<p>Jis pa\u017ead\u0117jo, kad \u201eHezbollah\u201c t\u0119s savo misij\u0105 prie\u0161 Izrael\u012f, nepaisant to, kad buvo prarastas jos lyderis ir kiti auk\u0161\u010diausio lygio atstovai.<\/p>\n<p>Qassemas sak\u0117: \u201eN\u0117 centimetro nenukrypsime nuo savo pozicijos remdami Gaz\u0105 ir Palestin\u0105 bei gindami Liban\u0105 ir jo \u017emones.<\/p>\n<figure class=\"article__media\">\n<div class=\"article__media-img-container open-gallery\" data-index=\"9\"><img decoding=\"async\" alt=\"Netanyahu \u0161iandien savo kalboje grasino Iranui ir jo \u012fgaliotiniams\" height=\"513\" width=\"960\" data-credit=\"X\/ @netanyahu\" data-img=\"https:\/\/www.thesun.co.uk\/wp-content\/uploads\/2024\/09\/Bibi1.png?strip=all&amp;w=960\" sizes=\"auto, (max-width: 375px) 335px, (max-width: 520px) 480px, 620px\" srcset=\"https:\/\/www.thesun.co.uk\/wp-content\/uploads\/2024\/09\/Bibi1.png?w=335 335w, https:\/\/www.thesun.co.uk\/wp-content\/uploads\/2024\/09\/Bibi1.png?w=480 480w, https:\/\/www.thesun.co.uk\/wp-content\/uploads\/2024\/09\/Bibi1.png?w=620 620w, https:\/\/www.thesun.co.uk\/wp-content\/uploads\/2024\/09\/Bibi1.png?w=670 670w, https:\/\/www.thesun.co.uk\/wp-content\/uploads\/2024\/09\/Bibi1.png?w=960 960w, https:\/\/www.thesun.co.uk\/wp-content\/uploads\/2024\/09\/Bibi1.png?w=1240 1240w, https:\/\/www.thesun.co.uk\/wp-content\/uploads\/2024\/09\/Bibi1.png?w=1005 1005w, https:\/\/www.thesun.co.uk\/wp-content\/uploads\/2024\/09\/Bibi1.png?w=1440 1440w, https:\/\/www.thesun.co.uk\/wp-content\/uploads\/2024\/09\/Bibi1.png?w=1860 1860w, https:\/\/www.thesun.co.uk\/wp-content\/uploads\/2024\/09\/Bibi1.png?w=1340 1340w, https:\/\/www.thesun.co.uk\/wp-content\/uploads\/2024\/09\/Bibi1.png?w=1920 1920w, https:\/\/www.thesun.co.uk\/wp-content\/uploads\/2024\/09\/Bibi1.png?w=2480 2480w\" loading=\"lazy\" src=\"https:\/\/www.thesun.co.uk\/wp-content\/uploads\/2024\/09\/Bibi1.png?strip=all&amp;w=960\" role=\"img\"\/><\/p>\n<p><span class=\"article__gallery-count-value\">18<\/span><\/p>\n<\/div><figcaption class=\"article__media-caption\"><span class=\"article__media-span\">Netanyahu \u0161iandien savo kalboje grasino Iranui ir jo \u012fgaliotiniams<\/span><span class=\"article__credit\">Kreditas: X\/ @netanyahu<\/span><\/figcaption><\/figure>\n<figure class=\"article__media\">\n<div class=\"article__media-img-container open-gallery\" data-index=\"10\"><img decoding=\"async\" alt=\"Jis sak\u0117, kad Artimuosiuose Rytuose Izraelio prie\u0161ai n\u0117ra kur pasisl\u0117pti\" height=\"509\" width=\"960\" data-credit=\"\" data-img=\"https:\/\/www.thesun.co.uk\/wp-content\/uploads\/2024\/09\/Bibi2.png?strip=all&amp;w=960\" sizes=\"auto, (max-width: 375px) 335px, (max-width: 520px) 480px, 620px\" srcset=\"https:\/\/www.thesun.co.uk\/wp-content\/uploads\/2024\/09\/Bibi2.png?w=335 335w, https:\/\/www.thesun.co.uk\/wp-content\/uploads\/2024\/09\/Bibi2.png?w=480 480w, https:\/\/www.thesun.co.uk\/wp-content\/uploads\/2024\/09\/Bibi2.png?w=620 620w, https:\/\/www.thesun.co.uk\/wp-content\/uploads\/2024\/09\/Bibi2.png?w=670 670w, https:\/\/www.thesun.co.uk\/wp-content\/uploads\/2024\/09\/Bibi2.png?w=960 960w, https:\/\/www.thesun.co.uk\/wp-content\/uploads\/2024\/09\/Bibi2.png?w=1240 1240w, https:\/\/www.thesun.co.uk\/wp-content\/uploads\/2024\/09\/Bibi2.png?w=1005 1005w, https:\/\/www.thesun.co.uk\/wp-content\/uploads\/2024\/09\/Bibi2.png?w=1440 1440w, https:\/\/www.thesun.co.uk\/wp-content\/uploads\/2024\/09\/Bibi2.png?w=1860 1860w, https:\/\/www.thesun.co.uk\/wp-content\/uploads\/2024\/09\/Bibi2.png?w=1340 1340w, https:\/\/www.thesun.co.uk\/wp-content\/uploads\/2024\/09\/Bibi2.png?w=1920 1920w, https:\/\/www.thesun.co.uk\/wp-content\/uploads\/2024\/09\/Bibi2.png?w=2480 2480w\" loading=\"lazy\" src=\"https:\/\/www.thesun.co.uk\/wp-content\/uploads\/2024\/09\/Bibi2.png?strip=all&amp;w=960\" role=\"img\"\/><\/p>\n<p><span class=\"article__gallery-count-value\">18<\/span><\/p>\n<\/div><figcaption class=\"article__media-caption\"><span class=\"article__media-span\">Jis sak\u0117, kad Artimuosiuose Rytuose Izraelio prie\u0161ai n\u0117ra kur pasisl\u0117pti<\/span><\/figcaption><\/figure>\n<p>\u201e\u017dinome, kad m\u016b\u0161is yra ilgas ir mums atviros galimyb\u0117s, ir esame pasiruo\u0161\u0119, kad prie\u0161as \u012feit\u0173 sausuma, nes pasiprie\u0161inimo paj\u0117gos yra pasirengusios susidurti su \u017eeme.<\/p>\n<p>Qassemas kalb\u0117jo po to, kai dvi savaites truk\u0119 intensyv\u016bs antskryd\u017eiai penktadienio vakar\u0105 sunaikino Hezbollah vadovyb\u0119 per virtin\u0119 \u017emog\u017eudys\u010di\u0173, \u012fskaitant jos lyder\u012f Hassan\u0105 Nasrallah.<\/p>\n<p>Izraelis taip pat \u0161iandien t\u0119s\u0117 savo negailesting\u0105 pastang\u0105 nukirsti teroristini\u0173 grupuo\u010di\u0173 galv\u0105 ir \u012fvykd\u0117 daugiau \u017emog\u017eudys\u010di\u0173 po Hamas boso Libane ir Hezbollah vado mirties.<\/p>\n<p>Invazija \u017eymi pastar\u0173j\u0173 savai\u010di\u0173 intensyv\u0117jan\u010di\u0173 kov\u0173 kulminacij\u0105, Izraeliui per\u0117jus \u012f \u201enauj\u0105 karo etap\u0105\u201c.<\/p>\n<p>Anks\u010diau \u0161\u012f m\u0117nes\u012f ji prid\u0117jo nauj\u0105 karo tiksl\u0105, pa\u017ead\u0117dama gr\u0105\u017einti visus evakuotus \u0161alies \u0161iaur\u0117je esan\u010dius pilie\u010dius atgal \u012f savo namus.<\/p>\n<p>Nuo spalio 7 dienos per sien\u0105 paleistos \u201eHezbollah\u201c raketos pra\u017eud\u0117 beveik 30 civili\u0173 ir 20 kari\u0173, o dar 80 000 izraelie\u010di\u0173 buvo priversti palikti savo namus.<\/p>\n<figure class=\"article__media\">\n<div class=\"article__media-img-container open-gallery\" data-index=\"11\"><img decoding=\"async\" alt=\"Tankai ir \u0161arvuo\u010diai prie Libano sienos prie\u0161 invazij\u0105\" height=\"514\" width=\"960\" data-credit=\"Dan Charity\" data-img=\"https:\/\/www.thesun.co.uk\/wp-content\/uploads\/2024\/10\/tanks-armoured-personnel-carriers-amassing-937249852.jpg?strip=all&amp;w=960\" sizes=\"auto, (max-width: 375px) 335px, (max-width: 520px) 480px, 620px\" srcset=\"https:\/\/www.thesun.co.uk\/wp-content\/uploads\/2024\/10\/tanks-armoured-personnel-carriers-amassing-937249852.jpg?w=335 335w, https:\/\/www.thesun.co.uk\/wp-content\/uploads\/2024\/10\/tanks-armoured-personnel-carriers-amassing-937249852.jpg?w=480 480w, https:\/\/www.thesun.co.uk\/wp-content\/uploads\/2024\/10\/tanks-armoured-personnel-carriers-amassing-937249852.jpg?w=620 620w, https:\/\/www.thesun.co.uk\/wp-content\/uploads\/2024\/10\/tanks-armoured-personnel-carriers-amassing-937249852.jpg?w=670 670w, https:\/\/www.thesun.co.uk\/wp-content\/uploads\/2024\/10\/tanks-armoured-personnel-carriers-amassing-937249852.jpg?w=960 960w, https:\/\/www.thesun.co.uk\/wp-content\/uploads\/2024\/10\/tanks-armoured-personnel-carriers-amassing-937249852.jpg?w=1240 1240w, https:\/\/www.thesun.co.uk\/wp-content\/uploads\/2024\/10\/tanks-armoured-personnel-carriers-amassing-937249852.jpg?w=1005 1005w, https:\/\/www.thesun.co.uk\/wp-content\/uploads\/2024\/10\/tanks-armoured-personnel-carriers-amassing-937249852.jpg?w=1440 1440w, https:\/\/www.thesun.co.uk\/wp-content\/uploads\/2024\/10\/tanks-armoured-personnel-carriers-amassing-937249852.jpg?w=1860 1860w, https:\/\/www.thesun.co.uk\/wp-content\/uploads\/2024\/10\/tanks-armoured-personnel-carriers-amassing-937249852.jpg?w=1340 1340w, https:\/\/www.thesun.co.uk\/wp-content\/uploads\/2024\/10\/tanks-armoured-personnel-carriers-amassing-937249852.jpg?w=1920 1920w, https:\/\/www.thesun.co.uk\/wp-content\/uploads\/2024\/10\/tanks-armoured-personnel-carriers-amassing-937249852.jpg?w=2480 2480w\" loading=\"lazy\" src=\"https:\/\/www.thesun.co.uk\/wp-content\/uploads\/2024\/10\/tanks-armoured-personnel-carriers-amassing-937249852.jpg?strip=all&amp;w=960\" role=\"img\"\/><\/p>\n<p><span class=\"article__gallery-count-value\">18<\/span><\/p>\n<\/div><figcaption class=\"article__media-caption\"><span class=\"article__media-span\">Tankai ir \u0161arvuo\u010diai prie Libano sienos prie\u0161 invazij\u0105<\/span><span class=\"article__credit\">Kreditas: Dan Charity<\/span><\/figcaption><\/figure>\n<figure class=\"article__media\">\n<div class=\"article__media-img-container open-gallery\" data-index=\"12\"><img decoding=\"async\" alt=\"Po streik\u0173 vir\u0161 pietini\u0173 Beiruto priemies\u010di\u0173 kyla d\u016bm\u0173\" height=\"629\" width=\"960\" data-credit=\"Reuters\" data-img=\"https:\/\/www.thesun.co.uk\/wp-content\/uploads\/2024\/09\/smoke-rises-beiruts-southern-suburbs-937323270.jpg?strip=all&amp;w=960\" sizes=\"auto, (max-width: 375px) 335px, (max-width: 520px) 480px, 620px\" srcset=\"https:\/\/www.thesun.co.uk\/wp-content\/uploads\/2024\/09\/smoke-rises-beiruts-southern-suburbs-937323270.jpg?w=335 335w, https:\/\/www.thesun.co.uk\/wp-content\/uploads\/2024\/09\/smoke-rises-beiruts-southern-suburbs-937323270.jpg?w=480 480w, https:\/\/www.thesun.co.uk\/wp-content\/uploads\/2024\/09\/smoke-rises-beiruts-southern-suburbs-937323270.jpg?w=620 620w, https:\/\/www.thesun.co.uk\/wp-content\/uploads\/2024\/09\/smoke-rises-beiruts-southern-suburbs-937323270.jpg?w=670 670w, https:\/\/www.thesun.co.uk\/wp-content\/uploads\/2024\/09\/smoke-rises-beiruts-southern-suburbs-937323270.jpg?w=960 960w, https:\/\/www.thesun.co.uk\/wp-content\/uploads\/2024\/09\/smoke-rises-beiruts-southern-suburbs-937323270.jpg?w=1240 1240w, https:\/\/www.thesun.co.uk\/wp-content\/uploads\/2024\/09\/smoke-rises-beiruts-southern-suburbs-937323270.jpg?w=1005 1005w, https:\/\/www.thesun.co.uk\/wp-content\/uploads\/2024\/09\/smoke-rises-beiruts-southern-suburbs-937323270.jpg?w=1440 1440w, https:\/\/www.thesun.co.uk\/wp-content\/uploads\/2024\/09\/smoke-rises-beiruts-southern-suburbs-937323270.jpg?w=1860 1860w, https:\/\/www.thesun.co.uk\/wp-content\/uploads\/2024\/09\/smoke-rises-beiruts-southern-suburbs-937323270.jpg?w=1340 1340w, https:\/\/www.thesun.co.uk\/wp-content\/uploads\/2024\/09\/smoke-rises-beiruts-southern-suburbs-937323270.jpg?w=1920 1920w, https:\/\/www.thesun.co.uk\/wp-content\/uploads\/2024\/09\/smoke-rises-beiruts-southern-suburbs-937323270.jpg?w=2480 2480w\" loading=\"lazy\" src=\"https:\/\/www.thesun.co.uk\/wp-content\/uploads\/2024\/09\/smoke-rises-beiruts-southern-suburbs-937323270.jpg?strip=all&amp;w=960\" role=\"img\"\/><\/p>\n<p><span class=\"article__gallery-count-value\">18<\/span><\/p>\n<\/div><figcaption class=\"article__media-caption\"><span class=\"article__media-span\">Po streik\u0173 vir\u0161 pietini\u0173 Beiruto priemies\u010di\u0173 kyla d\u016bm\u0173<\/span><span class=\"article__credit\">Kreditas: Reuters<\/span><\/figcaption><\/figure>\n<p>Libane per pastar\u0105sias savaites Izraelio aviacijos kampanija ruo\u0161iantis atakai privert\u0117 milijon\u0105 \u017emoni\u0173 perkelti savo namus, o \u0161imtai \u017euvo per antskryd\u017eius.<\/p>\n<p>Vienas buv\u0119s \u201eMossad\u201c \u0161nipas anks\u010diau \u201eThe Sun Israel\u201c sak\u0117, kad Libano pietuose sukurs \u201ebeeiti\u201c buferin\u0119 \u201emirties zon\u0105\u201c, kurioje niekas negyvens.<\/p>\n<p>Pra\u0117jusi\u0105 savait\u0119 Izraelis i\u0161kviet\u0117 atsargas, papildydamas dar 10 000 kari\u0173 prie jau ten esan\u010di\u0173 kari\u0173.<\/p>\n<p>Pastarosiomis dienomis pasienio link taip pat buvo gabenami tankai ir kariniai sunkve\u017eimiai. <\/p>\n<p>IDF \u0161tabo vir\u0161ininkas generolas leitenantas Herzi Halevi anks\u010diau pasakojo kariams, koks buvo j\u0173 invazijos tikslas.<\/p>\n<p>Jis pasak\u0117: \u201e\u012eeisite, sunaikinsite ten esant\u012f prie\u0161\u0105 ir ry\u017etingai sunaikinsite j\u0173 infrastrukt\u016br\u0105.<\/p>\n<figure class=\"article__media\">\n<div class=\"article__media-img-container open-gallery\" data-index=\"13\"><img decoding=\"async\" alt=\"\u201eHezbollah\u201c vado pavaduotojas Naimas Qassemas sak\u0117, kad teroristin\u0117 grupuot\u0117 yra \u201epasirengusi\u201c karui.\" height=\"546\" width=\"960\" data-credit=\"AFP\" data-img=\"https:\/\/www.thesun.co.uk\/wp-content\/uploads\/2024\/09\/image_19e113.jpeg?strip=all&amp;w=960\" sizes=\"auto, (max-width: 375px) 335px, (max-width: 520px) 480px, 620px\" srcset=\"https:\/\/www.thesun.co.uk\/wp-content\/uploads\/2024\/09\/image_19e113.jpeg?w=335 335w, https:\/\/www.thesun.co.uk\/wp-content\/uploads\/2024\/09\/image_19e113.jpeg?w=480 480w, https:\/\/www.thesun.co.uk\/wp-content\/uploads\/2024\/09\/image_19e113.jpeg?w=620 620w, https:\/\/www.thesun.co.uk\/wp-content\/uploads\/2024\/09\/image_19e113.jpeg?w=670 670w, https:\/\/www.thesun.co.uk\/wp-content\/uploads\/2024\/09\/image_19e113.jpeg?w=960 960w, https:\/\/www.thesun.co.uk\/wp-content\/uploads\/2024\/09\/image_19e113.jpeg?w=1240 1240w, https:\/\/www.thesun.co.uk\/wp-content\/uploads\/2024\/09\/image_19e113.jpeg?w=1005 1005w, https:\/\/www.thesun.co.uk\/wp-content\/uploads\/2024\/09\/image_19e113.jpeg?w=1440 1440w, https:\/\/www.thesun.co.uk\/wp-content\/uploads\/2024\/09\/image_19e113.jpeg?w=1860 1860w, https:\/\/www.thesun.co.uk\/wp-content\/uploads\/2024\/09\/image_19e113.jpeg?w=1340 1340w, https:\/\/www.thesun.co.uk\/wp-content\/uploads\/2024\/09\/image_19e113.jpeg?w=1920 1920w, https:\/\/www.thesun.co.uk\/wp-content\/uploads\/2024\/09\/image_19e113.jpeg?w=2480 2480w\" loading=\"lazy\" src=\"https:\/\/www.thesun.co.uk\/wp-content\/uploads\/2024\/09\/image_19e113.jpeg?strip=all&amp;w=960\" role=\"img\"\/><\/p>\n<p><span class=\"article__gallery-count-value\">18<\/span><\/p>\n<\/div><figcaption class=\"article__media-caption\"><span class=\"article__media-span\">\u201eHezbollah\u201c vado pavaduotojas Naimas Qassemas \u0161iandien parei\u0161k\u0117, kad teroristin\u0117 grupuot\u0117 yra \u201epasirengusi\u201c karui<\/span><span class=\"article__credit\">Kreditas: AFP<\/span><\/figcaption><\/figure>\n<figure class=\"article__media\">\n<div class=\"article__media-img-container open-gallery\" data-index=\"14\"><img decoding=\"async\" alt=\"Izraelis invazij\u0105 pavadino operacija \u201e\u0160iaur\u0117s str\u0117l\u0117s\u201c.\" height=\"640\" width=\"960\" data-credit=\"Getty\" data-img=\"https:\/\/www.thesun.co.uk\/wp-content\/uploads\/2024\/09\/2024-amid-israels-escalating-campaign-937297389.jpg?strip=all&amp;w=960\" sizes=\"auto, (max-width: 375px) 335px, (max-width: 520px) 480px, 620px\" srcset=\"https:\/\/www.thesun.co.uk\/wp-content\/uploads\/2024\/09\/2024-amid-israels-escalating-campaign-937297389.jpg?w=335 335w, https:\/\/www.thesun.co.uk\/wp-content\/uploads\/2024\/09\/2024-amid-israels-escalating-campaign-937297389.jpg?w=480 480w, https:\/\/www.thesun.co.uk\/wp-content\/uploads\/2024\/09\/2024-amid-israels-escalating-campaign-937297389.jpg?w=620 620w, https:\/\/www.thesun.co.uk\/wp-content\/uploads\/2024\/09\/2024-amid-israels-escalating-campaign-937297389.jpg?w=670 670w, https:\/\/www.thesun.co.uk\/wp-content\/uploads\/2024\/09\/2024-amid-israels-escalating-campaign-937297389.jpg?w=960 960w, https:\/\/www.thesun.co.uk\/wp-content\/uploads\/2024\/09\/2024-amid-israels-escalating-campaign-937297389.jpg?w=1240 1240w, https:\/\/www.thesun.co.uk\/wp-content\/uploads\/2024\/09\/2024-amid-israels-escalating-campaign-937297389.jpg?w=1005 1005w, https:\/\/www.thesun.co.uk\/wp-content\/uploads\/2024\/09\/2024-amid-israels-escalating-campaign-937297389.jpg?w=1440 1440w, https:\/\/www.thesun.co.uk\/wp-content\/uploads\/2024\/09\/2024-amid-israels-escalating-campaign-937297389.jpg?w=1860 1860w, https:\/\/www.thesun.co.uk\/wp-content\/uploads\/2024\/09\/2024-amid-israels-escalating-campaign-937297389.jpg?w=1340 1340w, https:\/\/www.thesun.co.uk\/wp-content\/uploads\/2024\/09\/2024-amid-israels-escalating-campaign-937297389.jpg?w=1920 1920w, https:\/\/www.thesun.co.uk\/wp-content\/uploads\/2024\/09\/2024-amid-israels-escalating-campaign-937297389.jpg?w=2480 2480w\" loading=\"lazy\" src=\"https:\/\/www.thesun.co.uk\/wp-content\/uploads\/2024\/09\/2024-amid-israels-escalating-campaign-937297389.jpg?strip=all&amp;w=960\" role=\"img\"\/><\/p>\n<p><span class=\"article__gallery-count-value\">18<\/span><\/p>\n<\/div><figcaption class=\"article__media-caption\"><span class=\"article__media-span\">Izraelis invazij\u0105 pavadino operacija \u201e\u0160iaur\u0117s str\u0117l\u0117s\u201c.<\/span><span class=\"article__credit\">Kreditas: Getty<\/span><\/figcaption><\/figure>\n<p>\u201eTai yra dalykai, kurie v\u0117liau leis mums saugiai gr\u0105\u017einti \u0161iaur\u0117s gyventojus\u201c.<\/p>\n<p>JK ir JAV pareig\u016bnai paragino savo pilie\u010dius kuo grei\u010diau pab\u0117gti i\u0161 \u0161alies. <\/p>\n<p>Ministras pirmininkas seras Keiras Starmeris vos prie\u0161 kelias dienas pasak\u0117: \u201eTa\u010diau svarbu, kad b\u016btume tikrai ai\u0161k\u016bs: dabar laikas i\u0161vykti\u201c.<\/p>\n<p>\u0160imtai brit\u0173 kari\u0173 buvo dislokuoti Kipre, jei jiems prireikt\u0173 evakuoti 10 000 brit\u0173 i\u0161 Libano per operacij\u0105, pavadint\u0105 Meteoric. <\/p>\n<p>Teigiama, kad Iranas ypa\u010d pad\u0117jo sustiprinti \u201eHezbollah\u201c arsenal\u0105 tiekdamas lengvuosius ginklus, prie\u0161tankines raketas ir tolimojo nuotolio nevaldomas raketas. <\/p>\n<div class=\"article-boxout\">\n<p><h3 class=\"article-boxout__headline t-s-border-color\">\u201eHezbollah\u201c destruktyvaus pasirengimo de\u0161imtmetis<\/h3>\n<\/p>\n<div class=\"article-boxout__content theme__background-color-rgba-20\">\n<div class=\"article-boxout__content-img\"><img decoding=\"async\" class=\"lazyload\" alt=\"\" src=\"https:\/\/www.thesun.co.uk\/wp-content\/uploads\/2024\/10\/apuklni6_MIDEAST_LEB_004GK-jpg-JS2359585.jpg?strip=all&amp;quality=100&amp;w=620&amp;h=413&amp;crop=1\"\/><\/div>\n<div>\n<p><strong>U\u017esienio naujien\u0173 reporter\u0117 Juliana Cruz Lima<\/strong><\/p>\n<p>Po 2006 m. Libano karo, kuriame Izraelis ir \u201eHezbollah\u201c kovojo iki kruvinos aklaviet\u0117s, teroro grup\u0117 prad\u0117jo ruo\u0161tis kitam konfliktui.<\/p>\n<p>Jie suk\u016br\u0117 did\u017eiul\u012f po\u017eemin\u012f tinkl\u0105 visoje piet\u0173 Libane.<\/p>\n<p>To karo pamokos, kai ma\u017ei, mobil\u016bs \u201eHezbollah\u201c padaliniai sugeb\u0117jo nustebinti ir kartais \u012fveikti Izraelio paj\u0117gas, nuo tada buvo \u012ftrauktos \u012f jos karin\u0119 doktrin\u0105.<\/p>\n<p>Tuneliai dabar yra pagrindin\u0117 \u0161ios strategijos dalis, leid\u017eianti \u201eHezbollah\u201c atkartoti sukil\u0117li\u0173 taktik\u0105 visame pasaulyje: greitai smogti, dingti ir panaudoti prie\u0161o dyd\u012f bei j\u0117g\u0105 prie\u0161 juos.<\/p>\n<p>Kai kurie i\u0161 \u0161i\u0173 tuneli\u0173 driekiasi \u012f Izraelio teritorij\u0105, suprojektuoti palengvinti netik\u0117tus reidus giliai \u0161iaur\u0117s Izraelio viduje.<\/p>\n<p>2018 m. IDF prad\u0117jo operacij\u0105 \u201e\u0160iaurinis skydas\u201c \u2013 m\u0117nesius trunkan\u010di\u0105 misij\u0105, skirt\u0105 aptikti ir sunaikinti \u201eHezbollah\u201c tarpvalstybinius tunelius.<\/p>\n<p>\u0160i\u0173 tuneli\u0173 atradimas \u2013 kai kurie sutvirtinti betonu ir driekiasi de\u0161imtis metr\u0173 po \u017eeme \u2013 atskleid\u0117, kokie pa\u017eang\u016bs buvo \u201eHezbollah\u201c paj\u0117gumai.<\/p>\n<p>Pra\u0117jus\u012f m\u0117nes\u012f \u201eHezbollah\u201c atskleid\u0117 savo pasl\u0117pt\u0105 teroro tuneli\u0173 tinkl\u0105, i\u0161 kurio galima paleisti raketas, kelian\u010di\u0105 siaubing\u0105 gr\u0117sm\u0119 Izraeliui.<\/p>\n<p>Libano terorist\u0173 paskelbtas krauj\u0105 stingdantis vaizdo \u012fra\u0161as atskleid\u0117 mil\u017eini\u0161kus po\u017eeminius kelius, kuriuose yra pakankamai vietos sunkve\u017eimiams gabenti mirtinus ginklus.<\/p>\n<p>Lyderi\u0173 ir kari\u0173 plakatai puo\u0161ia auk\u0161tas akmenines sienas, kai sunkiai ginkluoti vyrai motociklais lekia per \u201eraket\u0173 miest\u0105\u201c.<\/p>\n<p>Sunkve\u017eimiai, prikrauti mil\u017eini\u0161k\u0173 raket\u0173, prasiskverbia tamsiais keliais, bauginan\u010diu \u017evilgsniu \u012f terorist\u0173 arsenal\u0105.<\/p>\n<p>Bepilo\u010di\u0173 orlaivi\u0173 filmuota med\u017eiaga rodo, regis, nesibaigiant\u012f teroro labirint\u0105, kuriame, atrodo, taip pat yra karin\u0117s technologijos ir kompiuteriai.<\/p>\n<p>Teroro tuneliuose Hezbollah kovotojai gali jud\u0117ti nepastebimai, laikyti ginklus ir kelti pasal\u0105, sukurdami pavojing\u0105 kat\u0117s ir pel\u0117s \u017eaidim\u0105 su IDF.<\/p>\n<p>Jie taip pat gali persikelti \u012f daug didesn\u012f bunkeri\u0173, raket\u0173 silos\u0173 ir valdymo centr\u0173 tinkl\u0105, giliai \u012fterpt\u0105 \u012f civilines teritorijas.<\/p>\n<p>\u0160ie tuneliai, galintys driektis mylias, jungia svarbias pozicijas, leid\u017eiantys \u201eHezbollah\u201c kovotojams i\u0161kilti, smogti ir dingti atgal po \u017eeme, Izraeliui nesp\u0117jus atsakyti.<\/p>\n<p>Prane\u0161imai taip pat rodo, kad \u201eHezbollah\u201c pastarosiomis savait\u0117mis ple\u010dia savo tuneli\u0173 tinkl\u0105 piet\u0173 Libane. <\/p>\n<\/div>\n<\/div>\n<\/div>\n<figure class=\"article__media\">\n<div class=\"article__media-img-container open-gallery\" data-index=\"15\"><img decoding=\"async\" alt=\"Izraelis penktadien\u012f nu\u017eud\u0117 \u201eHezbollah\u201c lyder\u012f Hassan\u0105 Nasrallah\" height=\"640\" width=\"960\" data-credit=\"Getty\" data-img=\"https:\/\/www.thesun.co.uk\/wp-content\/uploads\/2024\/09\/2024-tehran-iran-irans-supreme-936976327.jpg?strip=all&amp;w=960\" sizes=\"auto, (max-width: 375px) 335px, (max-width: 520px) 480px, 620px\" srcset=\"https:\/\/www.thesun.co.uk\/wp-content\/uploads\/2024\/09\/2024-tehran-iran-irans-supreme-936976327.jpg?w=335 335w, https:\/\/www.thesun.co.uk\/wp-content\/uploads\/2024\/09\/2024-tehran-iran-irans-supreme-936976327.jpg?w=480 480w, https:\/\/www.thesun.co.uk\/wp-content\/uploads\/2024\/09\/2024-tehran-iran-irans-supreme-936976327.jpg?w=620 620w, https:\/\/www.thesun.co.uk\/wp-content\/uploads\/2024\/09\/2024-tehran-iran-irans-supreme-936976327.jpg?w=670 670w, https:\/\/www.thesun.co.uk\/wp-content\/uploads\/2024\/09\/2024-tehran-iran-irans-supreme-936976327.jpg?w=960 960w, https:\/\/www.thesun.co.uk\/wp-content\/uploads\/2024\/09\/2024-tehran-iran-irans-supreme-936976327.jpg?w=1240 1240w, https:\/\/www.thesun.co.uk\/wp-content\/uploads\/2024\/09\/2024-tehran-iran-irans-supreme-936976327.jpg?w=1005 1005w, https:\/\/www.thesun.co.uk\/wp-content\/uploads\/2024\/09\/2024-tehran-iran-irans-supreme-936976327.jpg?w=1440 1440w, https:\/\/www.thesun.co.uk\/wp-content\/uploads\/2024\/09\/2024-tehran-iran-irans-supreme-936976327.jpg?w=1860 1860w, https:\/\/www.thesun.co.uk\/wp-content\/uploads\/2024\/09\/2024-tehran-iran-irans-supreme-936976327.jpg?w=1340 1340w, https:\/\/www.thesun.co.uk\/wp-content\/uploads\/2024\/09\/2024-tehran-iran-irans-supreme-936976327.jpg?w=1920 1920w, https:\/\/www.thesun.co.uk\/wp-content\/uploads\/2024\/09\/2024-tehran-iran-irans-supreme-936976327.jpg?w=2480 2480w\" loading=\"lazy\" src=\"https:\/\/www.thesun.co.uk\/wp-content\/uploads\/2024\/09\/2024-tehran-iran-irans-supreme-936976327.jpg?strip=all&amp;w=960\" role=\"img\"\/><\/p>\n<p><span class=\"article__gallery-count-value\">18<\/span><\/p>\n<\/div><figcaption class=\"article__media-caption\"><span class=\"article__media-span\">Izraelis penktadien\u012f nu\u017eud\u0117 \u201eHezbollah\u201c lyder\u012f Hassan\u0105 Nasrallah<\/span><span class=\"article__credit\">Kreditas: Getty<\/span><\/figcaption><\/figure>\n<figure class=\"article__media\">\n<div class=\"article__media-img-container open-gallery\" data-index=\"16\"><img decoding=\"async\" alt=\"Izraelis jau kelias savaites smog\u0117 Libanui oro antskryd\u017eiais\" height=\"640\" width=\"960\" data-credit=\"Rex\" data-img=\"https:\/\/www.thesun.co.uk\/wp-content\/uploads\/2024\/09\/2024-shows-smoke-rising-following-936981714.jpg?strip=all&amp;w=960\" sizes=\"auto, (max-width: 375px) 335px, (max-width: 520px) 480px, 620px\" srcset=\"https:\/\/www.thesun.co.uk\/wp-content\/uploads\/2024\/09\/2024-shows-smoke-rising-following-936981714.jpg?w=335 335w, https:\/\/www.thesun.co.uk\/wp-content\/uploads\/2024\/09\/2024-shows-smoke-rising-following-936981714.jpg?w=480 480w, https:\/\/www.thesun.co.uk\/wp-content\/uploads\/2024\/09\/2024-shows-smoke-rising-following-936981714.jpg?w=620 620w, https:\/\/www.thesun.co.uk\/wp-content\/uploads\/2024\/09\/2024-shows-smoke-rising-following-936981714.jpg?w=670 670w, https:\/\/www.thesun.co.uk\/wp-content\/uploads\/2024\/09\/2024-shows-smoke-rising-following-936981714.jpg?w=960 960w, https:\/\/www.thesun.co.uk\/wp-content\/uploads\/2024\/09\/2024-shows-smoke-rising-following-936981714.jpg?w=1240 1240w, https:\/\/www.thesun.co.uk\/wp-content\/uploads\/2024\/09\/2024-shows-smoke-rising-following-936981714.jpg?w=1005 1005w, https:\/\/www.thesun.co.uk\/wp-content\/uploads\/2024\/09\/2024-shows-smoke-rising-following-936981714.jpg?w=1440 1440w, https:\/\/www.thesun.co.uk\/wp-content\/uploads\/2024\/09\/2024-shows-smoke-rising-following-936981714.jpg?w=1860 1860w, https:\/\/www.thesun.co.uk\/wp-content\/uploads\/2024\/09\/2024-shows-smoke-rising-following-936981714.jpg?w=1340 1340w, https:\/\/www.thesun.co.uk\/wp-content\/uploads\/2024\/09\/2024-shows-smoke-rising-following-936981714.jpg?w=1920 1920w, https:\/\/www.thesun.co.uk\/wp-content\/uploads\/2024\/09\/2024-shows-smoke-rising-following-936981714.jpg?w=2480 2480w\" loading=\"lazy\" src=\"https:\/\/www.thesun.co.uk\/wp-content\/uploads\/2024\/09\/2024-shows-smoke-rising-following-936981714.jpg?strip=all&amp;w=960\" role=\"img\"\/><\/p>\n<p><span class=\"article__gallery-count-value\">18<\/span><\/p>\n<\/div><figcaption class=\"article__media-caption\"><span class=\"article__media-span\">Izraelis jau kelias savaites smog\u0117 Libanui oro antskryd\u017eiais<\/span><span class=\"article__credit\">Kreditas: Rex<\/span><\/figcaption><\/figure>\n<figure class=\"article__media\">\n<div class=\"article__media-img-container open-gallery\" data-index=\"17\"><img decoding=\"async\" alt=\"Izraelis dabar turi batus ant \u017eem\u0117s\" height=\"640\" width=\"960\" data-credit=\"Getty\" data-img=\"https:\/\/www.thesun.co.uk\/wp-content\/uploads\/2024\/09\/100-civilians-killed-kibbutz-beeri-935837243.jpg?strip=all&amp;w=960\" sizes=\"auto, (max-width: 375px) 335px, (max-width: 520px) 480px, 620px\" srcset=\"https:\/\/www.thesun.co.uk\/wp-content\/uploads\/2024\/09\/100-civilians-killed-kibbutz-beeri-935837243.jpg?w=335 335w, https:\/\/www.thesun.co.uk\/wp-content\/uploads\/2024\/09\/100-civilians-killed-kibbutz-beeri-935837243.jpg?w=480 480w, https:\/\/www.thesun.co.uk\/wp-content\/uploads\/2024\/09\/100-civilians-killed-kibbutz-beeri-935837243.jpg?w=620 620w, https:\/\/www.thesun.co.uk\/wp-content\/uploads\/2024\/09\/100-civilians-killed-kibbutz-beeri-935837243.jpg?w=670 670w, https:\/\/www.thesun.co.uk\/wp-content\/uploads\/2024\/09\/100-civilians-killed-kibbutz-beeri-935837243.jpg?w=960 960w, https:\/\/www.thesun.co.uk\/wp-content\/uploads\/2024\/09\/100-civilians-killed-kibbutz-beeri-935837243.jpg?w=1240 1240w, https:\/\/www.thesun.co.uk\/wp-content\/uploads\/2024\/09\/100-civilians-killed-kibbutz-beeri-935837243.jpg?w=1005 1005w, https:\/\/www.thesun.co.uk\/wp-content\/uploads\/2024\/09\/100-civilians-killed-kibbutz-beeri-935837243.jpg?w=1440 1440w, https:\/\/www.thesun.co.uk\/wp-content\/uploads\/2024\/09\/100-civilians-killed-kibbutz-beeri-935837243.jpg?w=1860 1860w, https:\/\/www.thesun.co.uk\/wp-content\/uploads\/2024\/09\/100-civilians-killed-kibbutz-beeri-935837243.jpg?w=1340 1340w, https:\/\/www.thesun.co.uk\/wp-content\/uploads\/2024\/09\/100-civilians-killed-kibbutz-beeri-935837243.jpg?w=1920 1920w, https:\/\/www.thesun.co.uk\/wp-content\/uploads\/2024\/09\/100-civilians-killed-kibbutz-beeri-935837243.jpg?w=2480 2480w\" loading=\"lazy\" src=\"https:\/\/www.thesun.co.uk\/wp-content\/uploads\/2024\/09\/100-civilians-killed-kibbutz-beeri-935837243.jpg?strip=all&amp;w=960\" role=\"img\"\/><\/p>\n<p><span class=\"article__gallery-count-value\">18<\/span><\/p>\n<\/div><figcaption class=\"article__media-caption\"><span class=\"article__media-span\">Izraelis dabar turi batus ant \u017eem\u0117s<\/span><span class=\"article__credit\">Kreditas: Getty<\/span><\/figcaption><\/figure>\n<figure class=\"article__media\">\n<div class=\"article__media-img-container open-gallery\" data-index=\"18\"><img decoding=\"async\" alt=\"Izraelio ap\u0161audymas pataik\u0117 \u012f piet\u0173 Libano teritorij\u0105, \u017ei\u016brint i\u0161 \u0161iaur\u0117s Izraelio\" height=\"640\" width=\"960\" data-credit=\"AP\" data-img=\"https:\/\/www.thesun.co.uk\/wp-content\/uploads\/2024\/10\/israeli-shelling-hit-area-southern-937323146.jpg?strip=all&amp;w=960\" sizes=\"auto, (max-width: 375px) 335px, (max-width: 520px) 480px, 620px\" srcset=\"https:\/\/www.thesun.co.uk\/wp-content\/uploads\/2024\/10\/israeli-shelling-hit-area-southern-937323146.jpg?w=335 335w, https:\/\/www.thesun.co.uk\/wp-content\/uploads\/2024\/10\/israeli-shelling-hit-area-southern-937323146.jpg?w=480 480w, https:\/\/www.thesun.co.uk\/wp-content\/uploads\/2024\/10\/israeli-shelling-hit-area-southern-937323146.jpg?w=620 620w, https:\/\/www.thesun.co.uk\/wp-content\/uploads\/2024\/10\/israeli-shelling-hit-area-southern-937323146.jpg?w=670 670w, https:\/\/www.thesun.co.uk\/wp-content\/uploads\/2024\/10\/israeli-shelling-hit-area-southern-937323146.jpg?w=960 960w, https:\/\/www.thesun.co.uk\/wp-content\/uploads\/2024\/10\/israeli-shelling-hit-area-southern-937323146.jpg?w=1240 1240w, https:\/\/www.thesun.co.uk\/wp-content\/uploads\/2024\/10\/israeli-shelling-hit-area-southern-937323146.jpg?w=1005 1005w, https:\/\/www.thesun.co.uk\/wp-content\/uploads\/2024\/10\/israeli-shelling-hit-area-southern-937323146.jpg?w=1440 1440w, https:\/\/www.thesun.co.uk\/wp-content\/uploads\/2024\/10\/israeli-shelling-hit-area-southern-937323146.jpg?w=1860 1860w, https:\/\/www.thesun.co.uk\/wp-content\/uploads\/2024\/10\/israeli-shelling-hit-area-southern-937323146.jpg?w=1340 1340w, https:\/\/www.thesun.co.uk\/wp-content\/uploads\/2024\/10\/israeli-shelling-hit-area-southern-937323146.jpg?w=1920 1920w, https:\/\/www.thesun.co.uk\/wp-content\/uploads\/2024\/10\/israeli-shelling-hit-area-southern-937323146.jpg?w=2480 2480w\" loading=\"lazy\" src=\"https:\/\/www.thesun.co.uk\/wp-content\/uploads\/2024\/10\/israeli-shelling-hit-area-southern-937323146.jpg?strip=all&amp;w=960\" role=\"img\"\/><\/p>\n<p><span class=\"article__gallery-count-value\">18<\/span><\/p>\n<\/div><figcaption class=\"article__media-caption\"><span class=\"article__media-span\">Izraelio ap\u0161audymas pataik\u0117 \u012f piet\u0173 Libano teritorij\u0105, \u017ei\u016brint i\u0161 \u0161iaur\u0117s Izraelio<\/span><span class=\"article__credit\">Kreditas: AP<\/span><\/figcaption><\/figure>\n<\/div>\n<p><br \/>\n<br \/><a href=\"https:\/\/www.thesun.co.uk\/news\/30694291\/israel-invades-lebanon-attack-hezbollah-war-battle\/\">Source link <\/a><\/p>\n","protected":false},"excerpt":{"rendered":"<p>IZRAELAS \u012fsiver\u017e\u0117 \u012f Liban\u0105 po kelias savaites trukusi\u0173 \u017eiauri\u0173 antskryd\u017ei\u0173, siekdamas su\u017elugdyti teroristin\u0119 grupuot\u0119 \u201eHezbollah\u201c. Kariai ir tankai pra\u0117jusi\u0105 nakt\u012f \u0161turmavo sien\u0105 pra\u0117jus kelioms valandoms po to, kai Izraelis atskleid\u0117, kad specialiosios paj\u0117gos jau atakavo gynybinius tunelius \u0161alies viduje. 18 I\u0161 Izraelio antskryd\u017eio Beirutui kyla d\u016bm\u0173Kreditas: GETTY 18 Prie\u0161 invazij\u0105 netoli sienos telk\u0117si Izraelio tankaiKreditas: [&hellip;]<\/p>\n","protected":false},"author":1,"featured_media":593,"comment_status":"open","ping_status":"open","sticky":false,"template":"","format":"standard","meta":{"om_disable_all_campaigns":false,"_monsterinsights_skip_tracking":false,"_monsterinsights_sitenote_active":false,"_monsterinsights_sitenote_note":"","_monsterinsights_sitenote_category":0,"footnotes":""},"categories":[4],"tags":[840,845,499,842,835,834,47,836,839,266,843,837,841,405,844,838],"class_list":["post-592","post","type-post","status-publish","format-standard","has-post-thumbnail","hentry","category-pasaulio-naujienos","tag-antskrydziu","tag-grupuote","tag-hezbollah","tag-irano","tag-isiverzia","tag-izraelis","tag-kelias","tag-libana","tag-niokojanciu","tag-oro","tag-remiama","tag-savaites","tag-siekdamas","tag-sunaikinti","tag-teroristine","tag-trukusiu"],"aioseo_notices":[],"_links":{"self":[{"href":"https:\/\/sekmesreceptas.lt\/index.php\/wp-json\/wp\/v2\/posts\/592","targetHints":{"allow":["GET"]}}],"collection":[{"href":"https:\/\/sekmesreceptas.lt\/index.php\/wp-json\/wp\/v2\/posts"}],"about":[{"href":"https:\/\/sekmesreceptas.lt\/index.php\/wp-json\/wp\/v2\/types\/post"}],"author":[{"embeddable":true,"href":"https:\/\/sekmesreceptas.lt\/index.php\/wp-json\/wp\/v2\/users\/1"}],"replies":[{"embeddable":true,"href":"https:\/\/sekmesreceptas.lt\/index.php\/wp-json\/wp\/v2\/comments?post=592"}],"version-history":[{"count":0,"href":"https:\/\/sekmesreceptas.lt\/index.php\/wp-json\/wp\/v2\/posts\/592\/revisions"}],"wp:featuredmedia":[{"embeddable":true,"href":"https:\/\/sekmesreceptas.lt\/index.php\/wp-json\/wp\/v2\/media\/593"}],"wp:attachment":[{"href":"https:\/\/sekmesreceptas.lt\/index.php\/wp-json\/wp\/v2\/media?parent=592"}],"wp:term":[{"taxonomy":"category","embeddable":true,"href":"https:\/\/sekmesreceptas.lt\/index.php\/wp-json\/wp\/v2\/categories?post=592"},{"taxonomy":"post_tag","embeddable":true,"href":"https:\/\/sekmesreceptas.lt\/index.php\/wp-json\/wp\/v2\/tags?post=592"}],"curies":[{"name":"wp","href":"https:\/\/api.w.org\/{rel}","templated":true}]}}