{"id":818,"date":"2024-10-23T05:59:17","date_gmt":"2024-10-23T05:59:17","guid":{"rendered":"https:\/\/sekmesreceptas.lt\/index.php\/2024\/10\/23\/izraelis-nuzude-hezbollah-kita-lyderi-per-mirtina-ataka-slaptame-bunkeryje-per-pastaraji-smugi-teroristu-grupuotei-the-sun\/"},"modified":"2024-10-23T05:59:17","modified_gmt":"2024-10-23T05:59:17","slug":"izraelis-nuzude-hezbollah-kita-lyderi-per-mirtina-ataka-slaptame-bunkeryje-per-pastaraji-smugi-teroristu-grupuotei-the-sun","status":"publish","type":"post","link":"https:\/\/sekmesreceptas.lt\/index.php\/2024\/10\/23\/izraelis-nuzude-hezbollah-kita-lyderi-per-mirtina-ataka-slaptame-bunkeryje-per-pastaraji-smugi-teroristu-grupuotei-the-sun\/","title":{"rendered":"Izraelis nu\u017eud\u0117 \u201eHezbollah\u201c \u201ekit\u0105 lyder\u012f\u201c per mirtin\u0105 atak\u0105 slaptame bunkeryje, per pastar\u0105j\u012f sm\u016bg\u012f terorist\u0173 grupuotei \u201eThe Sun\u201c"},"content":{"rendered":"<p> <br \/>\n<\/p>\n<div>\n<p>IZRAELAS per mirtin\u0105 sprogim\u0105 slaptame bunkeryje nu\u017eud\u0117 \u201eHezbollah\u201c vad\u0105, o tai dar vienas sm\u016bgis terorist\u0173 grupuotei.<\/p>\n<p>Izraelio kariuomen\u0117 atskleid\u0117, kad Hashem Safieddine buvo nukautas per ankstesn\u012f oro antskryd\u012f Piet\u0173 Beirute spalio prad\u017eioje.<\/p>\n<figure class=\"article__media\">\n<div class=\"article__media-img-container open-gallery\" data-index=\"1\"><\/p>\n<p><span class=\"article__gallery-count-value\">8<\/span><\/p>\n<\/div><figcaption class=\"article__media-caption\"><span class=\"article__media-span\">Izraelio kariuomen\u0117 nu\u017eud\u0117 \u201eHizbollah\u201c \u201ekit\u0105 lyder\u012f\u201c Ha\u0161em\u0105 Safieddin\u0105<\/span><span class=\"article__credit\">Kreditas: AFP<\/span><\/figcaption><\/figure>\n<figure class=\"article__media\">\n<div class=\"article__media-img-container open-gallery\" data-index=\"2\"><img decoding=\"async\" alt=\"IDF sak\u0117, kad jie \u201epa\u0161alino\u201c Safieddine\" height=\"540\" width=\"960\" data-credit=\"idfanc.activetrail.biz\" data-img=\"https:\/\/www.thesun.co.uk\/wp-content\/uploads\/2024\/10\/idfanc-activetrail-biz-anc2210202465876987-942960670.png?strip=all&amp;w=960\" sizes=\"auto, (max-width: 375px) 335px, (max-width: 520px) 480px, 620px\" srcset=\"https:\/\/www.thesun.co.uk\/wp-content\/uploads\/2024\/10\/idfanc-activetrail-biz-anc2210202465876987-942960670.png?w=335 335w, https:\/\/www.thesun.co.uk\/wp-content\/uploads\/2024\/10\/idfanc-activetrail-biz-anc2210202465876987-942960670.png?w=480 480w, https:\/\/www.thesun.co.uk\/wp-content\/uploads\/2024\/10\/idfanc-activetrail-biz-anc2210202465876987-942960670.png?w=620 620w, https:\/\/www.thesun.co.uk\/wp-content\/uploads\/2024\/10\/idfanc-activetrail-biz-anc2210202465876987-942960670.png?w=670 670w, https:\/\/www.thesun.co.uk\/wp-content\/uploads\/2024\/10\/idfanc-activetrail-biz-anc2210202465876987-942960670.png?w=960 960w, https:\/\/www.thesun.co.uk\/wp-content\/uploads\/2024\/10\/idfanc-activetrail-biz-anc2210202465876987-942960670.png?w=1240 1240w, https:\/\/www.thesun.co.uk\/wp-content\/uploads\/2024\/10\/idfanc-activetrail-biz-anc2210202465876987-942960670.png?w=1005 1005w, https:\/\/www.thesun.co.uk\/wp-content\/uploads\/2024\/10\/idfanc-activetrail-biz-anc2210202465876987-942960670.png?w=1440 1440w, https:\/\/www.thesun.co.uk\/wp-content\/uploads\/2024\/10\/idfanc-activetrail-biz-anc2210202465876987-942960670.png?w=1860 1860w, https:\/\/www.thesun.co.uk\/wp-content\/uploads\/2024\/10\/idfanc-activetrail-biz-anc2210202465876987-942960670.png?w=1340 1340w, https:\/\/www.thesun.co.uk\/wp-content\/uploads\/2024\/10\/idfanc-activetrail-biz-anc2210202465876987-942960670.png?w=1920 1920w, https:\/\/www.thesun.co.uk\/wp-content\/uploads\/2024\/10\/idfanc-activetrail-biz-anc2210202465876987-942960670.png?w=2480 2480w\" loading=\"lazy\" src=\"https:\/\/www.thesun.co.uk\/wp-content\/uploads\/2024\/10\/idfanc-activetrail-biz-anc2210202465876987-942960670.png?strip=all&amp;w=960\" role=\"img\"\/><\/p>\n<p><span class=\"article__gallery-count-value\">8<\/span><\/p>\n<\/div><figcaption class=\"article__media-caption\"><span class=\"article__media-span\">IDF sak\u0117, kad jie \u201epa\u0161alino\u201c Safieddine<\/span><span class=\"article__credit\">Kreditas: idfanc.activetrail.biz<\/span><\/figcaption><\/figure>\n<figure class=\"article__media\">\n<div class=\"article__media-img-container open-gallery\" data-index=\"3\"><img decoding=\"async\" alt=\"\u017dalos vaizdas po Izraelio atakos Nabatijoje, Libane\" height=\"640\" width=\"960\" data-credit=\"Getty\" data-img=\"https:\/\/www.thesun.co.uk\/wp-content\/uploads\/2024\/10\/view-damage-civil-defense-teams-941249870.jpg?strip=all&amp;w=960\" sizes=\"auto, (max-width: 375px) 335px, (max-width: 520px) 480px, 620px\" srcset=\"https:\/\/www.thesun.co.uk\/wp-content\/uploads\/2024\/10\/view-damage-civil-defense-teams-941249870.jpg?w=335 335w, https:\/\/www.thesun.co.uk\/wp-content\/uploads\/2024\/10\/view-damage-civil-defense-teams-941249870.jpg?w=480 480w, https:\/\/www.thesun.co.uk\/wp-content\/uploads\/2024\/10\/view-damage-civil-defense-teams-941249870.jpg?w=620 620w, https:\/\/www.thesun.co.uk\/wp-content\/uploads\/2024\/10\/view-damage-civil-defense-teams-941249870.jpg?w=670 670w, https:\/\/www.thesun.co.uk\/wp-content\/uploads\/2024\/10\/view-damage-civil-defense-teams-941249870.jpg?w=960 960w, https:\/\/www.thesun.co.uk\/wp-content\/uploads\/2024\/10\/view-damage-civil-defense-teams-941249870.jpg?w=1240 1240w, https:\/\/www.thesun.co.uk\/wp-content\/uploads\/2024\/10\/view-damage-civil-defense-teams-941249870.jpg?w=1005 1005w, https:\/\/www.thesun.co.uk\/wp-content\/uploads\/2024\/10\/view-damage-civil-defense-teams-941249870.jpg?w=1440 1440w, https:\/\/www.thesun.co.uk\/wp-content\/uploads\/2024\/10\/view-damage-civil-defense-teams-941249870.jpg?w=1860 1860w, https:\/\/www.thesun.co.uk\/wp-content\/uploads\/2024\/10\/view-damage-civil-defense-teams-941249870.jpg?w=1340 1340w, https:\/\/www.thesun.co.uk\/wp-content\/uploads\/2024\/10\/view-damage-civil-defense-teams-941249870.jpg?w=1920 1920w, https:\/\/www.thesun.co.uk\/wp-content\/uploads\/2024\/10\/view-damage-civil-defense-teams-941249870.jpg?w=2480 2480w\" loading=\"lazy\" src=\"https:\/\/www.thesun.co.uk\/wp-content\/uploads\/2024\/10\/view-damage-civil-defense-teams-941249870.jpg?strip=all&amp;w=960\" role=\"img\"\/><\/p>\n<p><span class=\"article__gallery-count-value\">8<\/span><\/p>\n<\/div><figcaption class=\"article__media-caption\"><span class=\"article__media-span\">\u017dalos vaizdas po Izraelio atakos Nabatijoje, Libane<\/span><span class=\"article__credit\">Kreditas: Getty<\/span><\/figcaption><\/figure>\n<figure class=\"article__media\">\n<div class=\"article__media-img-container open-gallery\" data-index=\"4\"><img decoding=\"async\" alt=\"Po Izraelio streiko Dahie, Piet\u0173 Beirute, kyla d\u016bm\u0173\" height=\"658\" width=\"959\" data-credit=\"Rex\" data-img=\"https:\/\/www.thesun.co.uk\/wp-content\/uploads\/2024\/10\/image_c14095.jpeg?strip=all&amp;w=959\" sizes=\"auto, (max-width: 375px) 335px, (max-width: 520px) 480px, 620px\" srcset=\"https:\/\/www.thesun.co.uk\/wp-content\/uploads\/2024\/10\/image_c14095.jpeg?w=335 335w, https:\/\/www.thesun.co.uk\/wp-content\/uploads\/2024\/10\/image_c14095.jpeg?w=480 480w, https:\/\/www.thesun.co.uk\/wp-content\/uploads\/2024\/10\/image_c14095.jpeg?w=620 620w, https:\/\/www.thesun.co.uk\/wp-content\/uploads\/2024\/10\/image_c14095.jpeg?w=670 670w, https:\/\/www.thesun.co.uk\/wp-content\/uploads\/2024\/10\/image_c14095.jpeg?w=960 960w, https:\/\/www.thesun.co.uk\/wp-content\/uploads\/2024\/10\/image_c14095.jpeg?w=1240 1240w, https:\/\/www.thesun.co.uk\/wp-content\/uploads\/2024\/10\/image_c14095.jpeg?w=1005 1005w, https:\/\/www.thesun.co.uk\/wp-content\/uploads\/2024\/10\/image_c14095.jpeg?w=1440 1440w, https:\/\/www.thesun.co.uk\/wp-content\/uploads\/2024\/10\/image_c14095.jpeg?w=1860 1860w, https:\/\/www.thesun.co.uk\/wp-content\/uploads\/2024\/10\/image_c14095.jpeg?w=1340 1340w, https:\/\/www.thesun.co.uk\/wp-content\/uploads\/2024\/10\/image_c14095.jpeg?w=1920 1920w, https:\/\/www.thesun.co.uk\/wp-content\/uploads\/2024\/10\/image_c14095.jpeg?w=2480 2480w\" loading=\"lazy\" src=\"https:\/\/www.thesun.co.uk\/wp-content\/uploads\/2024\/10\/image_c14095.jpeg?strip=all&amp;w=959\" role=\"img\"\/><\/p>\n<p><span class=\"article__gallery-count-value\">8<\/span><\/p>\n<\/div><figcaption class=\"article__media-caption\"><span class=\"article__media-span\">Po Izraelio streiko Dahie, Piet\u0173 Beirute, kyla d\u016bm\u0173<\/span><span class=\"article__credit\">Kreditas: Rex<\/span><\/figcaption><\/figure>\n<figure class=\"article__media\">\n<div class=\"article__media-img-container open-gallery\" data-index=\"5\"><img decoding=\"async\" alt=\"Po Izraelio sm\u016bgio vyras lipo per griuv\u0117sius Libane\" height=\"640\" width=\"960\" data-credit=\"Getty\" data-img=\"https:\/\/www.thesun.co.uk\/wp-content\/uploads\/2024\/10\/2024-six-day-pause-israeli-941249703.jpg?strip=all&amp;w=960\" sizes=\"auto, (max-width: 375px) 335px, (max-width: 520px) 480px, 620px\" srcset=\"https:\/\/www.thesun.co.uk\/wp-content\/uploads\/2024\/10\/2024-six-day-pause-israeli-941249703.jpg?w=335 335w, https:\/\/www.thesun.co.uk\/wp-content\/uploads\/2024\/10\/2024-six-day-pause-israeli-941249703.jpg?w=480 480w, https:\/\/www.thesun.co.uk\/wp-content\/uploads\/2024\/10\/2024-six-day-pause-israeli-941249703.jpg?w=620 620w, https:\/\/www.thesun.co.uk\/wp-content\/uploads\/2024\/10\/2024-six-day-pause-israeli-941249703.jpg?w=670 670w, https:\/\/www.thesun.co.uk\/wp-content\/uploads\/2024\/10\/2024-six-day-pause-israeli-941249703.jpg?w=960 960w, https:\/\/www.thesun.co.uk\/wp-content\/uploads\/2024\/10\/2024-six-day-pause-israeli-941249703.jpg?w=1240 1240w, https:\/\/www.thesun.co.uk\/wp-content\/uploads\/2024\/10\/2024-six-day-pause-israeli-941249703.jpg?w=1005 1005w, https:\/\/www.thesun.co.uk\/wp-content\/uploads\/2024\/10\/2024-six-day-pause-israeli-941249703.jpg?w=1440 1440w, https:\/\/www.thesun.co.uk\/wp-content\/uploads\/2024\/10\/2024-six-day-pause-israeli-941249703.jpg?w=1860 1860w, https:\/\/www.thesun.co.uk\/wp-content\/uploads\/2024\/10\/2024-six-day-pause-israeli-941249703.jpg?w=1340 1340w, https:\/\/www.thesun.co.uk\/wp-content\/uploads\/2024\/10\/2024-six-day-pause-israeli-941249703.jpg?w=1920 1920w, https:\/\/www.thesun.co.uk\/wp-content\/uploads\/2024\/10\/2024-six-day-pause-israeli-941249703.jpg?w=2480 2480w\" loading=\"lazy\" src=\"https:\/\/www.thesun.co.uk\/wp-content\/uploads\/2024\/10\/2024-six-day-pause-israeli-941249703.jpg?strip=all&amp;w=960\" role=\"img\"\/><\/p>\n<p><span class=\"article__gallery-count-value\">8<\/span><\/p>\n<\/div><figcaption class=\"article__media-caption\"><span class=\"article__media-span\">Po Izraelio sm\u016bgio vyras lipo per griuv\u0117sius Libane<\/span><span class=\"article__credit\">Kreditas: Getty<\/span><\/figcaption><\/figure>\n<p>Tikimasi, kad \u201eHezbollah\u201c gretose i\u0161kil\u0119s dvasininkas Safieddine&#8217;as pakeis savo pusbrol\u012f Hasan\u0105 Nasrallah ir taps Irano remiamos kovotoj\u0173 grup\u0117s lyderiu.<\/p>\n<p>Nasrallah, vienas i\u0161 jos \u012fk\u016br\u0117j\u0173, \u017euvo per Izraelio antskryd\u012f rugs\u0117jo 27 d.<\/p>\n<p>Izraelio gynybos paj\u0117gos (IDF) antradien\u012f atskleid\u0117, kad Safieddine&#8217;as buvo i\u0161ve\u017etas per oro pasal\u0105 vir\u0161 pietinio Beiruto priemies\u010dio spalio 8 d.<\/p>\n<p>Per sprogim\u0105 \u017euvo dar apie 25 \u201eHezbollah\u201c lyderiai.<\/p>\n<p>Pastaraisiais m\u0117nesiais Izraelio antskryd\u017eiai nusine\u0161\u0117 did\u017ei\u0105j\u0105 dal\u012f \u201eHezbollah\u201c vadovyb\u0117s, tod\u0117l grup\u0117 buvo suirusi.<\/p>\n<p>Kovotoj\u0173 grup\u0117 i\u0161 karto nepatvirtino Safieddine&#8217;o likimo.<\/p>\n<p>IDF parei\u0161kime ra\u0161oma: \u201eHa\u0161emas buvo Hassano Nasrallaho, buvusio Hezbollah vadovo, pusbrolis.<\/p>\n<p>\u201eD\u0117l savo \u0161eimynini\u0173 ir asmenini\u0173 ry\u0161i\u0173 su Nasrallah Ha\u0161emas tur\u0117jo didel\u0119 \u012ftak\u0105 priimant sprendimus teroristin\u0117s organizacijos viduje. <\/p>\n<p>\u201eTais laikais, kai Nasrallah nebuvo Libane, Ha\u0161emas \u0117jo Hezbollah generalinio sekretoriaus pareigas.<\/p>\n<p>\u201eVisus metus Safieddine&#8217;as vadovavo teroristiniams i\u0161puoliams prie\u0161 Izraelio valstyb\u0119 ir dalyvavo centriniuose \u201eHezbollah\u201c sprendim\u0173 pri\u0117mimo procesuose.<\/p>\n<div id=\"bc-video-6363431812112\" class=\"brightcove\"><span class=\"article__bc_video-caption\">Akimirka, kai Izraelio tankas susprogdina Yahya Sinwar skyl\u0119, kol jis buvo nu\u0161autas<\/span><\/div>\n<p>\u201eKartu Hashem Safieddine buvo pa\u0161alintas ir teroristas Ali Husseinas Hazima, \u201eHezbollah\u201c \u017evalgybos \u0161tabo vadas.<\/p>\n<p>Pra\u0117jusi\u0105 savait\u0119 buvo patvirtinta, kad Hamas lyderis Yahya Sinwar \u017euvo po Izraelio antskryd\u017eio Gazoje.<\/p>\n<p>\u201eGazos bin Ladenu\u201c pramintas Sinwaras buvo pagrindinis Izraelio taikinys nuo tada, kai jis sureng\u0117 siaubingas spalio 7 d. \u017eudynes.<\/p>\n<p>Izraelio pareig\u016bnai ketvirtadien\u012f sak\u0117, kad yra \u201edidel\u0117 tikimyb\u0117\u201c, kad tre\u010diadien\u012f Gazoje nu\u0161autas teroristas buvo Sinwaras.<\/p>\n<p>V\u0117liau jo mirt\u012f patvirtino u\u017esienio reikal\u0173 ministras Israelis Katzas, sakydamas: \u201e\u0160iandien IDF kariai nu\u017eud\u0117 masin\u012f \u017eudik\u0105 Yahya Sinwar, kuris buvo atsakingas u\u017e spalio 7 d. \u017eudynes ir \u017eiaurumus\u201c.<\/p>\n<p>Katzas Sinwaro mirt\u012f pavadino \u201epuikiu kariniu ir moraliniu laim\u0117jimu Izraeliui\u201c.<\/p>\n<p>Jis taip pat sak\u0117, kad tai gali reik\u0161ti nauj\u0105 vilt\u012f Gazoje vis dar laikomiems \u012fkaitams ir galim\u0105 \u201enauj\u0105 realyb\u0119\u201c nusiaubtame Ruo\u017ee.<\/p>\n<p>V\u0117liau kariuomen\u0117 pavie\u0161ino filmuot\u0105 med\u017eiag\u0105 apie paskutini\u0105sias Sinwaro akimirkas, kai jis buvo susik\u0117l\u0119s ir su\u017eeistas bombarduotame pastate Gazoje.<\/p>\n<p>\u201eSinwaro panaikinimas sukuria galimyb\u0119 nedelsiant paleisti \u012fkaitus ir galimi poky\u010diai, galintys sukelti nauj\u0105 tikrov\u0119 Gazoje \u2013 be \u201eHamas\u201c ir be Irano kontrol\u0117s\u201c, \u2013 sak\u0117 Katzas.<\/p>\n<p>Tuo tarpu Izraelis atskleid\u0117 \u201eHezbollah\u201c bunker\u012f, kuriame tariamai buvo 400 milijon\u0173 svar\u0173 vert\u0117s aukso ir gryn\u0173j\u0173 pinig\u0173 slaptame bunkeryje po Libano ligonine.<\/p>\n<p>Izraelio gynybos paj\u0117gos (IDF) tvirtina, kad atskleid\u0117 teroristin\u0117s grupuot\u0117s finansin\u0119 b\u016bstin\u0119, nes pavie\u0161ino filmuot\u0105 med\u017eiag\u0105, kurioje matyti po\u017eeminis tinklas Beirute.<\/p>\n<p>I\u0161slaptinta \u017evalgybos informacija buvo pasidalinta kartu su vaizdo \u012fra\u0161u, kuriame parodyta, kaip, kaip manoma, auk\u0161\u010diausias Hezbollah \u017ealvaris veikia per pasl\u0117ptus tunelius ir slaptus liftus.<\/p>\n<p>Teigiama, kad j\u0173 po\u017eeminis bunkeris yra tiesiai po Al-Sahel ligonine judriame Dahiyeh rajone piet\u0173 Beirute.<\/p>\n<p>IDF teigia, kad j\u012f sudaro ma\u017eiausiai penki atskiri kambariai, \u012fskaitant tai, kas atrodo kaip bendras miegamasis ir susirinkim\u0173 kambarys.<\/p>\n<p>Jie taip pat atskleid\u0117 tiksli\u0105 viet\u0105, kuri\u0105, j\u0173 teigimu, \u201eHezbollah\u201c slepia savo finansines prekes, \u012fskaitant aukso luitus ir gryn\u0173j\u0173 pinig\u0173 \u0161\u016bsnis.<\/p>\n<p>Per IDF grafik\u0105 parodyta did\u017eiul\u0117 saugi patalpa, esanti de\u0161in\u0117je nuo bunkerio, u\u017epildyta daugiau nei 400 milijon\u0173 svar\u0173 sterling\u0173 vert\u0117s preki\u0173.<\/p>\n<p>IDF tvirtina, kad bunkeriu naudojosi nu\u017eudytas \u201eHezbollah\u201c karalius Hassanas Nasrallah.<\/p>\n<p>Izraelio \u017evalgyba taip pat teigia, kad \u201eHezbollah\u201c vadai naudoja du skirtingus \u012f\u0117jimo ta\u0161kus, kad gal\u0117t\u0173 patekti \u012f bunker\u012f.<\/p>\n<p>Iliustracijoje ra\u0161oma, kad abiejose ligonin\u0117s pus\u0117se esan\u010diais dviem pastatais teroristai manipuliavo, kad sukurt\u0173 tunelius \u017emon\u0117ms, pro kuriuos gal\u0117t\u0173 prasmukti.<\/p>\n<div id=\"ez-toc-container\" class=\"ez-toc-v2_0_82_2 counter-hierarchy ez-toc-counter ez-toc-grey ez-toc-container-direction\">\n<div class=\"ez-toc-title-container\">\n<p class=\"ez-toc-title\" style=\"cursor:inherit\">Turinys:<\/p>\n<span class=\"ez-toc-title-toggle\"><a href=\"#\" class=\"ez-toc-pull-right ez-toc-btn ez-toc-btn-xs ez-toc-btn-default ez-toc-toggle\" aria-label=\"Toggle Table of Content\"><span class=\"ez-toc-js-icon-con\"><span class=\"\"><span class=\"eztoc-hide\" style=\"display:none;\">Toggle<\/span><span class=\"ez-toc-icon-toggle-span\"><svg style=\"fill: #999;color:#999\" xmlns=\"http:\/\/www.w3.org\/2000\/svg\" class=\"list-377408\" width=\"20px\" height=\"20px\" viewBox=\"0 0 24 24\" fill=\"none\"><path d=\"M6 6H4v2h2V6zm14 0H8v2h12V6zM4 11h2v2H4v-2zm16 0H8v2h12v-2zM4 16h2v2H4v-2zm16 0H8v2h12v-2z\" fill=\"currentColor\"><\/path><\/svg><svg style=\"fill: #999;color:#999\" class=\"arrow-unsorted-368013\" xmlns=\"http:\/\/www.w3.org\/2000\/svg\" width=\"10px\" height=\"10px\" viewBox=\"0 0 24 24\" version=\"1.2\" baseProfile=\"tiny\"><path d=\"M18.2 9.3l-6.2-6.3-6.2 6.3c-.2.2-.3.4-.3.7s.1.5.3.7c.2.2.4.3.7.3h11c.3 0 .5-.1.7-.3.2-.2.3-.5.3-.7s-.1-.5-.3-.7zM5.8 14.7l6.2 6.3 6.2-6.3c.2-.2.3-.5.3-.7s-.1-.5-.3-.7c-.2-.2-.4-.3-.7-.3h-11c-.3 0-.5.1-.7.3-.2.2-.3.5-.3.7s.1.5.3.7z\"\/><\/svg><\/span><\/span><\/span><\/a><\/span><\/div>\n<nav><ul class='ez-toc-list ez-toc-list-level-1 ' ><li class='ez-toc-page-1 ez-toc-heading-level-2'><a class=\"ez-toc-link ez-toc-heading-1\" href=\"https:\/\/sekmesreceptas.lt\/index.php\/2024\/10\/23\/izraelis-nuzude-hezbollah-kita-lyderi-per-mirtina-ataka-slaptame-bunkeryje-per-pastaraji-smugi-teroristu-grupuotei-the-sun\/#IZRAELAS_VS_HEZBOLLAH\" >IZRAELAS VS HEZBOLLAH<\/a><ul class='ez-toc-list-level-3' ><li class='ez-toc-heading-level-3'><a class=\"ez-toc-link ez-toc-heading-2\" href=\"https:\/\/sekmesreceptas.lt\/index.php\/2024\/10\/23\/izraelis-nuzude-hezbollah-kita-lyderi-per-mirtina-ataka-slaptame-bunkeryje-per-pastaraji-smugi-teroristu-grupuotei-the-sun\/#Naujausia_informacija_apie_Artimuju_Rytu_kara\" >Naujausia informacija apie Artim\u0173j\u0173 Ryt\u0173 kar\u0105<\/a><\/li><\/ul><\/li><\/ul><\/nav><\/div>\n<h2 class=\"wp-block-heading\"><span class=\"ez-toc-section\" id=\"IZRAELAS_VS_HEZBOLLAH\"><\/span>IZRAELAS VS HEZBOLLAH<span class=\"ez-toc-section-end\"><\/span><\/h2>\n<p>Izraelis anks\u010diau \u0161\u012f m\u0117nes\u012f prad\u0117jo savo ant\u017eemin\u0119 operacij\u0105 Libane, siekdamas susilpninti \u201eHizbollah\u201c ir nustumti teroristin\u0119 grupuot\u0119 nuo sienos, kad perkeltieji izraelie\u010diai gal\u0117t\u0173 gr\u012f\u017eti.<\/p>\n<p>Anks\u010diau sekmadien\u012f gynybos ministras Yoavas Gallantas pa\u017ead\u0117jo, kad Izraelis niekada neleis \u201eHezbollah\u201c persigrupuoti prie Libano sienos.<\/p>\n<div id=\"bc-video-6363470602112\" class=\"brightcove\"><span class=\"article__bc_video-caption\">Izraelio premjero Netanyahu namai buvo nukreipti \u012f bepilo\u010dio l\u0117ktuvo atak\u0105 i\u0161 Libano<\/span><\/div>\n<p>Jis sak\u0117: \u201eTai kariniai taikiniai, kuriuose yra po\u017eemini\u0173 tuneli\u0173 ir ginkl\u0173 saugykl\u0173.<\/p>\n<p>\u201eM\u016bs\u0173 kariai \u010dia rado \u0161imtus RPG, amunicijos ir prie\u0161tankini\u0173 raket\u0173.<\/p>\n<p>\u201e\u0160iuo metu IDF naikina \u0161iuos ginklus vir\u0161 \u017eem\u0117s ir po \u017eeme.<\/p>\n<p>Jis sak\u0117 \u201epaved\u0119s IDF&#8230; u\u017etikrinti, kad teroristai negal\u0117t\u0173 gr\u012f\u017eti \u012f \u0161ias vietas\u201c.<\/p>\n<p>IDF nurod\u0117, kad per pra\u0117jusi\u0105 savait\u0119 \u017euvo apie 100 \u201eHezbollah\u201c operatyvinink\u0173, ir parei\u0161k\u0117, kad buvo sunaikinta daugiau nei 50 \u201eHezbollah\u201c raket\u0173 paleidimo \u012frengini\u0173 ir 60 valdymo centr\u0173.<\/p>\n<p>Ta\u010diau Izraelio ekspert\u0173 grup\u0117s \u201eAlma\u201c analitikas Avrahamas Levine&#8217;as sak\u0117, kad grei\u010diausiai \u201eHezbollah\u201c buvo \u201egerai pasiruo\u0161\u0119s ir lauk\u0117\u201c Izraelio kari\u0173.<\/p>\n<p>Jis sak\u0117: \u201eFaktas, kad pavaldumo grandin\u0117 buvo pa\u017eeista, neatima galimyb\u0117s \u0161audyti \u012f Izraelio bendruomenes ar bandyti pataikyti\u201c, apib\u016bdindamas \u201eHezbollah\u201c kaip \u201et\u0105 pa\u010di\u0105 galing\u0105 teroristin\u0119 armij\u0105, kuri\u0105 visi \u017einome\u201c.<\/p>\n<p>\u201eHezbollah\u201c mirtinas sm\u016bgis \u012f Izraelio baz\u0119 \u012fvyko t\u0105 pa\u010di\u0105 dien\u0105, kai JAV prane\u0161\u0117, kad atsi\u0173s nauj\u0105 oro gynybos sistem\u0105, kuri pad\u0117s sustiprinti apsaug\u0105 nuo raket\u0173.<\/p>\n<p>Izraelis dabar kariauja su \u201eHamas\u201c Gazos ruo\u017ee ir su \u201eHezbollah\u201c Libane \u2013 abi Irano remiamos kovotoj\u0173 grup\u0117s \u2013 ir tikimasi, kad smogs Iranui, atsakydamas u\u017e anks\u010diau \u0161\u012f m\u0117nes\u012f \u012fvykdyt\u0105 raket\u0173 atak\u0105.<\/p>\n<p>Gallantas sak\u0117, kad Izraelis smogs Iranui tokiu b\u016bdu, kuris bus \u201emirtinas, tikslus ir stebinantis\u201c.<\/p>\n<p>Iranas pa\u017ead\u0117jo reaguoti \u012f bet koki\u0105 Izraelio atak\u0105, sakydamas, kad neturi \u201eraudon\u0173 linij\u0173\u201c.<\/p>\n<p>U\u017esienio reikal\u0173 ministras Abbasas Araqchi sak\u0117: \u201eNors pastarosiomis dienomis d\u0117jome mil\u017eini\u0161kas pastangas, kad sustabdytume visapus\u012f kar\u0105 m\u016bs\u0173 regione, a\u0161 ai\u0161kiai sakau, kad mes neturime joki\u0173 raudon\u0173 linij\u0173 ginti savo \u017emones ir interesus\u201c.<\/p>\n<p>Tuo tarpu Gazos ruo\u017eo \u0161iaur\u0117je Izraelio oro ir sausumos paj\u0117gos atakuoja D\u017eabalij\u0105, kur, anot kariuomen\u0117s, teroristai persigrupavo.<\/p>\n<p>Izraelis \u012fsak\u0117 visi\u0161kai evakuoti \u0161iaurin\u0119 Gaz\u0105, \u012fskaitant Gazos miest\u0105.<\/p>\n<p>Per Hamaso teroro akt\u0105 Izraelio \u017eem\u0117je \u017euvo daugiau nei 1000 \u017emoni\u0173, o dar apie 250 buvo pagrobti Gazos ruo\u017ee.<\/p>\n<p>Tai suk\u0117l\u0117 siaubing\u0105 kar\u0105, per kur\u012f per Izraelio antskryd\u017eius \u017euvo daugiau nei 42 000 palestinie\u010di\u0173 \u2013 teigia JT ir kitos tarptautin\u0117s \u017emogaus teisi\u0173 grup\u0117s.<\/p>\n<p>Izraelis neseniai prad\u0117jo ant\u017eemin\u0119 operacij\u0105 Libane, kur yra \u012fsik\u016br\u0119s \u201eHamas\u201c s\u0105jungininkas \u201eHezbollah\u201c, o Libano pareig\u016bnai prane\u0161\u0117, kad \u017euvo daugiau nei 2 300 \u017emoni\u0173.<\/p>\n<div class=\"article-boxout\">\n<p><h3 class=\"article-boxout__headline t-s-border-color\"><span class=\"ez-toc-section\" id=\"Naujausia_informacija_apie_Artimuju_Rytu_kara\"><\/span>Naujausia informacija apie Artim\u0173j\u0173 Ryt\u0173 kar\u0105<span class=\"ez-toc-section-end\"><\/span><\/h3>\n<\/p>\n<div class=\"article-boxout__content theme__background-color-rgba-20\">\n<div class=\"article-boxout__content-img\"><img decoding=\"async\" class=\"lazyload\" alt=\"\" src=\"https:\/\/www.thesun.co.uk\/wp-content\/uploads\/2024\/10\/180-missiles-israel-tuesday-latest-937665384.webp?strip=all&amp;quality=100&amp;w=620&amp;h=413&amp;crop=1\"\/><\/div>\n<p class=\"article__content--intro\">IZRAELAS dabar kariauja su Hamas Gazoje ir Hezbollah Libane \u2013 abi Irano remiamos kovotoj\u0173 grup\u0117s.<\/p>\n<div>\n<p>M\u016b\u0161iai Artimuosiuose Rytuose t\u0119siasi jau daugiau nei metus nuo tada, kai \u201eHamas\u201c spalio 7 d. sureng\u0117 mirtinas \u017eudynes.<\/p>\n<p>M\u0117nesiais po to Izraelis atsiliep\u0117 nuolatin\u0117mis oro atak\u0173 bangomis ir sausumos invazija \u012f Gaz\u0105, paskatinusiu Iran\u0105 ir jo \u012fgaliotinius \u0161oktel\u0117ti \u012f pagalb\u0105 Hamas.<\/p>\n<p>Libane \u012fsik\u016brusi \u201eHezbollah\u201c nuo tada susid\u016br\u0117 su IDF \u012fnir\u0161iu, kai Izraelis vienas po kito naikina savo auk\u0161\u010diausi\u0105 \u017ealvar\u012f tiksliais sm\u016bgiais.<\/p>\n<p>Izraelis taip pat anks\u010diau \u0161\u012f m\u0117nes\u012f prad\u0117jo sausumos operacij\u0105 Libane, siekdamas susilpninti \u201eHizbollah\u201c ir nustumti teroristin\u0119 grupuot\u0119 nuo sienos, kad perkeltieji izraelie\u010diai gal\u0117t\u0173 gr\u012f\u017eti.<\/p>\n<p>Per kelias savaites abi pus\u0117s ir toliau smog\u0117 kitai.<\/p>\n<p>Vienos did\u017eiausi\u0173 \u201eHezbollah\u201c atak\u0173 \u0161iauriniame \u0161alies regione jie paleido \u012f Izrael\u012f daugiau nei 100 raket\u0173, \u017euvo ma\u017eiausiai vienas \u017emogus, o kiti buvo su\u017eeisti.<\/p>\n<p>I\u0161 IDF pasidalijusiame filmuotoje med\u017eiagoje matyti, kad pastatas buvo sugriautas per raket\u0173 atak\u0105, kuri buvo paleista i\u0161 Libano prie\u0161 nekaltus Izraelio \u017emones.<\/p>\n<p>Reaguodama \u012f tai, IDF smog\u0117 daugeliui taikini\u0173 Libane, kurie, j\u0173 teigimu, yra \u201eHezbollah\u201c tvirtov\u0117s.<\/p>\n<p>Kai kurie nukent\u0117j\u0119 pastatai buvo \u201eHezbollah\u201c \u017evalgybos b\u016bstin\u0117 ir po\u017eemin\u0117 ginkl\u0173 dirbtuv\u0117 Beirute, teigia Izraelis.<\/p>\n<p>Izraelio kariuomen\u0117 taip pat paskelb\u0117 naujus \u012fsp\u0117jimus d\u0117l evakuacijos civiliams, gyvenantiems pietiniame Beiruto priemiestyje.<\/p>\n<p>IDF pulkininkas Avichay Adraee sak\u0117: \u201eJ\u016bs esate \u0161alia \u201eHezbollah\u201c objekt\u0173, prie\u0161 kuriuos IDF veiks artimiausiu metu\u201c.<\/p>\n<p>Pastarosiomis dienomis Izraelio premjeras Benjaminas Netanyahu buvo teroristinio drono atakos taikiniu.<\/p>\n<p>Vienas i\u0161 pastat\u0173, esan\u010di\u0173 netoli Izraelio lyderio \u0161eimos nam\u0173, nukent\u0117jo nuo bepilo\u010dio l\u0117ktuvo sm\u016bgio, kuris, pana\u0161u, buvo atskrid\u0119s i\u0161 Libano.<\/p>\n<p>Kaip Hamas karalius Yahya Sinwar taip pat buvo negailestingai sunaikintas Izraelio kariuomen\u0117s po susi\u0161audymo Gazoje.<\/p>\n<p>\u0160okiruojantys filmuota med\u017eiaga rodo, kaip piktasis Hamas bosas Sinwaras apgail\u0117tinai bando su lazda atsispirti dronui ir taip spalio 7 d.<\/p>\n<\/div>\n<\/div>\n<\/div>\n<figure class=\"article__media\">\n<div class=\"article__media-img-container open-gallery\" data-index=\"6\"><img decoding=\"async\" alt=\"Po Izraelio antskryd\u017eio Khiam ir Kfar Kila i\u0161 vieno Libano kaimo kyla d\u016bm\u0173\" height=\"638\" width=\"959\" data-credit=\"EPA\" data-img=\"https:\/\/www.thesun.co.uk\/wp-content\/uploads\/2024\/10\/image_b592ef.jpeg?strip=all&amp;w=959\" sizes=\"auto, (max-width: 375px) 335px, (max-width: 520px) 480px, 620px\" srcset=\"https:\/\/www.thesun.co.uk\/wp-content\/uploads\/2024\/10\/image_b592ef.jpeg?w=335 335w, https:\/\/www.thesun.co.uk\/wp-content\/uploads\/2024\/10\/image_b592ef.jpeg?w=480 480w, https:\/\/www.thesun.co.uk\/wp-content\/uploads\/2024\/10\/image_b592ef.jpeg?w=620 620w, https:\/\/www.thesun.co.uk\/wp-content\/uploads\/2024\/10\/image_b592ef.jpeg?w=670 670w, https:\/\/www.thesun.co.uk\/wp-content\/uploads\/2024\/10\/image_b592ef.jpeg?w=960 960w, https:\/\/www.thesun.co.uk\/wp-content\/uploads\/2024\/10\/image_b592ef.jpeg?w=1240 1240w, https:\/\/www.thesun.co.uk\/wp-content\/uploads\/2024\/10\/image_b592ef.jpeg?w=1005 1005w, https:\/\/www.thesun.co.uk\/wp-content\/uploads\/2024\/10\/image_b592ef.jpeg?w=1440 1440w, https:\/\/www.thesun.co.uk\/wp-content\/uploads\/2024\/10\/image_b592ef.jpeg?w=1860 1860w, https:\/\/www.thesun.co.uk\/wp-content\/uploads\/2024\/10\/image_b592ef.jpeg?w=1340 1340w, https:\/\/www.thesun.co.uk\/wp-content\/uploads\/2024\/10\/image_b592ef.jpeg?w=1920 1920w, https:\/\/www.thesun.co.uk\/wp-content\/uploads\/2024\/10\/image_b592ef.jpeg?w=2480 2480w\" loading=\"lazy\" src=\"https:\/\/www.thesun.co.uk\/wp-content\/uploads\/2024\/10\/image_b592ef.jpeg?strip=all&amp;w=959\" role=\"img\"\/><\/p>\n<p><span class=\"article__gallery-count-value\">8<\/span><\/p>\n<\/div><figcaption class=\"article__media-caption\"><span class=\"article__media-span\">Po Izraelio antskryd\u017eio Khiam ir Kfar Kila i\u0161 vieno Libano kaimo kyla d\u016bm\u0173<\/span><span class=\"article__credit\">Kreditas: EPA<\/span><\/figcaption><\/figure>\n<figure class=\"article__media\">\n<div class=\"article__media-img-container open-gallery\" data-index=\"7\"><img decoding=\"async\" alt=\"Hassanas Nasrallah \u2013 buv\u0119s Hezbollah lyderis, kur\u012f rugs\u0117j\u012f nu\u017eud\u0117 Izraelis\" height=\"640\" width=\"960\" data-credit=\"Rex\" data-img=\"https:\/\/www.thesun.co.uk\/wp-content\/uploads\/2024\/10\/2024-several-images-late-hezbollah-938011936.jpg?strip=all&amp;w=960\" sizes=\"auto, (max-width: 375px) 335px, (max-width: 520px) 480px, 620px\" srcset=\"https:\/\/www.thesun.co.uk\/wp-content\/uploads\/2024\/10\/2024-several-images-late-hezbollah-938011936.jpg?w=335 335w, https:\/\/www.thesun.co.uk\/wp-content\/uploads\/2024\/10\/2024-several-images-late-hezbollah-938011936.jpg?w=480 480w, https:\/\/www.thesun.co.uk\/wp-content\/uploads\/2024\/10\/2024-several-images-late-hezbollah-938011936.jpg?w=620 620w, https:\/\/www.thesun.co.uk\/wp-content\/uploads\/2024\/10\/2024-several-images-late-hezbollah-938011936.jpg?w=670 670w, https:\/\/www.thesun.co.uk\/wp-content\/uploads\/2024\/10\/2024-several-images-late-hezbollah-938011936.jpg?w=960 960w, https:\/\/www.thesun.co.uk\/wp-content\/uploads\/2024\/10\/2024-several-images-late-hezbollah-938011936.jpg?w=1240 1240w, https:\/\/www.thesun.co.uk\/wp-content\/uploads\/2024\/10\/2024-several-images-late-hezbollah-938011936.jpg?w=1005 1005w, https:\/\/www.thesun.co.uk\/wp-content\/uploads\/2024\/10\/2024-several-images-late-hezbollah-938011936.jpg?w=1440 1440w, https:\/\/www.thesun.co.uk\/wp-content\/uploads\/2024\/10\/2024-several-images-late-hezbollah-938011936.jpg?w=1860 1860w, https:\/\/www.thesun.co.uk\/wp-content\/uploads\/2024\/10\/2024-several-images-late-hezbollah-938011936.jpg?w=1340 1340w, https:\/\/www.thesun.co.uk\/wp-content\/uploads\/2024\/10\/2024-several-images-late-hezbollah-938011936.jpg?w=1920 1920w, https:\/\/www.thesun.co.uk\/wp-content\/uploads\/2024\/10\/2024-several-images-late-hezbollah-938011936.jpg?w=2480 2480w\" loading=\"lazy\" src=\"https:\/\/www.thesun.co.uk\/wp-content\/uploads\/2024\/10\/2024-several-images-late-hezbollah-938011936.jpg?strip=all&amp;w=960\" role=\"img\"\/><\/p>\n<p><span class=\"article__gallery-count-value\">8<\/span><\/p>\n<\/div><figcaption class=\"article__media-caption\"><span class=\"article__media-span\">Hassanas Nasrallah \u2013 buv\u0119s Hezbollah lyderis, kur\u012f rugs\u0117j\u012f nu\u017eud\u0117 Izraelis<\/span><span class=\"article__credit\">Kreditas: Rex<\/span><\/figcaption><\/figure>\n<figure class=\"article__media\">\n<div class=\"article__media-img-container open-gallery\" data-index=\"8\"><img decoding=\"async\" alt=\"Izraelio sm\u016bgio \u012f Nabatij\u0105 (Libanas) scena, spalio 16 d\" height=\"640\" width=\"960\" data-credit=\"Getty\" data-img=\"https:\/\/www.thesun.co.uk\/wp-content\/uploads\/2024\/10\/view-damage-civil-defense-teams-941249758.jpg?strip=all&amp;w=960\" sizes=\"auto, (max-width: 375px) 335px, (max-width: 520px) 480px, 620px\" srcset=\"https:\/\/www.thesun.co.uk\/wp-content\/uploads\/2024\/10\/view-damage-civil-defense-teams-941249758.jpg?w=335 335w, https:\/\/www.thesun.co.uk\/wp-content\/uploads\/2024\/10\/view-damage-civil-defense-teams-941249758.jpg?w=480 480w, https:\/\/www.thesun.co.uk\/wp-content\/uploads\/2024\/10\/view-damage-civil-defense-teams-941249758.jpg?w=620 620w, https:\/\/www.thesun.co.uk\/wp-content\/uploads\/2024\/10\/view-damage-civil-defense-teams-941249758.jpg?w=670 670w, https:\/\/www.thesun.co.uk\/wp-content\/uploads\/2024\/10\/view-damage-civil-defense-teams-941249758.jpg?w=960 960w, https:\/\/www.thesun.co.uk\/wp-content\/uploads\/2024\/10\/view-damage-civil-defense-teams-941249758.jpg?w=1240 1240w, https:\/\/www.thesun.co.uk\/wp-content\/uploads\/2024\/10\/view-damage-civil-defense-teams-941249758.jpg?w=1005 1005w, https:\/\/www.thesun.co.uk\/wp-content\/uploads\/2024\/10\/view-damage-civil-defense-teams-941249758.jpg?w=1440 1440w, https:\/\/www.thesun.co.uk\/wp-content\/uploads\/2024\/10\/view-damage-civil-defense-teams-941249758.jpg?w=1860 1860w, https:\/\/www.thesun.co.uk\/wp-content\/uploads\/2024\/10\/view-damage-civil-defense-teams-941249758.jpg?w=1340 1340w, https:\/\/www.thesun.co.uk\/wp-content\/uploads\/2024\/10\/view-damage-civil-defense-teams-941249758.jpg?w=1920 1920w, https:\/\/www.thesun.co.uk\/wp-content\/uploads\/2024\/10\/view-damage-civil-defense-teams-941249758.jpg?w=2480 2480w\" loading=\"lazy\" src=\"https:\/\/www.thesun.co.uk\/wp-content\/uploads\/2024\/10\/view-damage-civil-defense-teams-941249758.jpg?strip=all&amp;w=960\" role=\"img\"\/><\/p>\n<p><span class=\"article__gallery-count-value\">8<\/span><\/p>\n<\/div><figcaption class=\"article__media-caption\"><span class=\"article__media-span\">Izraelio sm\u016bgio \u012f Nabatij\u0105 (Libanas) scena, spalio 16 d<\/span><span class=\"article__credit\">Kreditas: Getty<\/span><\/figcaption><\/figure>\n<\/div>\n<p><br \/>\n<br \/><a href=\"https:\/\/www.thesun.co.uk\/news\/31245801\/israel-kills-hezbollahs-next-leader\/\">Source link <\/a><\/p>\n","protected":false},"excerpt":{"rendered":"<p>IZRAELAS per mirtin\u0105 sprogim\u0105 slaptame bunkeryje nu\u017eud\u0117 \u201eHezbollah\u201c vad\u0105, o tai dar vienas sm\u016bgis terorist\u0173 grupuotei. Izraelio kariuomen\u0117 atskleid\u0117, kad Hashem Safieddine buvo nukautas per ankstesn\u012f oro antskryd\u012f Piet\u0173 Beirute spalio prad\u017eioje. 8 Izraelio kariuomen\u0117 nu\u017eud\u0117 \u201eHizbollah\u201c \u201ekit\u0105 lyder\u012f\u201c Ha\u0161em\u0105 Safieddin\u0105Kreditas: AFP 8 IDF sak\u0117, kad jie \u201epa\u0161alino\u201c SafieddineKreditas: idfanc.activetrail.biz 8 \u017dalos vaizdas po Izraelio [&hellip;]<\/p>\n","protected":false},"author":1,"featured_media":819,"comment_status":"open","ping_status":"open","sticky":false,"template":"","format":"standard","meta":{"om_disable_all_campaigns":false,"_monsterinsights_skip_tracking":false,"_monsterinsights_sitenote_active":false,"_monsterinsights_sitenote_note":"","_monsterinsights_sitenote_category":0,"footnotes":""},"categories":[4],"tags":[167,1436,1439,499,834,1432,1433,1434,1431,1437,1435,1438,693,426],"class_list":["post-818","post","type-post","status-publish","format-standard","has-post-thumbnail","hentry","category-pasaulio-naujienos","tag-ataka","tag-bunkeryje","tag-grupuotei","tag-hezbollah","tag-izraelis","tag-kita","tag-lyderi","tag-mirtina","tag-nuzude","tag-pastaraji","tag-slaptame","tag-smugi","tag-sun","tag-teroristu"],"aioseo_notices":[],"_links":{"self":[{"href":"https:\/\/sekmesreceptas.lt\/index.php\/wp-json\/wp\/v2\/posts\/818","targetHints":{"allow":["GET"]}}],"collection":[{"href":"https:\/\/sekmesreceptas.lt\/index.php\/wp-json\/wp\/v2\/posts"}],"about":[{"href":"https:\/\/sekmesreceptas.lt\/index.php\/wp-json\/wp\/v2\/types\/post"}],"author":[{"embeddable":true,"href":"https:\/\/sekmesreceptas.lt\/index.php\/wp-json\/wp\/v2\/users\/1"}],"replies":[{"embeddable":true,"href":"https:\/\/sekmesreceptas.lt\/index.php\/wp-json\/wp\/v2\/comments?post=818"}],"version-history":[{"count":0,"href":"https:\/\/sekmesreceptas.lt\/index.php\/wp-json\/wp\/v2\/posts\/818\/revisions"}],"wp:featuredmedia":[{"embeddable":true,"href":"https:\/\/sekmesreceptas.lt\/index.php\/wp-json\/wp\/v2\/media\/819"}],"wp:attachment":[{"href":"https:\/\/sekmesreceptas.lt\/index.php\/wp-json\/wp\/v2\/media?parent=818"}],"wp:term":[{"taxonomy":"category","embeddable":true,"href":"https:\/\/sekmesreceptas.lt\/index.php\/wp-json\/wp\/v2\/categories?post=818"},{"taxonomy":"post_tag","embeddable":true,"href":"https:\/\/sekmesreceptas.lt\/index.php\/wp-json\/wp\/v2\/tags?post=818"}],"curies":[{"name":"wp","href":"https:\/\/api.w.org\/{rel}","templated":true}]}}