{"id":895,"date":"2024-10-30T06:47:39","date_gmt":"2024-10-30T06:47:39","guid":{"rendered":"https:\/\/sekmesreceptas.lt\/index.php\/2024\/10\/30\/sokiruojanti-akimirka-ispanijoje-nusluojami-automobiliai-o-keliai-pavirsta-upemis-nes-staigus-potvyniai-dingo-be-zinios\/"},"modified":"2024-10-30T06:47:39","modified_gmt":"2024-10-30T06:47:39","slug":"sokiruojanti-akimirka-ispanijoje-nusluojami-automobiliai-o-keliai-pavirsta-upemis-nes-staigus-potvyniai-dingo-be-zinios","status":"publish","type":"post","link":"https:\/\/sekmesreceptas.lt\/index.php\/2024\/10\/30\/sokiruojanti-akimirka-ispanijoje-nusluojami-automobiliai-o-keliai-pavirsta-upemis-nes-staigus-potvyniai-dingo-be-zinios\/","title":{"rendered":"\u0160okiruojanti akimirka Ispanijoje nu\u0161luojami automobiliai, o keliai pavirsta up\u0117mis, nes staig\u016bs potvyniai dingo be \u017einios"},"content":{"rendered":"<p> <br \/>\n<\/p>\n<div>\n<p>\u0160OKIRUOJAME filmuotoje med\u017eiagoje matyti, kaip Ispanij\u0105 u\u017eklupus staigiems potvyniams nu\u0161luojami automobiliai ir keliai virto up\u0117mis.<\/p>\n<p>Ma\u017eiausiai septyni \u017emon\u0117s ding\u0119 be \u017einios, o vienas \u017emogus \u017euvo po to, kai Ispanijos regionai, \u012fskaitant populiarius Kosta kurortus, nukent\u0117jo nuo audr\u0173 ir li\u016b\u010di\u0173.<\/p>\n<figure class=\"article__media\">\n<div class=\"article__media-img-container open-gallery\" data-index=\"1\"><\/p>\n<p><span class=\"article__gallery-count-value\">8<\/span><\/p>\n<\/div><figcaption class=\"article__media-caption\"><span class=\"article__media-span\">I\u0161 dalies panardintos transporto priemon\u0117s Malagoje<\/span><span class=\"article__credit\">Kreditas: EPA<\/span><\/figcaption><\/figure>\n<figure class=\"article__media\">\n<div class=\"article__media-img-container open-gallery\" data-index=\"2\"><img decoding=\"async\" alt=\"Ispanijoje po staigi\u0173 potvyni\u0173 dingo keli \u017emon\u0117s, o vienas \u017euvo\" height=\"960\" width=\"534\" data-credit=\"Solarpix\" src=\"https:\/\/www.thesun.co.uk\/wp-content\/uploads\/2024\/10\/8ab4427b-7be7-4aac-bf1a-666121c24607.jpg?strip=all&amp;w=534\" sizes=\"auto, (max-width: 375px) 335px, (max-width: 520px) 480px, 620px\" srcset=\"https:\/\/www.thesun.co.uk\/wp-content\/uploads\/2024\/10\/8ab4427b-7be7-4aac-bf1a-666121c24607.jpg?w=335 335w, https:\/\/www.thesun.co.uk\/wp-content\/uploads\/2024\/10\/8ab4427b-7be7-4aac-bf1a-666121c24607.jpg?w=480 480w, https:\/\/www.thesun.co.uk\/wp-content\/uploads\/2024\/10\/8ab4427b-7be7-4aac-bf1a-666121c24607.jpg?w=620 620w, https:\/\/www.thesun.co.uk\/wp-content\/uploads\/2024\/10\/8ab4427b-7be7-4aac-bf1a-666121c24607.jpg?w=670 670w, https:\/\/www.thesun.co.uk\/wp-content\/uploads\/2024\/10\/8ab4427b-7be7-4aac-bf1a-666121c24607.jpg?w=960 960w, https:\/\/www.thesun.co.uk\/wp-content\/uploads\/2024\/10\/8ab4427b-7be7-4aac-bf1a-666121c24607.jpg?w=1240 1240w, https:\/\/www.thesun.co.uk\/wp-content\/uploads\/2024\/10\/8ab4427b-7be7-4aac-bf1a-666121c24607.jpg?w=1005 1005w, https:\/\/www.thesun.co.uk\/wp-content\/uploads\/2024\/10\/8ab4427b-7be7-4aac-bf1a-666121c24607.jpg?w=1440 1440w, https:\/\/www.thesun.co.uk\/wp-content\/uploads\/2024\/10\/8ab4427b-7be7-4aac-bf1a-666121c24607.jpg?w=1860 1860w, https:\/\/www.thesun.co.uk\/wp-content\/uploads\/2024\/10\/8ab4427b-7be7-4aac-bf1a-666121c24607.jpg?w=1340 1340w, https:\/\/www.thesun.co.uk\/wp-content\/uploads\/2024\/10\/8ab4427b-7be7-4aac-bf1a-666121c24607.jpg?w=1920 1920w, https:\/\/www.thesun.co.uk\/wp-content\/uploads\/2024\/10\/8ab4427b-7be7-4aac-bf1a-666121c24607.jpg?w=2480 2480w\" loading=\"lazy\" role=\"img\"\/><\/p>\n<p><span class=\"article__gallery-count-value\">8<\/span><\/p>\n<\/div><figcaption class=\"article__media-caption\"><span class=\"article__media-span\">Ispanijoje po staigi\u0173 potvyni\u0173 dingo keli \u017emon\u0117s, o vienas \u017euvo<\/span><span class=\"article__credit\">Kreditas: Solarpix<\/span><\/figcaption><\/figure>\n<figure class=\"article__media\">\n<div class=\"article__media-img-container open-gallery\" data-index=\"3\"><img decoding=\"async\" alt=\"Letur mieste Albaset\u0117je po staigi\u0173 potvyni\u0173 susikaup\u0117 automobiliai\" height=\"538\" width=\"960\" data-credit=\"Solarpix\" src=\"https:\/\/www.thesun.co.uk\/wp-content\/uploads\/2024\/10\/least-five-people-missing-spain-944916681.jpg?strip=all&amp;w=960\" sizes=\"auto, (max-width: 375px) 335px, (max-width: 520px) 480px, 620px\" srcset=\"https:\/\/www.thesun.co.uk\/wp-content\/uploads\/2024\/10\/least-five-people-missing-spain-944916681.jpg?w=335 335w, https:\/\/www.thesun.co.uk\/wp-content\/uploads\/2024\/10\/least-five-people-missing-spain-944916681.jpg?w=480 480w, https:\/\/www.thesun.co.uk\/wp-content\/uploads\/2024\/10\/least-five-people-missing-spain-944916681.jpg?w=620 620w, https:\/\/www.thesun.co.uk\/wp-content\/uploads\/2024\/10\/least-five-people-missing-spain-944916681.jpg?w=670 670w, https:\/\/www.thesun.co.uk\/wp-content\/uploads\/2024\/10\/least-five-people-missing-spain-944916681.jpg?w=960 960w, https:\/\/www.thesun.co.uk\/wp-content\/uploads\/2024\/10\/least-five-people-missing-spain-944916681.jpg?w=1240 1240w, https:\/\/www.thesun.co.uk\/wp-content\/uploads\/2024\/10\/least-five-people-missing-spain-944916681.jpg?w=1005 1005w, https:\/\/www.thesun.co.uk\/wp-content\/uploads\/2024\/10\/least-five-people-missing-spain-944916681.jpg?w=1440 1440w, https:\/\/www.thesun.co.uk\/wp-content\/uploads\/2024\/10\/least-five-people-missing-spain-944916681.jpg?w=1860 1860w, https:\/\/www.thesun.co.uk\/wp-content\/uploads\/2024\/10\/least-five-people-missing-spain-944916681.jpg?w=1340 1340w, https:\/\/www.thesun.co.uk\/wp-content\/uploads\/2024\/10\/least-five-people-missing-spain-944916681.jpg?w=1920 1920w, https:\/\/www.thesun.co.uk\/wp-content\/uploads\/2024\/10\/least-five-people-missing-spain-944916681.jpg?w=2480 2480w\" loading=\"lazy\" role=\"img\"\/><\/p>\n<p><span class=\"article__gallery-count-value\">8<\/span><\/p>\n<\/div><figcaption class=\"article__media-caption\"><span class=\"article__media-span\">Letur mieste Albaset\u0117je po staigi\u0173 potvyni\u0173 susikaup\u0117 automobiliai<\/span><span class=\"article__credit\">Kreditas: Solarpix<\/span><\/figcaption><\/figure>\n<figure class=\"article__media\">\n<div class=\"article__media-img-container open-gallery\" data-index=\"4\"><img decoding=\"async\" alt=\"Kai kuriuose miestuose vis dar vyksta gelb\u0117jimo darbai\" height=\"960\" width=\"720\" data-credit=\"Solarpix\" src=\"https:\/\/www.thesun.co.uk\/wp-content\/uploads\/2024\/10\/least-five-people-missing-spain-944916526.jpg?strip=all&amp;w=720\" sizes=\"auto, (max-width: 375px) 335px, (max-width: 520px) 480px, 620px\" srcset=\"https:\/\/www.thesun.co.uk\/wp-content\/uploads\/2024\/10\/least-five-people-missing-spain-944916526.jpg?w=335 335w, https:\/\/www.thesun.co.uk\/wp-content\/uploads\/2024\/10\/least-five-people-missing-spain-944916526.jpg?w=480 480w, https:\/\/www.thesun.co.uk\/wp-content\/uploads\/2024\/10\/least-five-people-missing-spain-944916526.jpg?w=620 620w, https:\/\/www.thesun.co.uk\/wp-content\/uploads\/2024\/10\/least-five-people-missing-spain-944916526.jpg?w=670 670w, https:\/\/www.thesun.co.uk\/wp-content\/uploads\/2024\/10\/least-five-people-missing-spain-944916526.jpg?w=960 960w, https:\/\/www.thesun.co.uk\/wp-content\/uploads\/2024\/10\/least-five-people-missing-spain-944916526.jpg?w=1240 1240w, https:\/\/www.thesun.co.uk\/wp-content\/uploads\/2024\/10\/least-five-people-missing-spain-944916526.jpg?w=1005 1005w, https:\/\/www.thesun.co.uk\/wp-content\/uploads\/2024\/10\/least-five-people-missing-spain-944916526.jpg?w=1440 1440w, https:\/\/www.thesun.co.uk\/wp-content\/uploads\/2024\/10\/least-five-people-missing-spain-944916526.jpg?w=1860 1860w, https:\/\/www.thesun.co.uk\/wp-content\/uploads\/2024\/10\/least-five-people-missing-spain-944916526.jpg?w=1340 1340w, https:\/\/www.thesun.co.uk\/wp-content\/uploads\/2024\/10\/least-five-people-missing-spain-944916526.jpg?w=1920 1920w, https:\/\/www.thesun.co.uk\/wp-content\/uploads\/2024\/10\/least-five-people-missing-spain-944916526.jpg?w=2480 2480w\" loading=\"lazy\" role=\"img\"\/><\/p>\n<p><span class=\"article__gallery-count-value\">8<\/span><\/p>\n<\/div><figcaption class=\"article__media-caption\"><span class=\"article__media-span\">Kai kuriuose miestuose vis dar vyksta gelb\u0117jimo darbai<\/span><span class=\"article__credit\">Kreditas: Solarpix<\/span><\/figcaption><\/figure>\n<figure class=\"article__media\">\n<div class=\"article__media-img-container open-gallery\" data-index=\"5\"><img decoding=\"async\" alt=\"Automobiliai buvo apversti ir nu\u0161luoti\" height=\"960\" width=\"531\" data-credit=\"Solarpix\" src=\"https:\/\/www.thesun.co.uk\/wp-content\/uploads\/2024\/10\/1f651aac-c00e-4b8b-bfd9-ec2ed0c1f575.jpg?strip=all&amp;w=531\" sizes=\"auto, (max-width: 375px) 335px, (max-width: 520px) 480px, 620px\" srcset=\"https:\/\/www.thesun.co.uk\/wp-content\/uploads\/2024\/10\/1f651aac-c00e-4b8b-bfd9-ec2ed0c1f575.jpg?w=335 335w, https:\/\/www.thesun.co.uk\/wp-content\/uploads\/2024\/10\/1f651aac-c00e-4b8b-bfd9-ec2ed0c1f575.jpg?w=480 480w, https:\/\/www.thesun.co.uk\/wp-content\/uploads\/2024\/10\/1f651aac-c00e-4b8b-bfd9-ec2ed0c1f575.jpg?w=620 620w, https:\/\/www.thesun.co.uk\/wp-content\/uploads\/2024\/10\/1f651aac-c00e-4b8b-bfd9-ec2ed0c1f575.jpg?w=670 670w, https:\/\/www.thesun.co.uk\/wp-content\/uploads\/2024\/10\/1f651aac-c00e-4b8b-bfd9-ec2ed0c1f575.jpg?w=960 960w, https:\/\/www.thesun.co.uk\/wp-content\/uploads\/2024\/10\/1f651aac-c00e-4b8b-bfd9-ec2ed0c1f575.jpg?w=1240 1240w, https:\/\/www.thesun.co.uk\/wp-content\/uploads\/2024\/10\/1f651aac-c00e-4b8b-bfd9-ec2ed0c1f575.jpg?w=1005 1005w, https:\/\/www.thesun.co.uk\/wp-content\/uploads\/2024\/10\/1f651aac-c00e-4b8b-bfd9-ec2ed0c1f575.jpg?w=1440 1440w, https:\/\/www.thesun.co.uk\/wp-content\/uploads\/2024\/10\/1f651aac-c00e-4b8b-bfd9-ec2ed0c1f575.jpg?w=1860 1860w, https:\/\/www.thesun.co.uk\/wp-content\/uploads\/2024\/10\/1f651aac-c00e-4b8b-bfd9-ec2ed0c1f575.jpg?w=1340 1340w, https:\/\/www.thesun.co.uk\/wp-content\/uploads\/2024\/10\/1f651aac-c00e-4b8b-bfd9-ec2ed0c1f575.jpg?w=1920 1920w, https:\/\/www.thesun.co.uk\/wp-content\/uploads\/2024\/10\/1f651aac-c00e-4b8b-bfd9-ec2ed0c1f575.jpg?w=2480 2480w\" loading=\"lazy\" role=\"img\"\/><\/p>\n<p><span class=\"article__gallery-count-value\">8<\/span><\/p>\n<\/div><figcaption class=\"article__media-caption\"><span class=\"article__media-span\">Automobiliai buvo apversti ir nu\u0161luoti<\/span><span class=\"article__credit\">Kreditas: Solarpix<\/span><\/figcaption><\/figure>\n<p>Potvynis suk\u0117l\u0117 sumai\u0161t\u012f nuo Malagos provincij\u0173 pietuose iki Valensijos rytuose.<\/p>\n<p>Ispanijos transliuotoj\u0173 pasidalintuose vaizdo \u012fra\u0161uose matyti, kad potvynis kyla \u012f \u017eemesnius nam\u0173 lygius ir net gatve ne\u0161a automobilius.<\/p>\n<p>Vairuotojai taip pat paskelb\u0117 vaizdo \u012fra\u0161us, kuriuose matyti siaubingos s\u0105lygos keliuose, kai daugelis arba palieka savo transporto priemones, arba sustojo, kai aplinkui siau\u010dia audra. <\/p>\n<p>Valensijos rytin\u0117s pakrant\u0117s provincijoje esan\u010diame Alkudijoje dingo sunkve\u017eimio vairuotojas, o Leturo mieste dingo daugyb\u0117 \u017emoni\u0173.<\/p>\n<p>Greitosios pagalbos tarnyb\u0173 darbuotojai, remiami bepilo\u010di\u0173 orlaivi\u0173, ie\u0161ko \u0161e\u0161i\u0173 \u017emoni\u0173, dingusi\u0173 po staigi\u0173 potvyni\u0173 mieste, Ispanijos visuomeninei televizijai TVE sak\u0117 centrin\u0117s vyriausyb\u0117s atstovas Kastilijoje-La Man\u010doje.<\/p>\n<p>\u201ePrioritetas yra surasti \u0161iuos \u017emones\u201c, \u2013 prid\u016br\u0117 ji.<\/p>\n<p>Staigus potvynis Letur mieste, kuris laikomas viena gra\u017eiausi\u0173 viet\u0173 Albaset\u0117s provincijoje, taip pat paliko apie 30 \u017emoni\u0173 \u012fstrigusius savo namuose.<\/p>\n<p>Tuo tarpu visai Valensijos provincijai, kurioje gyvena beveik 5,5 milijono gyventoj\u0173, buvo pasakyta, kad \u0161\u012f vakar\u0105 reik\u0117t\u0173 vengti bet koki\u0173 kelioni\u0173, nes buvo patvirtinta, kad audra ten nusine\u0161\u0117 pirm\u0105j\u012f auk\u0173 skai\u010di\u0173.<\/p>\n<p>U\u017e \u0161i\u0105 srit\u012f atsakinga regiono vald\u017eia prane\u0161\u0117 suaktyvinusi civilin\u0117s saugos \u012fsp\u0117jim\u0105 apie ES \u012fsp\u0117jim\u0105, skirt\u0105 \u017emon\u0117ms, esantiems nelaim\u0117s ar katastrofos paveiktose vietose, informuoti mobiliaisiais telefonais.<\/p>\n<p>Gyvyb\u0117s netek\u0119s vyras gyveno Masanasoje, Valensijos miesto pakra\u0161tyje.<\/p>\n<div id=\"bc-video-6363088098112\" class=\"brightcove\"><span class=\"article__bc_video-caption\">Akimirka, kai uraganas Miltonas u\u017etvind\u0117 Tamp\u0105, policija i\u0161gelb\u0117jo 14-met\u012f berniuk\u0105, palikt\u0105 pl\u016bduriuoti ant \u0161iuk\u0161li\u0173 maisto preki\u0173 parduotuv\u0117s automobili\u0173 stov\u0117jimo aik\u0161tel\u0117je<\/span><\/div>\n<p>Kaimynai sak\u0117, kad jis \u012fstrigo lifte, kai nulipo \u012f u\u017eliet\u0105 po\u017eemin\u0119 automobili\u0173 stov\u0117jimo aik\u0161tel\u0119 po butu patikrinti savo transporto priemon\u0117s.<\/p>\n<p>Nepalank\u016bs orai yra vieni i\u0161 ekstremaliausi\u0173 pastaraisiais metais \u0161alyje.<\/p>\n<p>Kitose vietose gelb\u0117jimo tarnybos sraigtasparniais i\u0161keldavo \u017emones i\u0161 nam\u0173 ir automobili\u0173 \u012f saugi\u0105 viet\u0105.<\/p>\n<p>Pietiniame Andal\u016bzijos regione nuo b\u0117gi\u0173 nul\u0117k\u0117 greitasis traukinys su 276 keleiviais, nors niekas nenukent\u0117jo, sakoma regiono vyriausyb\u0117s prane\u0161ime.<\/p>\n<p>Dvylika skryd\u017ei\u0173 d\u0117l t\u016bpimo Valensijos oro uoste d\u0117l smarkaus lietaus ir stipraus v\u0117jo buvo nukreipti \u012f kitus Ispanijos miestus, prane\u0161\u0117 Ispanijos oro uosto operator\u0117 Aena.<\/p>\n<p>Dar 10 skryd\u017ei\u0173, kurie tur\u0117jo i\u0161vykti arba atvykti \u012f oro uost\u0105, buvo at\u0161aukti.<\/p>\n<p>Tuo tarpu Leturo meras Sergio Marinas situacij\u0105 apib\u016bdino kaip \u201ekatastrofi\u0161k\u0105\u201c, nes ugniagesiai ir policija ant \u017eem\u0117s ir sraigtasparniu ie\u0161kojo keturi\u0173 \u017emoni\u0173, kurie, kaip teigiama, buvo \u201ene\u017einomi\u201c.<\/p>\n<p>Potvynis kilo apie 13 val. vietos laiku, d\u0117l kurio vanduo pateko \u012f namus miesto centre ir nuplov\u0117 ma\u017eiausiai tuzin\u0105 transporto priemoni\u0173, \u012fskaitant didel\u012f balt\u0105 furgon\u0105, kuris sustojo tik po to, kai buvo \u012fsir\u0117\u017e\u0119s \u012f nam\u0105 ir \u012fstrig\u0119s tarp dviej\u0173 sien\u0173. siaut\u0117jantis vanduo.<\/p>\n<p>P. Marinas Ispanijos televizijai sak\u0117: \u201eNegal\u0117jome numatyti, kad ka\u017ekas pana\u0161aus nutiks. Tai did\u017eiul\u0117 katastrofa.<\/p>\n<p>\u201eGreivieji gelb\u0117tojai, \u012fskaitant policijos sraigtasparn\u012f, vis dar ie\u0161ko ma\u017edaug keturi\u0173 \u017emoni\u0173, kuri\u0173 mes negal\u0117jome atsiskaityti potvynio zonoje.<\/p>\n<p>\u201eVieni buvo automobilyje, kiti \u2013 savo namuose. Padaryta daug \u017ealos, bet tikim\u0117s, kad visiems viskas gerai ir n\u0117ra joki\u0173 auk\u0173.<\/p>\n<p>D\u0117l smarkios li\u016bties \u0161iek tiek daugiau nei 1200 gyventoj\u0173 turin\u010dio miestelio up\u0117 u\u017etvind\u0117 jos krantus.<\/p>\n<p>Kitur, Ispanijos mieste Almerijoje, automobilius sunaikino mil\u017eini\u0161kos golfo kamuoliuko dyd\u017eio kru\u0161os, kurios nukrito i\u0161 dangaus pra\u0117jusi\u0105 nakt\u012f pra\u016b\u017eus smarkiai audrai. <\/p>\n<p>Ir vienas brit\u0173 emigrantas nusteb\u0119s steb\u0117jo, kaip automobiliai virsta valtimis i\u0161sip\u016btusioje Gvadalhorso up\u0117je Aloroje netoli Malagos.<\/p>\n<p>Kai dvi transporto priemon\u0117s buvo nune\u0161tos svyruodamos auk\u0161tyn ir \u017eemyn vandenyje, jis pasak\u0117: \u201eO Dieve!\u201c ir sarkasti\u0161kai prid\u016br\u0117: \u201eDabar tai m\u016bs\u0173 ma\u017eyt\u0117 up\u0117.<\/p>\n<p>Ugniagesiai tur\u0117jo gelb\u0117ti du \u017emones, naudodamiesi virv\u0117mis, nukreipian\u010diomis juos per potvynio vanden\u012f, kai jie \u012fstrigo savo namelyje kaimo sodyboje netoli Pizarros miesto, ma\u017edaug 20 myli\u0173 nuo Malagos.<\/p>\n<p>Neatid\u0117liotinos pagalbos koordinavimo centras Malagos provincijoje prane\u0161\u0117, kad pra\u0117jusi\u0105 nakt\u012f nuo audros prad\u017eios u\u017efiksavo beveik 300 incident\u0173.<\/p>\n<p>Remiantis \u0161alies meteorologijos tarnyba, prognozuojama, kad audros t\u0119sis vis\u0105 savait\u0119 iki ketvirtadienio.<\/p>\n<figure class=\"article__media\">\n<div class=\"article__media-img-container open-gallery\" data-index=\"6\"><img decoding=\"async\" alt=\"Potvyniai Valensijos Piaportos mieste\" height=\"960\" width=\"542\" data-credit=\"Solarpix\" src=\"https:\/\/www.thesun.co.uk\/wp-content\/uploads\/2024\/10\/9764a250-4588-436f-b602-1d1f73e3cd4b.jpg?strip=all&amp;w=542\" sizes=\"auto, (max-width: 375px) 335px, (max-width: 520px) 480px, 620px\" srcset=\"https:\/\/www.thesun.co.uk\/wp-content\/uploads\/2024\/10\/9764a250-4588-436f-b602-1d1f73e3cd4b.jpg?w=335 335w, https:\/\/www.thesun.co.uk\/wp-content\/uploads\/2024\/10\/9764a250-4588-436f-b602-1d1f73e3cd4b.jpg?w=480 480w, https:\/\/www.thesun.co.uk\/wp-content\/uploads\/2024\/10\/9764a250-4588-436f-b602-1d1f73e3cd4b.jpg?w=620 620w, https:\/\/www.thesun.co.uk\/wp-content\/uploads\/2024\/10\/9764a250-4588-436f-b602-1d1f73e3cd4b.jpg?w=670 670w, https:\/\/www.thesun.co.uk\/wp-content\/uploads\/2024\/10\/9764a250-4588-436f-b602-1d1f73e3cd4b.jpg?w=960 960w, https:\/\/www.thesun.co.uk\/wp-content\/uploads\/2024\/10\/9764a250-4588-436f-b602-1d1f73e3cd4b.jpg?w=1240 1240w, https:\/\/www.thesun.co.uk\/wp-content\/uploads\/2024\/10\/9764a250-4588-436f-b602-1d1f73e3cd4b.jpg?w=1005 1005w, https:\/\/www.thesun.co.uk\/wp-content\/uploads\/2024\/10\/9764a250-4588-436f-b602-1d1f73e3cd4b.jpg?w=1440 1440w, https:\/\/www.thesun.co.uk\/wp-content\/uploads\/2024\/10\/9764a250-4588-436f-b602-1d1f73e3cd4b.jpg?w=1860 1860w, https:\/\/www.thesun.co.uk\/wp-content\/uploads\/2024\/10\/9764a250-4588-436f-b602-1d1f73e3cd4b.jpg?w=1340 1340w, https:\/\/www.thesun.co.uk\/wp-content\/uploads\/2024\/10\/9764a250-4588-436f-b602-1d1f73e3cd4b.jpg?w=1920 1920w, https:\/\/www.thesun.co.uk\/wp-content\/uploads\/2024\/10\/9764a250-4588-436f-b602-1d1f73e3cd4b.jpg?w=2480 2480w\" loading=\"lazy\" role=\"img\"\/><\/p>\n<p><span class=\"article__gallery-count-value\">8<\/span><\/p>\n<\/div><figcaption class=\"article__media-caption\"><span class=\"article__media-span\">Potvyniai Valensijos Piaportos mieste<\/span><span class=\"article__credit\">Kreditas: Solarpix<\/span><\/figcaption><\/figure>\n<figure class=\"article__media\">\n<div class=\"article__media-img-container open-gallery\" data-index=\"7\"><img decoding=\"async\" alt=\"D\u0117l siaut\u0117jan\u010di\u0173 potvyni\u0173 buvo imtasi masini\u0173 evakuacij\u0173\" height=\"960\" width=\"542\" data-credit=\"Solarpix\" src=\"https:\/\/www.thesun.co.uk\/wp-content\/uploads\/2024\/10\/5144a5aa-61fb-4720-8f38-f5d8116f0631.jpg?strip=all&amp;w=542\" sizes=\"auto, (max-width: 375px) 335px, (max-width: 520px) 480px, 620px\" srcset=\"https:\/\/www.thesun.co.uk\/wp-content\/uploads\/2024\/10\/5144a5aa-61fb-4720-8f38-f5d8116f0631.jpg?w=335 335w, https:\/\/www.thesun.co.uk\/wp-content\/uploads\/2024\/10\/5144a5aa-61fb-4720-8f38-f5d8116f0631.jpg?w=480 480w, https:\/\/www.thesun.co.uk\/wp-content\/uploads\/2024\/10\/5144a5aa-61fb-4720-8f38-f5d8116f0631.jpg?w=620 620w, https:\/\/www.thesun.co.uk\/wp-content\/uploads\/2024\/10\/5144a5aa-61fb-4720-8f38-f5d8116f0631.jpg?w=670 670w, https:\/\/www.thesun.co.uk\/wp-content\/uploads\/2024\/10\/5144a5aa-61fb-4720-8f38-f5d8116f0631.jpg?w=960 960w, https:\/\/www.thesun.co.uk\/wp-content\/uploads\/2024\/10\/5144a5aa-61fb-4720-8f38-f5d8116f0631.jpg?w=1240 1240w, https:\/\/www.thesun.co.uk\/wp-content\/uploads\/2024\/10\/5144a5aa-61fb-4720-8f38-f5d8116f0631.jpg?w=1005 1005w, https:\/\/www.thesun.co.uk\/wp-content\/uploads\/2024\/10\/5144a5aa-61fb-4720-8f38-f5d8116f0631.jpg?w=1440 1440w, https:\/\/www.thesun.co.uk\/wp-content\/uploads\/2024\/10\/5144a5aa-61fb-4720-8f38-f5d8116f0631.jpg?w=1860 1860w, https:\/\/www.thesun.co.uk\/wp-content\/uploads\/2024\/10\/5144a5aa-61fb-4720-8f38-f5d8116f0631.jpg?w=1340 1340w, https:\/\/www.thesun.co.uk\/wp-content\/uploads\/2024\/10\/5144a5aa-61fb-4720-8f38-f5d8116f0631.jpg?w=1920 1920w, https:\/\/www.thesun.co.uk\/wp-content\/uploads\/2024\/10\/5144a5aa-61fb-4720-8f38-f5d8116f0631.jpg?w=2480 2480w\" loading=\"lazy\" role=\"img\"\/><\/p>\n<p><span class=\"article__gallery-count-value\">8<\/span><\/p>\n<\/div><figcaption class=\"article__media-caption\"><span class=\"article__media-span\">D\u0117l siaut\u0117jan\u010di\u0173 potvyni\u0173 buvo imtasi masini\u0173 evakuacij\u0173<\/span><span class=\"article__credit\">Kreditas: Solarpix<\/span><\/figcaption><\/figure>\n<figure class=\"article__media\">\n<div class=\"article__media-img-container open-gallery\" data-index=\"8\"><img decoding=\"async\" alt=\"I\u0161 transporto priemoni\u0173 teko gelb\u0117ti \u017emones\" height=\"960\" width=\"534\" data-credit=\"Solarpix\" src=\"https:\/\/www.thesun.co.uk\/wp-content\/uploads\/2024\/10\/least-five-people-missing-spain-944916321.jpg?strip=all&amp;w=534\" sizes=\"auto, (max-width: 375px) 335px, (max-width: 520px) 480px, 620px\" srcset=\"https:\/\/www.thesun.co.uk\/wp-content\/uploads\/2024\/10\/least-five-people-missing-spain-944916321.jpg?w=335 335w, https:\/\/www.thesun.co.uk\/wp-content\/uploads\/2024\/10\/least-five-people-missing-spain-944916321.jpg?w=480 480w, https:\/\/www.thesun.co.uk\/wp-content\/uploads\/2024\/10\/least-five-people-missing-spain-944916321.jpg?w=620 620w, https:\/\/www.thesun.co.uk\/wp-content\/uploads\/2024\/10\/least-five-people-missing-spain-944916321.jpg?w=670 670w, https:\/\/www.thesun.co.uk\/wp-content\/uploads\/2024\/10\/least-five-people-missing-spain-944916321.jpg?w=960 960w, https:\/\/www.thesun.co.uk\/wp-content\/uploads\/2024\/10\/least-five-people-missing-spain-944916321.jpg?w=1240 1240w, https:\/\/www.thesun.co.uk\/wp-content\/uploads\/2024\/10\/least-five-people-missing-spain-944916321.jpg?w=1005 1005w, https:\/\/www.thesun.co.uk\/wp-content\/uploads\/2024\/10\/least-five-people-missing-spain-944916321.jpg?w=1440 1440w, https:\/\/www.thesun.co.uk\/wp-content\/uploads\/2024\/10\/least-five-people-missing-spain-944916321.jpg?w=1860 1860w, https:\/\/www.thesun.co.uk\/wp-content\/uploads\/2024\/10\/least-five-people-missing-spain-944916321.jpg?w=1340 1340w, https:\/\/www.thesun.co.uk\/wp-content\/uploads\/2024\/10\/least-five-people-missing-spain-944916321.jpg?w=1920 1920w, https:\/\/www.thesun.co.uk\/wp-content\/uploads\/2024\/10\/least-five-people-missing-spain-944916321.jpg?w=2480 2480w\" loading=\"lazy\" role=\"img\"\/><\/p>\n<p><span class=\"article__gallery-count-value\">8<\/span><\/p>\n<\/div><figcaption class=\"article__media-caption\"><span class=\"article__media-span\">I\u0161 transporto priemoni\u0173 teko gelb\u0117ti \u017emones<\/span><span class=\"article__credit\">Kreditas: Solarpix<\/span><\/figcaption><\/figure>\n<\/div>\n<p><br \/>\n<br \/><a href=\"https:\/\/www.thesun.co.uk\/news\/31394722\/cars-swept-roads-rivers-spain-flash-floods\/\">Source link <\/a><\/p>\n","protected":false},"excerpt":{"rendered":"<p>\u0160OKIRUOJAME filmuotoje med\u017eiagoje matyti, kaip Ispanij\u0105 u\u017eklupus staigiems potvyniams nu\u0161luojami automobiliai ir keliai virto up\u0117mis. Ma\u017eiausiai septyni \u017emon\u0117s ding\u0119 be \u017einios, o vienas \u017emogus \u017euvo po to, kai Ispanijos regionai, \u012fskaitant populiarius Kosta kurortus, nukent\u0117jo nuo audr\u0173 ir li\u016b\u010di\u0173. 8 I\u0161 dalies panardintos transporto priemon\u0117s MalagojeKreditas: EPA 8 Ispanijoje po staigi\u0173 potvyni\u0173 dingo keli \u017emon\u0117s, [&hellip;]<\/p>\n","protected":false},"author":1,"featured_media":896,"comment_status":"open","ping_status":"open","sticky":false,"template":"","format":"standard","meta":{"om_disable_all_campaigns":false,"_monsterinsights_skip_tracking":false,"_monsterinsights_sitenote_active":false,"_monsterinsights_sitenote_note":"","_monsterinsights_sitenote_category":0,"footnotes":""},"categories":[4],"tags":[41,1582,1588,1151,1583,81,1581,1584,1587,886,1586,1585,1589],"class_list":["post-895","post","type-post","status-publish","format-standard","has-post-thumbnail","hentry","category-pasaulio-naujienos","tag-akimirka","tag-automobiliai","tag-dingo","tag-ispanijoje","tag-keliai","tag-nes","tag-nusluojami","tag-pavirsta","tag-potvyniai","tag-sokiruojanti","tag-staigus","tag-upemis","tag-zinios"],"aioseo_notices":[],"_links":{"self":[{"href":"https:\/\/sekmesreceptas.lt\/index.php\/wp-json\/wp\/v2\/posts\/895","targetHints":{"allow":["GET"]}}],"collection":[{"href":"https:\/\/sekmesreceptas.lt\/index.php\/wp-json\/wp\/v2\/posts"}],"about":[{"href":"https:\/\/sekmesreceptas.lt\/index.php\/wp-json\/wp\/v2\/types\/post"}],"author":[{"embeddable":true,"href":"https:\/\/sekmesreceptas.lt\/index.php\/wp-json\/wp\/v2\/users\/1"}],"replies":[{"embeddable":true,"href":"https:\/\/sekmesreceptas.lt\/index.php\/wp-json\/wp\/v2\/comments?post=895"}],"version-history":[{"count":0,"href":"https:\/\/sekmesreceptas.lt\/index.php\/wp-json\/wp\/v2\/posts\/895\/revisions"}],"wp:featuredmedia":[{"embeddable":true,"href":"https:\/\/sekmesreceptas.lt\/index.php\/wp-json\/wp\/v2\/media\/896"}],"wp:attachment":[{"href":"https:\/\/sekmesreceptas.lt\/index.php\/wp-json\/wp\/v2\/media?parent=895"}],"wp:term":[{"taxonomy":"category","embeddable":true,"href":"https:\/\/sekmesreceptas.lt\/index.php\/wp-json\/wp\/v2\/categories?post=895"},{"taxonomy":"post_tag","embeddable":true,"href":"https:\/\/sekmesreceptas.lt\/index.php\/wp-json\/wp\/v2\/tags?post=895"}],"curies":[{"name":"wp","href":"https:\/\/api.w.org\/{rel}","templated":true}]}}