{"id":997,"date":"2024-11-06T07:06:59","date_gmt":"2024-11-06T07:06:59","guid":{"rendered":"https:\/\/sekmesreceptas.lt\/index.php\/2024\/11\/06\/netanyahu-ugniagesiu-gynybos-ministras-didejant-baimei-del-placiai-paplitusiu-protestu\/"},"modified":"2024-11-06T07:06:59","modified_gmt":"2024-11-06T07:06:59","slug":"netanyahu-ugniagesiu-gynybos-ministras-didejant-baimei-del-placiai-paplitusiu-protestu","status":"publish","type":"post","link":"https:\/\/sekmesreceptas.lt\/index.php\/2024\/11\/06\/netanyahu-ugniagesiu-gynybos-ministras-didejant-baimei-del-placiai-paplitusiu-protestu\/","title":{"rendered":"Netanyahu ugniagesi\u0173 gynybos ministras, did\u0117jant baimei d\u0117l pla\u010diai paplitusi\u0173 protest\u0173"},"content":{"rendered":"<p> <br \/>\n<\/p>\n<div>\n<p>IZRAELIO ministras pirmininkas Benjaminas Netanyahu pra\u0117jusi\u0105 nakt\u012f dramati\u0161kai atleido gynybos ministr\u0105 Yoav\u0105 Gallant\u0105, teigdamas, kad tarp j\u0173 kilo \u201epasitik\u0117jimo kriz\u0117\u201c.<\/p>\n<p>\u012etakinga pora susir\u0117m\u0117 d\u0117l 13 m\u0117nesi\u0173 Izraelio karo Gazoje tiksl\u0173, ta\u010diau B. Netanyahu teig\u0117, kad besit\u0119siantys nesutarimai galiausiai privert\u0117 j\u012f veikti.<\/p>\n<figure class=\"article__media\">\n<div class=\"article__media-img-container open-gallery\" data-index=\"1\"><\/p>\n<p><span class=\"article__gallery-count-value\">5<\/span><\/p>\n<\/div><figcaption class=\"article__media-caption\"><span class=\"article__media-span\">Kairysis Benjaminas Netanyahu atleido savo gynybos ministr\u0105 Yoav\u0105 Gallant\u0105, \u010dia matyt\u0105 \u0161i\u0173 met\u0173 spal\u012f<\/span><span class=\"article__credit\">Kreditas: Reuters<\/span><\/figcaption><\/figure>\n<figure class=\"article__media\">\n<div class=\"article__media-img-container open-gallery\" data-index=\"2\"><img decoding=\"async\" alt=\"Izraelis t\u0119s\u0117 oro antskryd\u017eius Piet\u0173 Libane\" height=\"640\" width=\"960\" data-credit=\"EPA\" src=\"https:\/\/www.thesun.co.uk\/wp-content\/uploads\/2024\/11\/epa11699212-man-walks-rubble-building-946268843.jpg?strip=all&amp;w=960\" sizes=\"auto, (max-width: 375px) 335px, (max-width: 520px) 480px, 620px\" srcset=\"https:\/\/www.thesun.co.uk\/wp-content\/uploads\/2024\/11\/epa11699212-man-walks-rubble-building-946268843.jpg?w=335 335w, https:\/\/www.thesun.co.uk\/wp-content\/uploads\/2024\/11\/epa11699212-man-walks-rubble-building-946268843.jpg?w=480 480w, https:\/\/www.thesun.co.uk\/wp-content\/uploads\/2024\/11\/epa11699212-man-walks-rubble-building-946268843.jpg?w=620 620w, https:\/\/www.thesun.co.uk\/wp-content\/uploads\/2024\/11\/epa11699212-man-walks-rubble-building-946268843.jpg?w=670 670w, https:\/\/www.thesun.co.uk\/wp-content\/uploads\/2024\/11\/epa11699212-man-walks-rubble-building-946268843.jpg?w=960 960w, https:\/\/www.thesun.co.uk\/wp-content\/uploads\/2024\/11\/epa11699212-man-walks-rubble-building-946268843.jpg?w=1240 1240w, https:\/\/www.thesun.co.uk\/wp-content\/uploads\/2024\/11\/epa11699212-man-walks-rubble-building-946268843.jpg?w=1005 1005w, https:\/\/www.thesun.co.uk\/wp-content\/uploads\/2024\/11\/epa11699212-man-walks-rubble-building-946268843.jpg?w=1440 1440w, https:\/\/www.thesun.co.uk\/wp-content\/uploads\/2024\/11\/epa11699212-man-walks-rubble-building-946268843.jpg?w=1860 1860w, https:\/\/www.thesun.co.uk\/wp-content\/uploads\/2024\/11\/epa11699212-man-walks-rubble-building-946268843.jpg?w=1340 1340w, https:\/\/www.thesun.co.uk\/wp-content\/uploads\/2024\/11\/epa11699212-man-walks-rubble-building-946268843.jpg?w=1920 1920w, https:\/\/www.thesun.co.uk\/wp-content\/uploads\/2024\/11\/epa11699212-man-walks-rubble-building-946268843.jpg?w=2480 2480w\" loading=\"lazy\" role=\"img\"\/><\/p>\n<p><span class=\"article__gallery-count-value\">5<\/span><\/p>\n<\/div><figcaption class=\"article__media-caption\"><span class=\"article__media-span\">Izraelis t\u0119s\u0117 oro antskryd\u017eius Piet\u0173 Libane<\/span><span class=\"article__credit\">Kreditas: EPA<\/span><\/figcaption><\/figure>\n<figure class=\"article__media\">\n<div class=\"article__media-img-container open-gallery\" data-index=\"3\"><img decoding=\"async\" alt=\"Pra\u0117jusi\u0105 savait\u0119 Izraelio antskrydis smog\u0117 Beiruto al Jamous rajonui miesto pietuose.\" height=\"640\" width=\"960\" data-credit=\"AFP\" src=\"https:\/\/www.thesun.co.uk\/wp-content\/uploads\/2024\/11\/2024-shows-damaged-car-amid-946782068_37b8f8.jpg?strip=all&amp;w=960\" sizes=\"auto, (max-width: 375px) 335px, (max-width: 520px) 480px, 620px\" srcset=\"https:\/\/www.thesun.co.uk\/wp-content\/uploads\/2024\/11\/2024-shows-damaged-car-amid-946782068_37b8f8.jpg?w=335 335w, https:\/\/www.thesun.co.uk\/wp-content\/uploads\/2024\/11\/2024-shows-damaged-car-amid-946782068_37b8f8.jpg?w=480 480w, https:\/\/www.thesun.co.uk\/wp-content\/uploads\/2024\/11\/2024-shows-damaged-car-amid-946782068_37b8f8.jpg?w=620 620w, https:\/\/www.thesun.co.uk\/wp-content\/uploads\/2024\/11\/2024-shows-damaged-car-amid-946782068_37b8f8.jpg?w=670 670w, https:\/\/www.thesun.co.uk\/wp-content\/uploads\/2024\/11\/2024-shows-damaged-car-amid-946782068_37b8f8.jpg?w=960 960w, https:\/\/www.thesun.co.uk\/wp-content\/uploads\/2024\/11\/2024-shows-damaged-car-amid-946782068_37b8f8.jpg?w=1240 1240w, https:\/\/www.thesun.co.uk\/wp-content\/uploads\/2024\/11\/2024-shows-damaged-car-amid-946782068_37b8f8.jpg?w=1005 1005w, https:\/\/www.thesun.co.uk\/wp-content\/uploads\/2024\/11\/2024-shows-damaged-car-amid-946782068_37b8f8.jpg?w=1440 1440w, https:\/\/www.thesun.co.uk\/wp-content\/uploads\/2024\/11\/2024-shows-damaged-car-amid-946782068_37b8f8.jpg?w=1860 1860w, https:\/\/www.thesun.co.uk\/wp-content\/uploads\/2024\/11\/2024-shows-damaged-car-amid-946782068_37b8f8.jpg?w=1340 1340w, https:\/\/www.thesun.co.uk\/wp-content\/uploads\/2024\/11\/2024-shows-damaged-car-amid-946782068_37b8f8.jpg?w=1920 1920w, https:\/\/www.thesun.co.uk\/wp-content\/uploads\/2024\/11\/2024-shows-damaged-car-amid-946782068_37b8f8.jpg?w=2480 2480w\" loading=\"lazy\" role=\"img\"\/><\/p>\n<p><span class=\"article__gallery-count-value\">5<\/span><\/p>\n<\/div><figcaption class=\"article__media-caption\"><span class=\"article__media-span\">Pra\u0117jusi\u0105 savait\u0119 Izraelio antskrydis smog\u0117 Beiruto al Jamous rajonui miesto pietuose.<\/span><span class=\"article__credit\">Kreditas: AFP<\/span><\/figcaption><\/figure>\n<p>Netanyahu paskyr\u0117 u\u017esienio reikal\u0173 ministr\u0105 Israel\u0105 Katz\u0105, kuris pakeis Gallant\u0105 gynybos ministru, o Gideonas Saaras tampa naujuoju u\u017esienio reikal\u0173 ministru, sakoma Netanyahu biuro prane\u0161ime.<\/p>\n<p>65 met\u0173 Gallantas, kuris yra ilgametis var\u017eovas Likud partijoje, pastarosiomis savait\u0117mis vadovavo didel\u0117ms s\u0117km\u0117ms, \u012fskaitant Hamas ir Hezbollah vadovyb\u0117s nukirsdinim\u0105 Libane.<\/p>\n<p>Ta\u010diau populiar\u0173 ir gerbiam\u0105 gynybos vadov\u0105 dabar pakeis u\u017esienio reikal\u0173 ministras Israelas Katzas, 75 met\u0173 Netanyahu patiriant nuolatin\u012f spaudim\u0105 nutraukti kovas Gazoje.<\/p>\n<p>Karas t\u0119siasi nepaisant pra\u0161ym\u0173 sudaryti paliaub\u0173 susitarim\u0105, kad b\u016bt\u0173 galima paleisti ma\u017e\u0117jan\u010di\u0105 \u012fkait\u0173 grup\u0119, likusi\u0105 gyv\u0173 Hamaso Gazos ruo\u017eo tvirtov\u0117je.<\/p>\n<p>Ministras pirmininkas sustiprino Artim\u0173j\u0173 Ryt\u0173 konflikt\u0105 nepaisydamas did\u017eiuli\u0173 civili\u0173 auk\u0173 ir prie\u0161inosi Gallanto vie\u0161am pasiprie\u0161inimui <span id=\"6633e71b-6b54-4853-b9ed-5bdac922778a\" class=\"suggested-link\">ateities<\/span> Palestinos vald\u017eia 25 myli\u0173 pakrant\u0117s juostoje.<\/p>\n<p>Netanyahu sak\u0117, kad jie taip pat nesutaria d\u0117l konflikto valdymo ir kad Gallantas pri\u0117m\u0117 sprendimus ir parei\u0161kimus, kurie prie\u0161tarauja ministr\u0173 kabineto sprendimams.<\/p>\n<p>Netanyahu vakar vakar sak\u0117: \u201eDeja, nors pirmaisiais karo m\u0117nesiais buvo pasitik\u0117jimas ir buvo labai vaisingas darbas, pastaraisiais m\u0117nesiais \u0161is pasitik\u0117jimas nutr\u016bko tarp man\u0119s ir gynybos ministro.<\/p>\n<p>\u201eDaug kart\u0173 band\u017eiau u\u017epildyti \u0161ias spragas, bet jos vis plat\u0117jo.<\/p>\n<p>\u201eJie taip pat nepriimtinu b\u016bdu su\u017einojo visuomen\u0119, o dar blogiau \u2013 su\u017einojo apie prie\u0161\u0105.<\/p>\n<p>\u201eM\u016bs\u0173 prie\u0161ams tai patiko ir jie gavo daug naudos\u201c.<\/p>\n<div id=\"bc-video-6364172921112\" class=\"brightcove\"><span class=\"article__bc_video-caption\">IDF sunaikino \u201eHezbollah\u201c terorist\u0105 Libane, kai elitinis Izraelio padalinys u\u017egrob\u0117 Irano operatyvin\u0119 operacij\u0105 Sirijoje <\/span><\/div>\n<p>Gallantas pra\u0117jusi\u0105 nakt\u012f socialin\u0117je \u017einiasklaidoje paskelb\u0117, kad \u201eIzraelio valstyb\u0117s saugumas buvo ir visada i\u0161liks mano gyvenimo misija\u201c.<\/p>\n<p>Remiantis vietos \u017einiasklaidos prane\u0161imais, atleidimas suk\u0117l\u0117 protestus, \u012fsiplieskusius Tel Avivo ir Jeruzal\u0117s gatv\u0117se.<\/p>\n<p>Be to, Limor Livnat protestuodamas i\u0161stojo i\u0161 Likud partijos.<\/p>\n<p>Opozicijos partijos ir aktyvistai paskelb\u0117 spontani\u0161k\u0105 nakt\u012f, kai kilo did\u017eiuliai protestai d\u0117l staigaus atleidimo.<\/p>\n<p>Policija prad\u0117jo u\u017edaryti kelius Tel Avive ir Jeruzal\u0117je, kad gal\u0117t\u0173 suvaldyti minias.<\/p>\n<p>Atleidimas i\u0161 darbo ateina subtiliu metu.<\/p>\n<p>Izraelio kariai teb\u0117ra \u012fstrig\u0119 Gazos ruo\u017ee, pra\u0117jus daugiau nei metams po \u012fsiver\u017eimo \u012f teritorij\u0105, o Izraelio sausumos kariuomen\u0117 t\u0119sia m\u0117nes\u012f trunkan\u010di\u0105 sausumos invazij\u0105 prie\u0161 \u201eHezbollah\u201c kovotojus Libane.<\/p>\n<p>Izraelis taip pat susir\u0117m\u0117 su Irano remiamomis grupuot\u0117mis Irake, Sirijoje ir Jemene ir susiduria su galimybe dar vien\u0105 Irano sm\u016bg\u012f.<\/p>\n<p>Iranas pa\u017ead\u0117jo atker\u0161yti u\u017e Izraelio sm\u016bg\u012f, surengt\u0105 kaip atsak\u0105 \u012f spalio 1 d. Irano raket\u0173 atak\u0105, o tai yra atsakas u\u017e ankstesnes Izraelio atakas prie\u0161 su Iranu susijusius taikinius.<\/p>\n<p>Izraelio televizijos kanalas 12 prane\u0161\u0117, kad B.Netanyahu sprendim\u0105 paskatino Gallanto sprendimas \u0161i\u0105 savait\u0119 i\u0161si\u0173sti t\u016bkstan\u010dius prane\u0161im\u0173 juodra\u0161\u010diams jauniems ultraortodoksams.<\/p>\n<p>Pagal ilgalaik\u012f ir prie\u0161taring\u0105 susitarim\u0105 religingi vyrai atleid\u017eiami nuo karo tarnybos, kuri daugeliui \u017eyd\u0173 yra privaloma.<\/p>\n<p>\u0160i sistema suk\u0117l\u0117 plat\u0173 pasaulietin\u0117s daugumos pasipiktinim\u0105, o Izraelio Auk\u0161\u010diausiasis Teismas nurod\u0117 vyriausybei panaikinti sistem\u0105.<\/p>\n<p>Netanyahu, kurio valdan\u010dioji koalicija priklauso nuo ultraortodoks\u0173 partij\u0173, \u012fsakymo dar ne\u012fgyvendino.<\/p>\n<p>13 televizijos kanalas teig\u0117, kad Netanyahu taip pat pasinaudojo JAV rinkimais, kai Amerikos d\u0117mesys sutelktas kitur, siekdamas atleisti savo var\u017eov\u0105.<\/p>\n<p>Gallantas, buv\u0119s generolas, peln\u0119s visuomen\u0117s pagarb\u0105 b\u016bdamas ni\u016briu ir niek\u0161i\u0161ku asmeniu, savo parei\u0161kime sak\u0117: \u201eIzraelio valstyb\u0117s saugumas visada buvo ir liks mano gyvenimo misija\u201c.<\/p>\n<p>Gallantas viso karo metu d\u0117v\u0117jo paprastus, juodas sagomis susegtus mar\u0161kinius, reik\u0161damas li\u016bdes\u012f d\u0117l spalio 7 d. i\u0161puolio, ir u\u017emezg\u0117 tvirtus santykius su savo kolega JAV gynybos sekretoriumi Lloidu Ostinu.<\/p>\n<p>Ankstesnis Netanyahu bandymas atleisti Gallant\u0105 2023 m. kov\u0105 suk\u0117l\u0117 pla\u010dius gatv\u0117s protestus prie\u0161 Netanyahu.<\/p>\n<p>Jis taip pat flirtavo su mintimi atleisti Gallant\u0105 vasar\u0105, bet atid\u0117jo iki antradienio prane\u0161imo.<\/p>\n<p>J\u012f pavaduojantis Katzas \u0161iuo metu eina u\u017esienio reikal\u0173 ministro pareigas ir yra ilgametis Netanyahu i\u0161tikimas ir ministr\u0173 kabineto veteranas.<\/p>\n<p>69 met\u0173 Katzas prie\u0161 de\u0161imtme\u010dius buvo jaunesnysis kariuomen\u0117s karininkas ir turi ma\u017eai karin\u0117s patirties, nors daugel\u012f met\u0173 buvo pagrindinis Netanyahu saugumo kabineto narys. Gideonas Saaras, buv\u0119s Netanyahu var\u017eovas, rugs\u0117j\u012f v\u0117l prisijung\u0119s prie vyriausyb\u0117s, u\u017eims u\u017esienio reikal\u0173 pareigas.<\/p>\n<p>Netanyahu ilg\u0105 laik\u0105 neutralizavo savo var\u017eovus. Savo parei\u0161kime jis teig\u0117, kad daug kart\u0173 band\u0117 u\u017epildyti spragas su Gallantu.<\/p>\n<p>Bet jie vis plat\u0117jo.<\/p>\n<p>Jie taip pat nepriimtinu b\u016bdu pateko \u012f visuomen\u0117s \u017einias, o dar blogiau, kad su\u017einojo apie prie\u0161\u0105 \u2013 m\u016bs\u0173 prie\u0161ai tuo m\u0117gavosi ir i\u0161 to gavo daug naudos, \u2013 sak\u0117 jis.<\/p>\n<div class=\"article-boxout\">\n<p><div id=\"ez-toc-container\" class=\"ez-toc-v2_0_82_2 counter-hierarchy ez-toc-counter ez-toc-grey ez-toc-container-direction\">\n<div class=\"ez-toc-title-container\">\n<p class=\"ez-toc-title\" style=\"cursor:inherit\">Turinys:<\/p>\n<span class=\"ez-toc-title-toggle\"><a href=\"#\" class=\"ez-toc-pull-right ez-toc-btn ez-toc-btn-xs ez-toc-btn-default ez-toc-toggle\" aria-label=\"Toggle Table of Content\"><span class=\"ez-toc-js-icon-con\"><span class=\"\"><span class=\"eztoc-hide\" style=\"display:none;\">Toggle<\/span><span class=\"ez-toc-icon-toggle-span\"><svg style=\"fill: #999;color:#999\" xmlns=\"http:\/\/www.w3.org\/2000\/svg\" class=\"list-377408\" width=\"20px\" height=\"20px\" viewBox=\"0 0 24 24\" fill=\"none\"><path d=\"M6 6H4v2h2V6zm14 0H8v2h12V6zM4 11h2v2H4v-2zm16 0H8v2h12v-2zM4 16h2v2H4v-2zm16 0H8v2h12v-2z\" fill=\"currentColor\"><\/path><\/svg><svg style=\"fill: #999;color:#999\" class=\"arrow-unsorted-368013\" xmlns=\"http:\/\/www.w3.org\/2000\/svg\" width=\"10px\" height=\"10px\" viewBox=\"0 0 24 24\" version=\"1.2\" baseProfile=\"tiny\"><path d=\"M18.2 9.3l-6.2-6.3-6.2 6.3c-.2.2-.3.4-.3.7s.1.5.3.7c.2.2.4.3.7.3h11c.3 0 .5-.1.7-.3.2-.2.3-.5.3-.7s-.1-.5-.3-.7zM5.8 14.7l6.2 6.3 6.2-6.3c.2-.2.3-.5.3-.7s-.1-.5-.3-.7c-.2-.2-.4-.3-.7-.3h-11c-.3 0-.5.1-.7.3-.2.2-.3.5-.3.7s.1.5.3.7z\"\/><\/svg><\/span><\/span><\/span><\/a><\/span><\/div>\n<nav><ul class='ez-toc-list ez-toc-list-level-1 ' ><ul class='ez-toc-list-level-3' ><li class='ez-toc-heading-level-3'><a class=\"ez-toc-link ez-toc-heading-1\" href=\"https:\/\/sekmesreceptas.lt\/index.php\/2024\/11\/06\/netanyahu-ugniagesiu-gynybos-ministras-didejant-baimei-del-placiai-paplitusiu-protestu\/#Kas_yra_Yoav_Gallant\" >Kas yra Yoav Gallant?<\/a><\/li><\/ul><\/li><li class='ez-toc-page-1 ez-toc-heading-level-2'><a class=\"ez-toc-link ez-toc-heading-2\" href=\"https:\/\/sekmesreceptas.lt\/index.php\/2024\/11\/06\/netanyahu-ugniagesiu-gynybos-ministras-didejant-baimei-del-placiai-paplitusiu-protestu\/#%E2%80%9EHezbollah%E2%80%9C_paskelbe_nauja_lyderi\" >\u201eHezbollah\u201c paskelb\u0117 nauj\u0105 lyder\u012f<\/a><\/li><\/ul><\/nav><\/div>\n<h3 class=\"article-boxout__headline t-s-border-color\"><span class=\"ez-toc-section\" id=\"Kas_yra_Yoav_Gallant\"><\/span>Kas yra Yoav Gallant?<span class=\"ez-toc-section-end\"><\/span><\/h3>\n<\/p>\n<div class=\"article-boxout__content theme__background-color-rgba-20\">\n<div>\n<p>Yoav Gallant yra buv\u0119s armijos generolas, prie\u0161 eidamas \u012f politik\u0105.<\/p>\n<p>Jis tarnavo Piet\u0173 kariuomen\u0117s IDF vadaviet\u0117je ir Izraelio kariniame j\u016br\u0173 laivyne.<\/p>\n<p>Gallantas prad\u0117jo savo karin\u0119 karjer\u0105 1977 m. kaip karinio j\u016br\u0173 laivyno komanda, o v\u0117liau tarnavo raketiniame kate.<\/p>\n<p>Tada jis per\u0117jo \u012f sausumos paj\u0117gas ir 1993 m. prad\u0117jo vadovauti Menasche teritorinei brigadai.<\/p>\n<p>2001 m. tapo KLR armijos \u0161tabo \u0161tabo vir\u0161ininku.<\/p>\n<p>Gallantas buvo paskirtas Piet\u0173 vadovyb\u0117s vadu 2005 m.<\/p>\n<p>2010 m. rugs\u0117jo 5 d. vyriausyb\u0117 patvirtino Gallanto paskyrim\u0105 kitu personalo vadovu.<\/p>\n<p>Ta\u010diau 2011 m. vasario 1 d. ministras pirmininkas Benjaminas Netanyahu ir gynybos ministras Ehudas Barakas at\u0161auk\u0117 Gallanto paskyrim\u0105 \u012f Izraelio gynybos paj\u0117g\u0173 vado post\u0105.<\/p>\n<p>Gallantas \u012f politik\u0105 per\u0117jo 2015 met\u0173 saus\u012f ir prisijung\u0117 prie Kulanu partijos.<\/p>\n<p>I\u0161rinktas \u012f Kneset\u0105 buvo paskirtas statybos ministru.<\/p>\n<p>2018 m. jis prisijung\u0117 prie Likud partijos ir tapo Alijos ir integracijos ministru.<\/p>\n<p>Po dvej\u0173 met\u0173 jis buvo paskirtas \u0161vietimo ministru, o kitais metais \u2013 gynybos ministru.<\/p>\n<p>Jis yra ved\u0119s Claudine, \u012f pensij\u0105 i\u0161\u0117jusi\u0105 IDF pulkinink\u0119 leitenant\u0119.<\/p>\n<p>Jie turi s\u016bn\u0173 ir dvi dukras.<\/p>\n<\/div>\n<\/div>\n<\/div>\n<p>\u0160is \u017eingsnis priimtas po to, kai Izraelio specialiosios paj\u0117gos parei\u0161k\u0117 surengusios reid\u0105 \u201eHezbollah\u201c teroristiniame komplekse, kuriame buvo daug raket\u0173, raket\u0173 paleidimo \u012frengini\u0173 ir sprogmen\u0173.<\/p>\n<p>IDF parei\u0161kime sakoma: \u201eHezbollah ketino panaudoti \u0161\u012f kompleks\u0105, kad planuot\u0173 ir \u012fvykdyt\u0173 infiltracij\u0105 \u012f Izraelio teritorij\u0105 ir i\u0161puolius prie\u0161 IDF karius.<\/p>\n<p>\u201eVie\u0161butyje kariai \u012freng\u0117 po\u017eemin\u0119 infrastrukt\u016br\u0105 ir sl\u0117ptuves, apr\u016bpintas logistikos ir medicinos reikmenimis ilgalaikiam vie\u0161nagei, karines palapines, ginklais prikrautas duobes.<\/p>\n<p>\u201eKariai taip pat nustat\u0117 ir sunaikino raket\u0173 paleidimo \u012frenginius, didelio galingumo sprogmenis, paruo\u0161tus aktyvuoti, prie\u0161tankines raketas, minosvaid\u017ei\u0173 sviedinius, \u0161autuvus AK-47, raketas \u201e\u017eem\u0117-oras\u201c ir paleidimo \u012frengin\u012f, pasl\u0117pt\u0105 kalne ant keli\u0173 metr\u0173 trasa, nukreipta tiesiai \u012f civili\u0173 bendruomenes \u0161iaur\u0117s Izraelyje\u201c.<\/p>\n<p>Izraelis ver\u017eiasi \u012f Liban\u0105, nes tvirtina, kad siekia pa\u0161alinti \u201eHezbollah\u201c i\u0161 netoli pietin\u0117s sienos.<\/p>\n<p>Kariai \u0161alies pietuose rado daugyb\u0119 teroristini\u0173 tuneli\u0173, j\u0173 teigimu, \u201eHezbollah\u201c naudojosi kaip sustojimo ta\u0161kais.<\/p>\n<p>Tuneliuose IDF kariai randa ginkl\u0173, drabu\u017ei\u0173 ir maisto, tod\u0117l kovotojai gali ten gyventi i\u0161tisus m\u0117nesius.<\/p>\n<p>Reido filmuota med\u017eiaga buvo paskelbta po to, kai Izraelis toliau naikino teroristini\u0173 grupuo\u010di\u0173, su kuriomis kovoja, lyderius.<\/p>\n<p>\u0160e\u0161tadien\u012f buvo i\u0161leistas dar vienas klipas, kuriame kariai Libane su\u010diupo auk\u0161\u010diausi\u0105 \u201eHizbollah\u201c terorist\u0173 vad\u0105 ir pab\u0117ga greitaeigiu kateriu.<\/p>\n<p>IDF karinio j\u016br\u0173 laivyno komandos u\u017efiksavo pareig\u016bn\u0105, lyjant \u012f\u017e\u016bliam lietui \u0161alies \u0161iaur\u0117je, siaut\u0117jant kovoms pietuose.<\/p>\n<p>Imad\u0105 Amhaz\u0105 IDF laik\u0117 \u201esvarbiu \u017eini\u0173 \u0161altiniu\u201c teroristin\u0117s grupuot\u0117s karin\u0117se j\u016br\u0173 paj\u0117gose.<\/p>\n<p>Libano vie\u0161\u0173j\u0173 darb\u0173 ir transporto ministras Ali Hamie tvirtino, kad Amhazas buvo tik civilini\u0173 laiv\u0173 kapitonas.<\/p>\n<p>Izraelio kariuomen\u0117 \u0161e\u0161tadien\u012f taip pat prane\u0161\u0117, kad Piet\u0173 Libane nu\u017eud\u0117 \u201eHezbollah\u201c Nasser brigados raket\u0173 padalinio vad\u0105 ir kad jis buvo atsakingas u\u017e kelias atakas prie\u0161 Izrael\u012f.<\/p>\n<p>Pagrobimo klipas buvo paskelbtas pra\u0117jus vos dienai po to, kai IDF pavie\u0161ino filmuot\u0105 med\u017eiag\u0105, kurioje u\u017efiksuotas Hamas lyderis, va\u017eiuojantis per Gaz\u0105.<\/p>\n<p>Izzas al-Dinas Kassabas \u017euvo kartu su kitu \u201eHamas\u201c pareig\u016bnu, vardu Ayman Ayesh, per Izraelio sm\u016bg\u012f j\u0173 automobiliui Khan Younis mieste.<\/p>\n<h2 class=\"wp-block-heading\"><span class=\"ez-toc-section\" id=\"%E2%80%9EHezbollah%E2%80%9C_paskelbe_nauja_lyderi\"><\/span>\u201eHezbollah\u201c paskelb\u0117 nauj\u0105 lyder\u012f<span class=\"ez-toc-section-end\"><\/span><\/h2>\n<p>Pra\u0117jusi\u0105 savait\u0119 \u201eHezbollah\u201c savo nauj\u0105j\u012f bos\u0105 pavadino Naimu Qassemu \u2013 senstu teroristu, kuris \u0161\u012f m\u0117nes\u012f pasak\u0117 \u0161iurpi\u0105 kalb\u0105 ir pa\u017ead\u0117jo kovoti toliau.<\/p>\n<p>Qassemas, buv\u0119s lyderio pavaduotojas, pakei\u010dia Hassan\u0105 Nasrallah, kur\u012f pra\u0117jus\u012f m\u0117nes\u012f nukov\u0117 Izraelis per did\u017eiulius oro antskryd\u017eius Beirutui.<\/p>\n<p>Jo \u012fstojimas \u012f Hezbollah vir\u0161\u016bn\u0119 pavers j\u012f vadu <span id=\"43a99816-fb27-4292-8856-bd8e1ad9e9a3\" class=\"suggested-link\">taikinys<\/span> Izraelio \u017eudikams, kurie jau nu\u017eud\u0117 de\u0161imtis terorist\u0173 vad\u0173 Libane ir Gazos ruo\u017ee.<\/p>\n<p>Jis perima vadeles, kai \u201eHezbollah\u201c ginasi nuo Izraelio invazijos Libano pietuose.<\/p>\n<p>Kai Qassemas buvo paskirtas, Izraelio gynybos ministras Yoavas Gollantas sak\u0117: \u201ePaskyrimas laikinas. <span id=\"a6b564d4-ae29-494e-a3d6-17401848f76f\" class=\"suggested-link\">atgalinis skai\u010diavimas<\/span> prasid\u0117jo\u201c.<\/p>\n<figure class=\"article__media\">\n<div class=\"article__media-img-container open-gallery\" data-index=\"4\"><img decoding=\"async\" alt=\"Izraelis Katzas anks\u010diau buvo Izraelio u\u017esienio reikal\u0173 ministras\" height=\"640\" width=\"960\" data-credit=\"AFP\" src=\"https:\/\/www.thesun.co.uk\/wp-content\/uploads\/2024\/11\/israels-foreign-minister-israel-katz-946796570.jpg?strip=all&amp;w=960\" sizes=\"auto, (max-width: 375px) 335px, (max-width: 520px) 480px, 620px\" srcset=\"https:\/\/www.thesun.co.uk\/wp-content\/uploads\/2024\/11\/israels-foreign-minister-israel-katz-946796570.jpg?w=335 335w, https:\/\/www.thesun.co.uk\/wp-content\/uploads\/2024\/11\/israels-foreign-minister-israel-katz-946796570.jpg?w=480 480w, https:\/\/www.thesun.co.uk\/wp-content\/uploads\/2024\/11\/israels-foreign-minister-israel-katz-946796570.jpg?w=620 620w, https:\/\/www.thesun.co.uk\/wp-content\/uploads\/2024\/11\/israels-foreign-minister-israel-katz-946796570.jpg?w=670 670w, https:\/\/www.thesun.co.uk\/wp-content\/uploads\/2024\/11\/israels-foreign-minister-israel-katz-946796570.jpg?w=960 960w, https:\/\/www.thesun.co.uk\/wp-content\/uploads\/2024\/11\/israels-foreign-minister-israel-katz-946796570.jpg?w=1240 1240w, https:\/\/www.thesun.co.uk\/wp-content\/uploads\/2024\/11\/israels-foreign-minister-israel-katz-946796570.jpg?w=1005 1005w, https:\/\/www.thesun.co.uk\/wp-content\/uploads\/2024\/11\/israels-foreign-minister-israel-katz-946796570.jpg?w=1440 1440w, https:\/\/www.thesun.co.uk\/wp-content\/uploads\/2024\/11\/israels-foreign-minister-israel-katz-946796570.jpg?w=1860 1860w, https:\/\/www.thesun.co.uk\/wp-content\/uploads\/2024\/11\/israels-foreign-minister-israel-katz-946796570.jpg?w=1340 1340w, https:\/\/www.thesun.co.uk\/wp-content\/uploads\/2024\/11\/israels-foreign-minister-israel-katz-946796570.jpg?w=1920 1920w, https:\/\/www.thesun.co.uk\/wp-content\/uploads\/2024\/11\/israels-foreign-minister-israel-katz-946796570.jpg?w=2480 2480w\" loading=\"lazy\" role=\"img\"\/><\/p>\n<p><span class=\"article__gallery-count-value\">5<\/span><\/p>\n<\/div><figcaption class=\"article__media-caption\"><span class=\"article__media-span\">Izraelis Katzas anks\u010diau buvo Izraelio u\u017esienio reikal\u0173 ministras<\/span><span class=\"article__credit\">Kreditas: AFP<\/span><\/figcaption><\/figure>\n<figure class=\"article__media\">\n<div class=\"article__media-img-container open-gallery\" data-index=\"5\"><img decoding=\"async\" alt=\"Izraelio ministras pirmininkas Benjaminas Netanyahu paliko ir Yoav Gallant 2023 m. spalio m\u0117n.\" height=\"640\" width=\"960\" data-credit=\"EPA\" src=\"https:\/\/www.thesun.co.uk\/wp-content\/uploads\/2024\/11\/2024-fired-defense-minister-yoav-946792840.jpg?strip=all&amp;w=960\" sizes=\"auto, (max-width: 375px) 335px, (max-width: 520px) 480px, 620px\" srcset=\"https:\/\/www.thesun.co.uk\/wp-content\/uploads\/2024\/11\/2024-fired-defense-minister-yoav-946792840.jpg?w=335 335w, https:\/\/www.thesun.co.uk\/wp-content\/uploads\/2024\/11\/2024-fired-defense-minister-yoav-946792840.jpg?w=480 480w, https:\/\/www.thesun.co.uk\/wp-content\/uploads\/2024\/11\/2024-fired-defense-minister-yoav-946792840.jpg?w=620 620w, https:\/\/www.thesun.co.uk\/wp-content\/uploads\/2024\/11\/2024-fired-defense-minister-yoav-946792840.jpg?w=670 670w, https:\/\/www.thesun.co.uk\/wp-content\/uploads\/2024\/11\/2024-fired-defense-minister-yoav-946792840.jpg?w=960 960w, https:\/\/www.thesun.co.uk\/wp-content\/uploads\/2024\/11\/2024-fired-defense-minister-yoav-946792840.jpg?w=1240 1240w, https:\/\/www.thesun.co.uk\/wp-content\/uploads\/2024\/11\/2024-fired-defense-minister-yoav-946792840.jpg?w=1005 1005w, https:\/\/www.thesun.co.uk\/wp-content\/uploads\/2024\/11\/2024-fired-defense-minister-yoav-946792840.jpg?w=1440 1440w, https:\/\/www.thesun.co.uk\/wp-content\/uploads\/2024\/11\/2024-fired-defense-minister-yoav-946792840.jpg?w=1860 1860w, https:\/\/www.thesun.co.uk\/wp-content\/uploads\/2024\/11\/2024-fired-defense-minister-yoav-946792840.jpg?w=1340 1340w, https:\/\/www.thesun.co.uk\/wp-content\/uploads\/2024\/11\/2024-fired-defense-minister-yoav-946792840.jpg?w=1920 1920w, https:\/\/www.thesun.co.uk\/wp-content\/uploads\/2024\/11\/2024-fired-defense-minister-yoav-946792840.jpg?w=2480 2480w\" loading=\"lazy\" role=\"img\"\/><\/p>\n<p><span class=\"article__gallery-count-value\">5<\/span><\/p>\n<\/div><figcaption class=\"article__media-caption\"><span class=\"article__media-span\">Izraelio ministras pirmininkas Benjaminas Netanyahu paliko ir Yoav Gallant 2023 m. spalio m\u0117n.<\/span><span class=\"article__credit\">Kreditas: EPA<\/span><\/figcaption><\/figure>\n<\/div>\n<p><br \/>\n<br \/><a href=\"https:\/\/www.thesun.co.uk\/news\/31527518\/benjamin-netanyahu-fires-defence-minister-yoav-gallant\/\">Source link <\/a><\/p>\n","protected":false},"excerpt":{"rendered":"<p>IZRAELIO ministras pirmininkas Benjaminas Netanyahu pra\u0117jusi\u0105 nakt\u012f dramati\u0161kai atleido gynybos ministr\u0105 Yoav\u0105 Gallant\u0105, teigdamas, kad tarp j\u0173 kilo \u201epasitik\u0117jimo kriz\u0117\u201c. \u012etakinga pora susir\u0117m\u0117 d\u0117l 13 m\u0117nesi\u0173 Izraelio karo Gazoje tiksl\u0173, ta\u010diau B. Netanyahu teig\u0117, kad besit\u0119siantys nesutarimai galiausiai privert\u0117 j\u012f veikti. 5 Kairysis Benjaminas Netanyahu atleido savo gynybos ministr\u0105 Yoav\u0105 Gallant\u0105, \u010dia matyt\u0105 \u0161i\u0173 met\u0173 [&hellip;]<\/p>\n","protected":false},"author":1,"featured_media":998,"comment_status":"","ping_status":"","sticky":false,"template":"","format":"standard","meta":{"om_disable_all_campaigns":false,"_monsterinsights_skip_tracking":false,"_monsterinsights_sitenote_active":false,"_monsterinsights_sitenote_note":"","_monsterinsights_sitenote_category":0,"footnotes":""},"categories":[4],"tags":[1825,185,1824,1168,587,1822,1827,1826,1828,1823],"class_list":["post-997","post","type-post","status-publish","format-standard","has-post-thumbnail","hentry","category-pasaulio-naujienos","tag-baimei","tag-del","tag-didejant","tag-gynybos","tag-ministras","tag-netanyahu","tag-paplitusiu","tag-placiai","tag-protestu","tag-ugniagesiu"],"aioseo_notices":[],"_links":{"self":[{"href":"https:\/\/sekmesreceptas.lt\/index.php\/wp-json\/wp\/v2\/posts\/997","targetHints":{"allow":["GET"]}}],"collection":[{"href":"https:\/\/sekmesreceptas.lt\/index.php\/wp-json\/wp\/v2\/posts"}],"about":[{"href":"https:\/\/sekmesreceptas.lt\/index.php\/wp-json\/wp\/v2\/types\/post"}],"author":[{"embeddable":true,"href":"https:\/\/sekmesreceptas.lt\/index.php\/wp-json\/wp\/v2\/users\/1"}],"replies":[{"embeddable":true,"href":"https:\/\/sekmesreceptas.lt\/index.php\/wp-json\/wp\/v2\/comments?post=997"}],"version-history":[{"count":0,"href":"https:\/\/sekmesreceptas.lt\/index.php\/wp-json\/wp\/v2\/posts\/997\/revisions"}],"wp:featuredmedia":[{"embeddable":true,"href":"https:\/\/sekmesreceptas.lt\/index.php\/wp-json\/wp\/v2\/media\/998"}],"wp:attachment":[{"href":"https:\/\/sekmesreceptas.lt\/index.php\/wp-json\/wp\/v2\/media?parent=997"}],"wp:term":[{"taxonomy":"category","embeddable":true,"href":"https:\/\/sekmesreceptas.lt\/index.php\/wp-json\/wp\/v2\/categories?post=997"},{"taxonomy":"post_tag","embeddable":true,"href":"https:\/\/sekmesreceptas.lt\/index.php\/wp-json\/wp\/v2\/tags?post=997"}],"curies":[{"name":"wp","href":"https:\/\/api.w.org\/{rel}","templated":true}]}}